{"id":6396,"date":"2025-07-04T09:31:41","date_gmt":"2025-07-04T07:31:41","guid":{"rendered":"https:\/\/hotelmarinetta.it\/non-categorise\/villages-medievaux-toscane\/"},"modified":"2025-07-08T17:07:09","modified_gmt":"2025-07-08T15:07:09","slug":"villages-medievaux-toscane","status":"publish","type":"post","link":"https:\/\/hotelmarinetta.it\/fr\/blog\/villages-medievaux-toscane\/","title":{"rendered":"Villages m\u00e9di\u00e9vaux \u00e0 visiter en Toscane"},"content":{"rendered":"\t\t<div data-elementor-type=\"wp-post\" data-elementor-id=\"6396\" class=\"elementor elementor-6396 elementor-6150\" data-elementor-post-type=\"post\">\n\t\t\t\t<div class=\"elementor-element elementor-element-bda4490 e-con-full e-flex e-con e-parent\" data-id=\"bda4490\" data-element_type=\"container\" data-e-type=\"container\" data-settings=\"{&quot;background_background&quot;:&quot;classic&quot;}\">\n\t\t<div class=\"elementor-element elementor-element-72895f1 e-con-full e-flex e-con e-child\" data-id=\"72895f1\" data-element_type=\"container\" data-e-type=\"container\" data-settings=\"{&quot;background_background&quot;:&quot;classic&quot;}\">\n\t\t\t\t<\/div>\n\t\t<div class=\"elementor-element elementor-element-0ac362d e-con-full e-flex e-con e-child\" data-id=\"0ac362d\" data-element_type=\"container\" data-e-type=\"container\">\n\t\t<div class=\"elementor-element elementor-element-69c2c64 e-con-full e-flex e-con e-child\" data-id=\"69c2c64\" data-element_type=\"container\" data-e-type=\"container\" data-settings=\"{&quot;background_background&quot;:&quot;classic&quot;}\">\n\t\t\t\t<div class=\"elementor-element elementor-element-0140737 elementor-widget elementor-widget-post-info\" data-id=\"0140737\" data-element_type=\"widget\" data-e-type=\"widget\" data-widget_type=\"post-info.default\">\n\t\t\t\t<div class=\"elementor-widget-container\">\n\t\t\t\t\t\t\t<ul class=\"elementor-inline-items elementor-icon-list-items elementor-post-info\">\n\t\t\t\t\t\t\t\t<li class=\"elementor-icon-list-item elementor-repeater-item-5ae60b7 elementor-inline-item\" itemprop=\"about\">\n\t\t\t\t\t\t\t\t\t\t\t\t\t<span class=\"elementor-icon-list-text elementor-post-info__item elementor-post-info__item--type-terms\">\n\t\t\t\t\t\t\t\t\t\t<span class=\"elementor-post-info__terms-list\">\n\t\t\t\t<span class=\"elementor-post-info__terms-list-item\">Blog<\/span>\t\t\t\t<\/span>\n\t\t\t\t\t<\/span>\n\t\t\t\t\t\t\t\t<\/li>\n\t\t\t\t<\/ul>\n\t\t\t\t\t\t<\/div>\n\t\t\t\t<\/div>\n\t\t\t\t<\/div>\n\t\t\t\t<div class=\"elementor-element elementor-element-25835a0 elementor-widget elementor-widget-heading\" data-id=\"25835a0\" data-element_type=\"widget\" data-e-type=\"widget\" data-widget_type=\"heading.default\">\n\t\t\t\t<div class=\"elementor-widget-container\">\n\t\t\t\t\t<h1 class=\"elementor-heading-title elementor-size-default\">Villages m\u00e9di\u00e9vaux \u00e0 visiter en Toscane<\/h1>\t\t\t\t<\/div>\n\t\t\t\t<\/div>\n\t\t\t\t<div class=\"elementor-element elementor-element-a6c65d9 elementor-widget elementor-widget-heading\" data-id=\"a6c65d9\" data-element_type=\"widget\" data-e-type=\"widget\" data-widget_type=\"heading.default\">\n\t\t\t\t<div class=\"elementor-widget-container\">\n\t\t\t\t\t<h2 class=\"elementor-heading-title elementor-size-default\">Visitez les plus beaux villages m\u00e9di\u00e9vaux de Toscane avec l'H\u00f4tel Marinetta, vivez l'histoire parmi les ruelles et les vues, r\u00e9servez votre exp\u00e9rience maintenant.<\/h2>\t\t\t\t<\/div>\n\t\t\t\t<\/div>\n\t\t\t\t<\/div>\n\t\t\t\t<\/div>\n\t\t<div class=\"elementor-element elementor-element-36a403f e-flex e-con-boxed e-con e-parent\" data-id=\"36a403f\" data-element_type=\"container\" data-e-type=\"container\">\n\t\t\t\t\t<div class=\"e-con-inner\">\n\t\t<div class=\"elementor-element elementor-element-33c9c99 e-con-full e-flex e-con e-child\" data-id=\"33c9c99\" data-element_type=\"container\" data-e-type=\"container\">\n\t\t\t\t<div class=\"elementor-element elementor-element-a47878b elementor-widget elementor-widget-text-editor\" data-id=\"a47878b\" data-element_type=\"widget\" data-e-type=\"widget\" data-widget_type=\"text-editor.default\">\n\t\t\t\t<div class=\"elementor-widget-container\">\n\t\t\t\t\t\t\t\t\t<p>Les villages m\u00e9di\u00e9vaux, adoss\u00e9s aux collines et riches d&rsquo;une histoire mill\u00e9naire, poss\u00e8dent des rues pav\u00e9es, des \u00e9glises intimes, des palais \u00e0 tourelles, des \u00e9glises paroissiales et des ch\u00e2teaux, qui ravivent une \u00e9poque r\u00e9volue qui semble si proche ici. \u00c0 leurs pieds, la mer, \u00e2me de la C\u00f4te \u00c9trusque et toujours pr\u00e9sente, vit dans l&rsquo;histoire de ce territoire, dans ses paysages, colore les couchers de soleil et emplit l&rsquo;air de son parfum enivrant.<\/p>\n<p>C&rsquo;est une mer vivante et vitale, peupl\u00e9e d&rsquo;une faune pr\u00e9cieuse. Ses plages s&rsquo;enfoncent dans les pin\u00e8des et les bosquets de tilleuls et de tamaris, dont les parfums se m\u00ealent \u00e0 l&rsquo;odeur du sel. Et le maquis m\u00e9diterran\u00e9en, avec ses tomboli caract\u00e9ristiques qui s&rsquo;\u00e9tendent jusqu&rsquo;\u00e0 la plage pour presque rejoindre la mer cristalline.<\/p>\n\t\t\t\t\t\t\t\t<\/div>\n\t\t\t\t<\/div>\n\t\t\t\t<div class=\"elementor-element elementor-element-521c170 elementor-widget-divider--view-line elementor-widget elementor-widget-divider\" data-id=\"521c170\" data-element_type=\"widget\" data-e-type=\"widget\" data-widget_type=\"divider.default\">\n\t\t\t\t<div class=\"elementor-widget-container\">\n\t\t\t\t\t\t\t<div class=\"elementor-divider\">\n\t\t\t<span class=\"elementor-divider-separator\">\n\t\t\t\t\t\t<\/span>\n\t\t<\/div>\n\t\t\t\t\t\t<\/div>\n\t\t\t\t<\/div>\n\t\t\t\t<\/div>\n\t\t\t\t\t<\/div>\n\t\t\t\t<\/div>\n\t\t<div class=\"elementor-element elementor-element-efe08e5 e-flex e-con-boxed e-con e-parent\" data-id=\"efe08e5\" data-element_type=\"container\" data-e-type=\"container\" data-settings=\"{&quot;background_background&quot;:&quot;classic&quot;}\">\n\t\t\t\t\t<div class=\"e-con-inner\">\n\t\t<div class=\"elementor-element elementor-element-6219165 e-con-full e-flex e-con e-child\" data-id=\"6219165\" data-element_type=\"container\" data-e-type=\"container\" data-settings=\"{&quot;background_background&quot;:&quot;classic&quot;}\">\n\t\t\t\t<\/div>\n\t\t<div class=\"elementor-element elementor-element-f9f65fc e-con-full e-flex e-con e-child\" data-id=\"f9f65fc\" data-element_type=\"container\" data-e-type=\"container\">\n\t\t\t\t<div class=\"elementor-element elementor-element-64270ba elementor-widget elementor-widget-heading\" data-id=\"64270ba\" data-element_type=\"widget\" data-e-type=\"widget\" data-widget_type=\"heading.default\">\n\t\t\t\t<div class=\"elementor-widget-container\">\n\t\t\t\t\t<h2 class=\"elementor-heading-title elementor-size-default\">Montescudaio<\/h2>\t\t\t\t<\/div>\n\t\t\t\t<\/div>\n\t\t\t\t<div class=\"elementor-element elementor-element-2bea2ea elementor-widget elementor-widget-text-editor\" data-id=\"2bea2ea\" data-element_type=\"widget\" data-e-type=\"widget\" data-widget_type=\"text-editor.default\">\n\t\t\t\t<div class=\"elementor-widget-container\">\n\t\t\t\t\t\t\t\t\t<p>Le village de Montescudaio est nich\u00e9 dans les vestiges de ses anciens remparts\u00a0; les vestiges de son pass\u00e9 m\u00e9di\u00e9val sont encore visibles dans les ruelles pav\u00e9es et les maisons rustiques.<\/p>\n<p>Les remparts de la ville abritent d&rsquo;anciennes tours, dont la \u00ab\u00a0Torre Guardiola\u00a0\u00bb, d&rsquo;o\u00f9 l&rsquo;on peut admirer une vue magnifique sur le Val di Cecina.<\/p>\n<p>Montescudaio fait partie de l&rsquo;Association nationale des villes viticoles et poss\u00e8de sa propre DOC, qui englobe les communes du Val di Cecina, \u00e0 l&rsquo;exception de Volterra. En 1968, la F\u00eate du Vin a \u00e9t\u00e9 cr\u00e9\u00e9e (premier week-end d&rsquo;octobre), tandis qu&rsquo;en 1977, le vin a obtenu l&rsquo;appellation d&rsquo;origine contr\u00f4l\u00e9e (AOC) avec deux types\u00a0: un rouge \u00e0 base de Sangiovese, Trebbiano, Malvasia et autres c\u00e9pages, et un blanc \u00e0 base de Trebbiano, Malvasia et Vermentino, \u00e9galement produit en Vin Santo sec, demi-sec ou doux.<\/p>\n<p>En plus d&rsquo;\u00eatre la ville du vin, Montescudaio est aussi la ville du pain, le pain toscan classique non sal\u00e9 cuit au four \u00e0 bois.<\/p>\n\t\t\t\t\t\t\t\t<\/div>\n\t\t\t\t<\/div>\n\t\t\t\t<\/div>\n\t\t\t\t\t<\/div>\n\t\t\t\t<\/div>\n\t\t<div class=\"elementor-element elementor-element-67ef1e1 e-flex e-con-boxed e-con e-parent\" data-id=\"67ef1e1\" data-element_type=\"container\" data-e-type=\"container\" data-settings=\"{&quot;background_background&quot;:&quot;classic&quot;}\">\n\t\t\t\t\t<div class=\"e-con-inner\">\n\t\t<div class=\"elementor-element elementor-element-4d78f94 e-con-full e-flex e-con e-child\" data-id=\"4d78f94\" data-element_type=\"container\" data-e-type=\"container\" data-settings=\"{&quot;background_background&quot;:&quot;classic&quot;}\">\n\t\t\t\t<\/div>\n\t\t<div class=\"elementor-element elementor-element-92a380c e-con-full e-flex e-con e-child\" data-id=\"92a380c\" data-element_type=\"container\" data-e-type=\"container\">\n\t\t\t\t<div class=\"elementor-element elementor-element-e3c4c29 elementor-widget elementor-widget-heading\" data-id=\"e3c4c29\" data-element_type=\"widget\" data-e-type=\"widget\" data-widget_type=\"heading.default\">\n\t\t\t\t<div class=\"elementor-widget-container\">\n\t\t\t\t\t<h2 class=\"elementor-heading-title elementor-size-default\">Guardistallo<\/h2>\t\t\t\t<\/div>\n\t\t\t\t<\/div>\n\t\t\t\t<div class=\"elementor-element elementor-element-341bc76 elementor-widget elementor-widget-text-editor\" data-id=\"341bc76\" data-element_type=\"widget\" data-e-type=\"widget\" data-widget_type=\"text-editor.default\">\n\t\t\t\t<div class=\"elementor-widget-container\">\n\t\t\t\t\t\t\t\t\t<p>Au d\u00e9but du XXe si\u00e8cle, des tombes datant de l&rsquo;\u00c9n\u00e9olithique (3000-2000 av. J.-C.) ont \u00e9t\u00e9 d\u00e9couvertes, contenant principalement des haches, des poignards en cuivre et des pointes de fl\u00e8ches, t\u00e9moignant d&rsquo;une occupation pr\u00e9historique de la r\u00e9gion. Ces d\u00e9couvertes sont conserv\u00e9es au mus\u00e9e Guarnacci, \u00e0 Volterra, non loin de l\u00e0. Le toponyme Guardistallo, attest\u00e9 pour la premi\u00e8re fois en 1144, d\u00e9rive des mots germaniques warda (\u00ab garde \u00bb) et stall (\u00ab lieu \u00bb), signifiant probablement \u00ab lieu de garde \u00bb. Sa position strat\u00e9gique, entre la mer et les collines verdoyantes, fait de Guardistallo le lieu id\u00e9al pour des vacances alternant journ\u00e9es de d\u00e9tente en bord de mer et excursions dans l&rsquo;arri\u00e8re-pays, au plus pr\u00e8s de la nature. La r\u00e9gion est particuli\u00e8rement appr\u00e9ci\u00e9e pour son huile d&rsquo;olive, \u00e0 laquelle est d\u00e9di\u00e9e la Sagra della Crogiantina au printemps, o\u00f9 l&rsquo;on d\u00e9guste l&rsquo;huile crue, directement sur du pain. Guardistallo est aussi la ville aux mille cr\u00e8ches, install\u00e9es dans la vieille ville par les habitants et les \u00e9l\u00e8ves des \u00e9coles pendant la p\u00e9riode de No\u00ebl.<\/p>\n\t\t\t\t\t\t\t\t<\/div>\n\t\t\t\t<\/div>\n\t\t\t\t<\/div>\n\t\t\t\t\t<\/div>\n\t\t\t\t<\/div>\n\t\t<div class=\"elementor-element elementor-element-0af3e58 e-flex e-con-boxed e-con e-parent\" data-id=\"0af3e58\" data-element_type=\"container\" data-e-type=\"container\" data-settings=\"{&quot;background_background&quot;:&quot;classic&quot;}\">\n\t\t\t\t\t<div class=\"e-con-inner\">\n\t\t<div class=\"elementor-element elementor-element-4e230a6 e-con-full e-flex e-con e-child\" data-id=\"4e230a6\" data-element_type=\"container\" data-e-type=\"container\" data-settings=\"{&quot;background_background&quot;:&quot;classic&quot;}\">\n\t\t\t\t<\/div>\n\t\t<div class=\"elementor-element elementor-element-fbfb0d5 e-con-full e-flex e-con e-child\" data-id=\"fbfb0d5\" data-element_type=\"container\" data-e-type=\"container\">\n\t\t\t\t<div class=\"elementor-element elementor-element-822a408 elementor-widget elementor-widget-heading\" data-id=\"822a408\" data-element_type=\"widget\" data-e-type=\"widget\" data-widget_type=\"heading.default\">\n\t\t\t\t<div class=\"elementor-widget-container\">\n\t\t\t\t\t<h2 class=\"elementor-heading-title elementor-size-default\">Casale Marittimo<\/h2>\t\t\t\t<\/div>\n\t\t\t\t<\/div>\n\t\t\t\t<div class=\"elementor-element elementor-element-181df6f elementor-widget elementor-widget-text-editor\" data-id=\"181df6f\" data-element_type=\"widget\" data-e-type=\"widget\" data-widget_type=\"text-editor.default\">\n\t\t\t\t<div class=\"elementor-widget-container\">\n\t\t\t\t\t\t\t\t\t<p>Casale Marittimo se dresse sur une colline surplombant la vall\u00e9e de la rivi\u00e8re Cecina. La mer est \u00e0 seulement 12 kilom\u00e8tres et les \u00eeles de l&rsquo;archipel toscan sont clairement visibles depuis la c\u00f4te. Autour de la ville, et entre elle et la mer, s&rsquo;\u00e9tend une campagne richement cultiv\u00e9e qui produit des c\u00e9r\u00e9ales, de l&rsquo;huile, du miel et un excellent vin, le Montescudaio DOC. La ville fait partie de la Route du Vin de la C\u00f4te des \u00c9trusques, qui raconte l&rsquo;histoire d&rsquo;une r\u00e9gion caract\u00e9ris\u00e9e par des vestiges \u00e9trusques-romains et des villages m\u00e9di\u00e9vaux, des collines bois\u00e9es, des champs cultiv\u00e9s et des pentes, des paysages mariant le vert de la v\u00e9g\u00e9tation au bleu de la mer et offrant une offre gastronomique naturelle et savoureuse. Dans les environs, de r\u00e9centes fouilles arch\u00e9ologiques ont mis au jour les vestiges d&rsquo;un village \u00e9trusque du VIIe si\u00e8cle avant J.-C., ainsi que la n\u00e9cropole de Casa Nocera, un ensemble fun\u00e9raire de princes guerriers \u00e9trusques. Le village m\u00e9di\u00e9val est n\u00e9 vers l&rsquo;an 1000 et les traces de son histoire sont visibles dans le centre historique, rest\u00e9 presque intact, avec ses b\u00e2timents en pierre, le ch\u00e2teau (dont les vestiges sont int\u00e9gr\u00e9s au tissu urbain) et la structure semi-circulaire des remparts successifs. C&rsquo;est l&rsquo;une des villes du Val di Cecina qui conservent le mieux le trac\u00e9 du ch\u00e2teau m\u00e9di\u00e9val. L&rsquo;aspect du village m\u00e9di\u00e9val est bien pr\u00e9serv\u00e9 et la pr\u00e9servation des valeurs historiques a conduit \u00e0 la suppression de certaines modernisations des ann\u00e9es 1960, comme le rev\u00eatement en asphalte des rues, retir\u00e9 en 1989, r\u00e9v\u00e9lant l&rsquo;ancien pavage en gr\u00e8s.<\/p>\n\t\t\t\t\t\t\t\t<\/div>\n\t\t\t\t<\/div>\n\t\t\t\t<\/div>\n\t\t\t\t\t<\/div>\n\t\t\t\t<\/div>\n\t\t<div class=\"elementor-element elementor-element-6454279 e-flex e-con-boxed e-con e-parent\" data-id=\"6454279\" data-element_type=\"container\" data-e-type=\"container\" data-settings=\"{&quot;background_background&quot;:&quot;classic&quot;}\">\n\t\t\t\t\t<div class=\"e-con-inner\">\n\t\t<div class=\"elementor-element elementor-element-593846c e-con-full e-flex e-con e-child\" data-id=\"593846c\" data-element_type=\"container\" data-e-type=\"container\" data-settings=\"{&quot;background_background&quot;:&quot;classic&quot;}\">\n\t\t\t\t<\/div>\n\t\t<div class=\"elementor-element elementor-element-13fdfa7 e-con-full e-flex e-con e-child\" data-id=\"13fdfa7\" data-element_type=\"container\" data-e-type=\"container\">\n\t\t\t\t<div class=\"elementor-element elementor-element-8359af6 elementor-widget elementor-widget-heading\" data-id=\"8359af6\" data-element_type=\"widget\" data-e-type=\"widget\" data-widget_type=\"heading.default\">\n\t\t\t\t<div class=\"elementor-widget-container\">\n\t\t\t\t\t<h2 class=\"elementor-heading-title elementor-size-default\">Montenero<\/h2>\t\t\t\t<\/div>\n\t\t\t\t<\/div>\n\t\t\t\t<div class=\"elementor-element elementor-element-19e8604 elementor-widget elementor-widget-text-editor\" data-id=\"19e8604\" data-element_type=\"widget\" data-e-type=\"widget\" data-widget_type=\"text-editor.default\">\n\t\t\t\t<div class=\"elementor-widget-container\">\n\t\t\t\t\t\t\t\t\t<p>Situ\u00e9 sur une colline surplombant la mer et le port de Livourne, c&rsquo;est l&rsquo;un des lieux les plus c\u00e9l\u00e8bres de Toscane, notamment gr\u00e2ce \u00e0 son c\u00e9l\u00e8bre sanctuaire d\u00e9di\u00e9 \u00e0 la Madonna delle Grazie. On raconte qu&rsquo;un berger infirme aurait trouv\u00e9, vers 1345, une image miraculeuse qui demandait \u00e0 \u00eatre transport\u00e9e sur la colline de Montenero. Entendant la voix, le berger ob\u00e9it et, arriv\u00e9 au sommet de la colline, il fut gu\u00e9ri. Depuis lors, cette image de la Vierge n&rsquo;a cess\u00e9 d&rsquo;\u00eatre une source de d\u00e9votion et de gr\u00e2ce pour tous ceux qui s&rsquo;y tournent ; le sanctuaire qui y est n\u00e9 est un lieu de p\u00e8lerinage et de visite pour un grand nombre de personnes. Des panoramas enchanteurs s&rsquo;offrent \u00e0 l&rsquo;\u0153il des observateurs. De l\u00e0, le regard s&rsquo;\u00e9tend jusqu&rsquo;au rocher de la Meloria, lieu m\u00e9morable pour la trahison du comte Ugolin (1284) et la c\u00e9l\u00e8bre bataille entre G\u00eanes et Pise, mais aussi jusqu&rsquo;\u00e0 la plaine de Livourne, son port et celui de Pise. Au sud, on aper\u00e7oit l&rsquo;\u00eele d&rsquo;Elbe, la Corse et la Sardaigne\u00a0: ses couchers de soleil sont magnifiques. Le nom \u00ab\u00a0Montenero\u00a0\u00bb vient d&rsquo;une vieille l\u00e9gende qui qualifiait cet endroit de montagne sombre, peut-\u00eatre parce qu&rsquo;il \u00e9tait couvert de cr\u00eates escarp\u00e9es et infest\u00e9 de bandits qui, selon toute vraisemblance, attendaient ici l&rsquo;arriv\u00e9e des navires pour attaquer.<\/p>\n\t\t\t\t\t\t\t\t<\/div>\n\t\t\t\t<\/div>\n\t\t\t\t<\/div>\n\t\t\t\t\t<\/div>\n\t\t\t\t<\/div>\n\t\t<div class=\"elementor-element elementor-element-1ad2f67 e-flex e-con-boxed e-con e-parent\" data-id=\"1ad2f67\" data-element_type=\"container\" data-e-type=\"container\" data-settings=\"{&quot;background_background&quot;:&quot;classic&quot;}\">\n\t\t\t\t\t<div class=\"e-con-inner\">\n\t\t<div class=\"elementor-element elementor-element-03963a5 e-con-full e-flex e-con e-child\" data-id=\"03963a5\" data-element_type=\"container\" data-e-type=\"container\" data-settings=\"{&quot;background_background&quot;:&quot;classic&quot;}\">\n\t\t\t\t<\/div>\n\t\t<div class=\"elementor-element elementor-element-dc0e12a e-con-full e-flex e-con e-child\" data-id=\"dc0e12a\" data-element_type=\"container\" data-e-type=\"container\">\n\t\t\t\t<div class=\"elementor-element elementor-element-c5b64d2 elementor-widget elementor-widget-heading\" data-id=\"c5b64d2\" data-element_type=\"widget\" data-e-type=\"widget\" data-widget_type=\"heading.default\">\n\t\t\t\t<div class=\"elementor-widget-container\">\n\t\t\t\t\t<h2 class=\"elementor-heading-title elementor-size-default\">Bibbona<\/h2>\t\t\t\t<\/div>\n\t\t\t\t<\/div>\n\t\t\t\t<div class=\"elementor-element elementor-element-341f376 elementor-widget elementor-widget-text-editor\" data-id=\"341f376\" data-element_type=\"widget\" data-e-type=\"widget\" data-widget_type=\"text-editor.default\">\n\t\t\t\t<div class=\"elementor-widget-container\">\n\t\t\t\t\t\t\t\t\t<p>Nich\u00e9 dans un environnement naturel d&rsquo;une rare beaut\u00e9, Bibbona poss\u00e8de le charme d&rsquo;un ancien village m\u00e9di\u00e9val, immerg\u00e9 dans la verdure des bois et de la campagne.<br \/>Il a conserv\u00e9 la structure architecturale de l&rsquo;ancienne forteresse habit\u00e9e. Dans le centre historique, o\u00f9 se croisent ruelles et places m\u00e9di\u00e9vales caract\u00e9ristiques, la Pieve di San Ilario, datant du XIe si\u00e8cle, avec sa forme trap\u00e9zo\u00efdale originale, est particuli\u00e8rement int\u00e9ressante pour sa beaut\u00e9.<br \/>On dit que Bibbona \u00e9tait l&rsquo;un des ch\u00e2teaux les plus puissants de la Maremme, entour\u00e9 de remparts \u00e0 tourelles et d\u00e9fendu par de profonds foss\u00e9s.<br \/>C&rsquo;est ainsi qu&rsquo;il appara\u00eet en p\u00e9n\u00e9trant dans le d\u00e9dale de ruelles m\u00e9di\u00e9vales, o\u00f9 \u00e9mergent des typologies de b\u00e2timents de diff\u00e9rentes \u00e9poques et o\u00f9 se dresse l&rsquo;\u00e9glise San Ilario du XIe si\u00e8cle.<br \/>Bibbona est une destination privil\u00e9gi\u00e9e pour le cyclotourisme, tant sur route qu&rsquo;en VTT. Le champion Paolo Bettini y est n\u00e9 et y vit, et c&rsquo;est ici que se d\u00e9roule le \u00ab\u00a0Gran Fondo Costa degli Etruschi\u00a0\u00bb.<\/p>\n\t\t\t\t\t\t\t\t<\/div>\n\t\t\t\t<\/div>\n\t\t\t\t<\/div>\n\t\t\t\t\t<\/div>\n\t\t\t\t<\/div>\n\t\t<div class=\"elementor-element elementor-element-44dee14 e-flex e-con-boxed e-con e-parent\" data-id=\"44dee14\" data-element_type=\"container\" data-e-type=\"container\" data-settings=\"{&quot;background_background&quot;:&quot;classic&quot;}\">\n\t\t\t\t\t<div class=\"e-con-inner\">\n\t\t<div class=\"elementor-element elementor-element-c356b8a e-con-full e-flex e-con e-child\" data-id=\"c356b8a\" data-element_type=\"container\" data-e-type=\"container\" data-settings=\"{&quot;background_background&quot;:&quot;classic&quot;}\">\n\t\t\t\t<\/div>\n\t\t<div class=\"elementor-element elementor-element-0e2b326 e-con-full e-flex e-con e-child\" data-id=\"0e2b326\" data-element_type=\"container\" data-e-type=\"container\">\n\t\t\t\t<div class=\"elementor-element elementor-element-7d32de3 elementor-widget elementor-widget-heading\" data-id=\"7d32de3\" data-element_type=\"widget\" data-e-type=\"widget\" data-widget_type=\"heading.default\">\n\t\t\t\t<div class=\"elementor-widget-container\">\n\t\t\t\t\t<h2 class=\"elementor-heading-title elementor-size-default\">Bolgheri<\/h2>\t\t\t\t<\/div>\n\t\t\t\t<\/div>\n\t\t\t\t<div class=\"elementor-element elementor-element-9da8d57 elementor-widget elementor-widget-text-editor\" data-id=\"9da8d57\" data-element_type=\"widget\" data-e-type=\"widget\" data-widget_type=\"text-editor.default\">\n\t\t\t\t<div class=\"elementor-widget-container\">\n\t\t\t\t\t\t\t\t\t<p>Immortalis\u00e9 par les vers de Giosu\u00e8 Carducci dans le po\u00e8me \u00ab\u00a0Davanti a San Guido\u00a0\u00bb\u00a0: \u00ab\u00a0I cipressi che a Bolgheri alti e schietti van da San Guido in duplice filar\u2026\u00a0\u00bb, ce village ancien d\u00e9gage un charme unique.<br \/>\u00c0 deux pas de la mer, immerg\u00e9 dans une campagne riche en vignes et en oliviers, le village, \u00e0 l&rsquo;harmonie architecturale exemplaire, se caract\u00e9rise par son ch\u00e2teau en briques rouges d&rsquo;o\u00f9 l&rsquo;on acc\u00e8de au village, par ses ruelles pav\u00e9es et ses anciennes b\u00e2tisses en pierre, orn\u00e9es de g\u00e9raniums.<br \/>Des couchers de soleil dor\u00e9s et des vols d&rsquo;hirondelles \u00e9gayent le ciel.<br \/>Des ateliers d&rsquo;artisans, des cavistes, des tavernes et des restaurants r\u00e9put\u00e9s proposent des produits typiques et la tradition gastronomique de ce terroir, accompagn\u00e9s des splendides vins de la DOC Bolgheri.<\/p>\n\t\t\t\t\t\t\t\t<\/div>\n\t\t\t\t<\/div>\n\t\t\t\t<\/div>\n\t\t\t\t\t<\/div>\n\t\t\t\t<\/div>\n\t\t<div class=\"elementor-element elementor-element-cf389b4 e-flex e-con-boxed e-con e-parent\" data-id=\"cf389b4\" data-element_type=\"container\" data-e-type=\"container\" data-settings=\"{&quot;background_background&quot;:&quot;classic&quot;}\">\n\t\t\t\t\t<div class=\"e-con-inner\">\n\t\t<div class=\"elementor-element elementor-element-7f51f13 e-con-full e-flex e-con e-child\" data-id=\"7f51f13\" data-element_type=\"container\" data-e-type=\"container\" data-settings=\"{&quot;background_background&quot;:&quot;classic&quot;}\">\n\t\t\t\t<\/div>\n\t\t<div class=\"elementor-element elementor-element-0b582cb e-con-full e-flex e-con e-child\" data-id=\"0b582cb\" data-element_type=\"container\" data-e-type=\"container\">\n\t\t\t\t<div class=\"elementor-element elementor-element-6700a6d elementor-widget elementor-widget-heading\" data-id=\"6700a6d\" data-element_type=\"widget\" data-e-type=\"widget\" data-widget_type=\"heading.default\">\n\t\t\t\t<div class=\"elementor-widget-container\">\n\t\t\t\t\t<h2 class=\"elementor-heading-title elementor-size-default\">Castagneto Carducci<\/h2>\t\t\t\t<\/div>\n\t\t\t\t<\/div>\n\t\t\t\t<div class=\"elementor-element elementor-element-bb39723 elementor-widget elementor-widget-text-editor\" data-id=\"bb39723\" data-element_type=\"widget\" data-e-type=\"widget\" data-widget_type=\"text-editor.default\">\n\t\t\t\t<div class=\"elementor-widget-container\">\n\t\t\t\t\t\t\t\t\t<p>Sassetta, charmant petit village historique de la C\u00f4te des \u00c9trusques et ancien ch\u00e2teau m\u00e9di\u00e9val, conserve des vestiges de son pass\u00e9, comme le palais de la famille Ramirez di Montalvo.<\/p>\n<p>Dans les bois verdoyants, riches en itin\u00e9raires de randonn\u00e9e et sentiers am\u00e9nag\u00e9s pour la marche, le v\u00e9lo et l&rsquo;\u00e9quitation, l&rsquo;agritourisme et la vente de produits typiques prosp\u00e8rent. Des plats savoureux et authentiques, accompagn\u00e9s des excellents vins de la C\u00f4te des \u00c9trusques, caract\u00e9risent la gastronomie de Sassetta, mise en avant lors des f\u00eates d&rsquo;automne.<\/p>\n<p>La ville est l&rsquo;un des plus importants producteurs de bruy\u00e8re, le bois n\u00e9cessaire \u00e0 la fabrication des pipes. La bruy\u00e8re utilis\u00e9e pour la production des esquisses et des assiettes est enti\u00e8rement d&rsquo;origine italienne, issue de bois soigneusement s\u00e9lectionn\u00e9s, dont sont extraites des grumes de haute qualit\u00e9.<\/p>\n\t\t\t\t\t\t\t\t<\/div>\n\t\t\t\t<\/div>\n\t\t\t\t<\/div>\n\t\t\t\t\t<\/div>\n\t\t\t\t<\/div>\n\t\t<div class=\"elementor-element elementor-element-a097153 e-flex e-con-boxed e-con e-parent\" data-id=\"a097153\" data-element_type=\"container\" data-e-type=\"container\" data-settings=\"{&quot;background_background&quot;:&quot;classic&quot;}\">\n\t\t\t\t\t<div class=\"e-con-inner\">\n\t\t<div class=\"elementor-element elementor-element-7feb1b6 e-con-full e-flex e-con e-child\" data-id=\"7feb1b6\" data-element_type=\"container\" data-e-type=\"container\" data-settings=\"{&quot;background_background&quot;:&quot;classic&quot;}\">\n\t\t\t\t<\/div>\n\t\t<div class=\"elementor-element elementor-element-7f4d8ea e-con-full e-flex e-con e-child\" data-id=\"7f4d8ea\" data-element_type=\"container\" data-e-type=\"container\">\n\t\t\t\t<div class=\"elementor-element elementor-element-ffc9dfb elementor-widget elementor-widget-heading\" data-id=\"ffc9dfb\" data-element_type=\"widget\" data-e-type=\"widget\" data-widget_type=\"heading.default\">\n\t\t\t\t<div class=\"elementor-widget-container\">\n\t\t\t\t\t<h2 class=\"elementor-heading-title elementor-size-default\">Sassetta<\/h2>\t\t\t\t<\/div>\n\t\t\t\t<\/div>\n\t\t\t\t<div class=\"elementor-element elementor-element-2176e1f elementor-widget elementor-widget-text-editor\" data-id=\"2176e1f\" data-element_type=\"widget\" data-e-type=\"widget\" data-widget_type=\"text-editor.default\">\n\t\t\t\t<div class=\"elementor-widget-container\">\n\t\t\t\t\t\t\t\t\t<p>Sassetta, charmant petit village historique de la C\u00f4te des \u00c9trusques et ancien ch\u00e2teau m\u00e9di\u00e9val, conserve des vestiges de son pass\u00e9, comme le palais de la famille Ramirez di Montalvo.<\/p>\n<p>Dans les bois verdoyants, riches en itin\u00e9raires de randonn\u00e9e et sentiers am\u00e9nag\u00e9s pour la marche, le v\u00e9lo et l&rsquo;\u00e9quitation, l&rsquo;agritourisme et la vente de produits typiques prosp\u00e8rent. Des plats savoureux et authentiques, accompagn\u00e9s des excellents vins de la C\u00f4te des \u00c9trusques, caract\u00e9risent la gastronomie de Sassetta, mise en avant lors des f\u00eates d&rsquo;automne.<\/p>\n<p>La ville est l&rsquo;un des plus importants producteurs de bruy\u00e8re, le bois n\u00e9cessaire \u00e0 la fabrication des pipes. La bruy\u00e8re utilis\u00e9e pour la production des esquisses et des assiettes est enti\u00e8rement d&rsquo;origine italienne, issue de bois soigneusement s\u00e9lectionn\u00e9s, dont sont extraites des grumes de haute qualit\u00e9.<\/p>\n\t\t\t\t\t\t\t\t<\/div>\n\t\t\t\t<\/div>\n\t\t\t\t<\/div>\n\t\t\t\t\t<\/div>\n\t\t\t\t<\/div>\n\t\t<div class=\"elementor-element elementor-element-e06b661 e-flex e-con-boxed e-con e-parent\" data-id=\"e06b661\" data-element_type=\"container\" data-e-type=\"container\" data-settings=\"{&quot;background_background&quot;:&quot;classic&quot;}\">\n\t\t\t\t\t<div class=\"e-con-inner\">\n\t\t<div class=\"elementor-element elementor-element-968e994 e-con-full e-flex e-con e-child\" data-id=\"968e994\" data-element_type=\"container\" data-e-type=\"container\" data-settings=\"{&quot;background_background&quot;:&quot;classic&quot;}\">\n\t\t\t\t<\/div>\n\t\t<div class=\"elementor-element elementor-element-99365ae e-con-full e-flex e-con e-child\" data-id=\"99365ae\" data-element_type=\"container\" data-e-type=\"container\">\n\t\t\t\t<div class=\"elementor-element elementor-element-27e9574 elementor-widget elementor-widget-heading\" data-id=\"27e9574\" data-element_type=\"widget\" data-e-type=\"widget\" data-widget_type=\"heading.default\">\n\t\t\t\t<div class=\"elementor-widget-container\">\n\t\t\t\t\t<h2 class=\"elementor-heading-title elementor-size-default\">Suvereto<\/h2>\t\t\t\t<\/div>\n\t\t\t\t<\/div>\n\t\t\t\t<div class=\"elementor-element elementor-element-22c5145 elementor-widget elementor-widget-text-editor\" data-id=\"22c5145\" data-element_type=\"widget\" data-e-type=\"widget\" data-widget_type=\"text-editor.default\">\n\t\t\t\t<div class=\"elementor-widget-container\">\n\t\t\t\t\t\t\t\t\t<p>Splendide village m\u00e9di\u00e9val, dont les origines remontent \u00e0 avant l&rsquo;an 1000, nich\u00e9 sur les pentes des collines surplombant la mer et la c\u00f4te \u00e9trusque, dans la vall\u00e9e verdoyante travers\u00e9e par la Cornia, riche d&rsquo;histoire et d&rsquo;art, Suvereto est un v\u00e9ritable joyau.<br \/>Le bourg renferme, \u00e0 l&rsquo;int\u00e9rieur de ses anciens remparts, des ruelles pav\u00e9es donnant sur des maisons en pierre, des b\u00e2timents historiques, des \u00e9glises au charme \u00e9vocateur et des clo\u00eetres ombrag\u00e9s.<br \/>Les anciennes traditions de Suvereto perdurent dans les m\u00e9tiers transmis de g\u00e9n\u00e9ration en g\u00e9n\u00e9ration. Le travail de la for\u00eat, de la campagne et des artisans t\u00e9moigne d&rsquo;une histoire s\u00e9culaire d&rsquo;engagement et de recherche\u00a0: charbonniers, li\u00e8geurs, charpentiers, forgerons, tisserands de paille, boulangers\u00a0: une riche tradition artisanale qui s&rsquo;exprime aujourd&rsquo;hui surtout dans le travail du fer et du bois.<br \/>Une muraille pentagonale ponctu\u00e9e de huit tours entoure le splendide centre historique de Suvereto. La Rocca, ancienne garnison du ch\u00e2teau, se dresse sur la colline surplombant la ville.<\/p>\n\t\t\t\t\t\t\t\t<\/div>\n\t\t\t\t<\/div>\n\t\t\t\t<\/div>\n\t\t\t\t\t<\/div>\n\t\t\t\t<\/div>\n\t\t<div class=\"elementor-element elementor-element-2f96a66 e-flex e-con-boxed e-con e-parent\" data-id=\"2f96a66\" data-element_type=\"container\" data-e-type=\"container\">\n\t\t\t\t\t<div class=\"e-con-inner\">\n\t\t\t\t<div class=\"elementor-element elementor-element-4036687 elementor-widget elementor-widget-template\" data-id=\"4036687\" data-element_type=\"widget\" data-e-type=\"widget\" data-widget_type=\"template.default\">\n\t\t\t\t<div class=\"elementor-widget-container\">\n\t\t\t\t\t\t\t<div class=\"elementor-template\">\n\t\t\t\t\t<div data-elementor-type=\"container\" data-elementor-id=\"8041\" class=\"elementor elementor-8041 elementor-3036 elementor-3036\" data-elementor-post-type=\"elementor_library\">\n\t\t\t\t<div class=\"elementor-element elementor-element-2c920f57 e-flex e-con-boxed e-con e-parent\" data-id=\"2c920f57\" data-element_type=\"container\" data-e-type=\"container\" data-settings=\"{&quot;background_background&quot;:&quot;classic&quot;}\">\n\t\t\t\t\t<div class=\"e-con-inner\">\n\t\t\t\t<div class=\"elementor-element elementor-element-53510f33 elementor-widget elementor-widget-heading\" data-id=\"53510f33\" data-element_type=\"widget\" data-e-type=\"widget\" data-widget_type=\"heading.default\">\n\t\t\t\t<div class=\"elementor-widget-container\">\n\t\t\t\t\t<h2 class=\"elementor-heading-title elementor-size-default\">Vous aimerez peut-\u00eatre aussi<\/h2>\t\t\t\t<\/div>\n\t\t\t\t<\/div>\n\t\t\t\t<div class=\"elementor-element elementor-element-cee16cc elementor-grid-4 elementor-grid-tablet-2 elementor-grid-mobile-1 elementor-posts--thumbnail-top elementor-widget elementor-widget-posts\" data-id=\"cee16cc\" data-element_type=\"widget\" data-e-type=\"widget\" data-settings=\"{&quot;classic_columns&quot;:&quot;4&quot;,&quot;classic_columns_tablet&quot;:&quot;2&quot;,&quot;classic_columns_mobile&quot;:&quot;1&quot;,&quot;classic_row_gap&quot;:{&quot;unit&quot;:&quot;px&quot;,&quot;size&quot;:35,&quot;sizes&quot;:[]},&quot;classic_row_gap_tablet&quot;:{&quot;unit&quot;:&quot;px&quot;,&quot;size&quot;:&quot;&quot;,&quot;sizes&quot;:[]},&quot;classic_row_gap_mobile&quot;:{&quot;unit&quot;:&quot;px&quot;,&quot;size&quot;:&quot;&quot;,&quot;sizes&quot;:[]}}\" data-widget_type=\"posts.classic\">\n\t\t\t\t<div class=\"elementor-widget-container\">\n\t\t\t\t\t\t\t<div class=\"elementor-posts-container elementor-posts elementor-posts--skin-classic elementor-grid\" role=\"list\">\n\t\t\t\t<article class=\"elementor-post elementor-grid-item post-10509 post type-post status-publish format-standard has-post-thumbnail hentry category-blog\" role=\"listitem\">\n\t\t\t\t<a class=\"elementor-post__thumbnail__link\" href=\"https:\/\/hotelmarinetta.it\/fr\/blog\/excursions-journee-villes-art-toscane\/\" tabindex=\"-1\" >\n\t\t\t<div class=\"elementor-post__thumbnail\"><img fetchpriority=\"high\" decoding=\"async\" data-src=\"https:\/\/hotelmarinetta.it\/wp-content\/uploads\/2026\/06\/Pisa-02-768x512.jpg\" width=\"768\" height=\"512\" src=\"data:image\/gif;base64,R0lGODlhAQABAIAAAAAAAP\/\/\/yH5BAEAAAAALAAAAAABAAEAAAIBRAA7\" class=\"attachment-medium_large size-medium_large wp-image-10502 lazyload\" alt=\"Pisa\" \/><noscript><img decoding=\"async\" width=\"768\" height=\"512\" src=\"https:\/\/hotelmarinetta.it\/wp-content\/uploads\/2026\/06\/Pisa-02-768x512.jpg\" class=\"attachment-medium_large size-medium_large wp-image-10502\" alt=\"Pisa\" srcset=\"https:\/\/hotelmarinetta.it\/wp-content\/uploads\/2026\/06\/Pisa-02-768x512.jpg 768w, https:\/\/hotelmarinetta.it\/wp-content\/uploads\/2026\/06\/Pisa-02-300x200.jpg 300w, https:\/\/hotelmarinetta.it\/wp-content\/uploads\/2026\/06\/Pisa-02-1024x682.jpg 1024w, https:\/\/hotelmarinetta.it\/wp-content\/uploads\/2026\/06\/Pisa-02.jpg 1280w\" sizes=\"(max-width: 768px) 100vw, 768px\" \/><\/noscript><\/div>\n\t\t<\/a>\n\t\t\t\t<div class=\"elementor-post__text\">\n\t\t\t\t<h3 class=\"elementor-post__title\">\n\t\t\t<a href=\"https:\/\/hotelmarinetta.it\/fr\/blog\/excursions-journee-villes-art-toscane\/\" >\n\t\t\t\tExcursions et villes d&rsquo;art pr\u00e8s de l&rsquo;H\u00f4tel Marinetta\t\t\t<\/a>\n\t\t<\/h3>\n\t\t\t\t<div class=\"elementor-post__excerpt\">\n\t\t\t<p>Florence, Sienne, Volterra et plus encore : excursions \u00e0 la journ\u00e9e depuis la C\u00f4te des \u00c9trusques. Vins, randonn\u00e9es et villes d&rsquo;art \u00e0 port\u00e9e de route.<\/p>\n\t\t<\/div>\n\t\t\t\t<\/div>\n\t\t\t\t<\/article>\n\t\t\t\t<article class=\"elementor-post elementor-grid-item post-10444 post type-post status-publish format-standard has-post-thumbnail hentry category-blog\" role=\"listitem\">\n\t\t\t\t<a class=\"elementor-post__thumbnail__link\" href=\"https:\/\/hotelmarinetta.it\/fr\/blog\/thermes-sassetta-excursion\/\" tabindex=\"-1\" >\n\t\t\t<div class=\"elementor-post__thumbnail\"><img decoding=\"async\" data-src=\"https:\/\/hotelmarinetta.it\/wp-content\/uploads\/2026\/06\/Terme-Sassetta-01-768x346.jpg\" width=\"768\" height=\"346\" src=\"data:image\/gif;base64,R0lGODlhAQABAIAAAAAAAP\/\/\/yH5BAEAAAAALAAAAAABAAEAAAIBRAA7\" class=\"attachment-medium_large size-medium_large wp-image-10416 lazyload\" alt=\"Terme di Sassetta\" \/><noscript><img loading=\"lazy\" decoding=\"async\" width=\"768\" height=\"346\" src=\"https:\/\/hotelmarinetta.it\/wp-content\/uploads\/2026\/06\/Terme-Sassetta-01-768x346.jpg\" class=\"attachment-medium_large size-medium_large wp-image-10416\" alt=\"Terme di Sassetta\" srcset=\"https:\/\/hotelmarinetta.it\/wp-content\/uploads\/2026\/06\/Terme-Sassetta-01-768x346.jpg 768w, https:\/\/hotelmarinetta.it\/wp-content\/uploads\/2026\/06\/Terme-Sassetta-01-300x135.jpg 300w, https:\/\/hotelmarinetta.it\/wp-content\/uploads\/2026\/06\/Terme-Sassetta-01-1024x461.jpg 1024w, https:\/\/hotelmarinetta.it\/wp-content\/uploads\/2026\/06\/Terme-Sassetta-01.jpg 1400w\" sizes=\"(max-width: 768px) 100vw, 768px\" \/><\/noscript><\/div>\n\t\t<\/a>\n\t\t\t\t<div class=\"elementor-post__text\">\n\t\t\t\t<h3 class=\"elementor-post__title\">\n\t\t\t<a href=\"https:\/\/hotelmarinetta.it\/fr\/blog\/thermes-sassetta-excursion\/\" >\n\t\t\t\tExcursion aux Thermes de Sassetta depuis Marina di Bibbona\t\t\t<\/a>\n\t\t<\/h3>\n\t\t\t\t<div class=\"elementor-post__excerpt\">\n\t\t\t<p>Les Thermes de Sassetta \u00e0 40 minutes de l&rsquo;H\u00f4tel Marinetta : piscines thermales et nature en Val di Cornia. Une excursion parfaite sur la C\u00f4te des \u00c9trusques.<\/p>\n\t\t<\/div>\n\t\t\t\t<\/div>\n\t\t\t\t<\/article>\n\t\t\t\t<article class=\"elementor-post elementor-grid-item post-6396 post type-post status-publish format-standard has-post-thumbnail hentry category-blog\" role=\"listitem\">\n\t\t\t\t<a class=\"elementor-post__thumbnail__link\" href=\"https:\/\/hotelmarinetta.it\/fr\/blog\/villages-medievaux-toscane\/\" tabindex=\"-1\" >\n\t\t\t<div class=\"elementor-post__thumbnail\"><img loading=\"lazy\" decoding=\"async\" data-src=\"https:\/\/hotelmarinetta.it\/wp-content\/uploads\/2025\/07\/Costa-Etruschi-Borghi-768x512.jpg\" width=\"768\" height=\"512\" src=\"data:image\/gif;base64,R0lGODlhAQABAIAAAAAAAP\/\/\/yH5BAEAAAAALAAAAAABAAEAAAIBRAA7\" class=\"attachment-medium_large size-medium_large wp-image-6078 lazyload\" alt=\"Borghi\" \/><noscript><img loading=\"lazy\" decoding=\"async\" width=\"768\" height=\"512\" src=\"https:\/\/hotelmarinetta.it\/wp-content\/uploads\/2025\/07\/Costa-Etruschi-Borghi-768x512.jpg\" class=\"attachment-medium_large size-medium_large wp-image-6078\" alt=\"Borghi\" srcset=\"https:\/\/hotelmarinetta.it\/wp-content\/uploads\/2025\/07\/Costa-Etruschi-Borghi-768x512.jpg 768w, https:\/\/hotelmarinetta.it\/wp-content\/uploads\/2025\/07\/Costa-Etruschi-Borghi-300x200.jpg 300w, https:\/\/hotelmarinetta.it\/wp-content\/uploads\/2025\/07\/Costa-Etruschi-Borghi.jpg 1024w\" sizes=\"(max-width: 768px) 100vw, 768px\" \/><\/noscript><\/div>\n\t\t<\/a>\n\t\t\t\t<div class=\"elementor-post__text\">\n\t\t\t\t<h3 class=\"elementor-post__title\">\n\t\t\t<a href=\"https:\/\/hotelmarinetta.it\/fr\/blog\/villages-medievaux-toscane\/\" >\n\t\t\t\tVillages m\u00e9di\u00e9vaux \u00e0 visiter en Toscane\t\t\t<\/a>\n\t\t<\/h3>\n\t\t\t\t<div class=\"elementor-post__excerpt\">\n\t\t\t<p>Visitez les plus beaux villages m\u00e9di\u00e9vaux de Toscane avec l&rsquo;H\u00f4tel Marinetta, vivez l&rsquo;histoire parmi les ruelles et les vues, r\u00e9servez votre exp\u00e9rience maintenant.<\/p>\n\t\t<\/div>\n\t\t\t\t<\/div>\n\t\t\t\t<\/article>\n\t\t\t\t<article class=\"elementor-post elementor-grid-item post-7012 post type-post status-publish format-standard has-post-thumbnail hentry category-blog\" role=\"listitem\">\n\t\t\t\t<a class=\"elementor-post__thumbnail__link\" href=\"https:\/\/hotelmarinetta.it\/fr\/blog\/meilleur-cote-etruscques\/\" tabindex=\"-1\" >\n\t\t\t<div class=\"elementor-post__thumbnail\"><img loading=\"lazy\" decoding=\"async\" data-src=\"https:\/\/hotelmarinetta.it\/wp-content\/uploads\/2025\/07\/Hd-CostaEtruschi-768x432.jpg\" width=\"768\" height=\"432\" src=\"data:image\/gif;base64,R0lGODlhAQABAIAAAAAAAP\/\/\/yH5BAEAAAAALAAAAAABAAEAAAIBRAA7\" class=\"attachment-medium_large size-medium_large wp-image-6086 lazyload\" alt=\"Costa Etruschi\" \/><noscript><img loading=\"lazy\" decoding=\"async\" width=\"768\" height=\"432\" src=\"https:\/\/hotelmarinetta.it\/wp-content\/uploads\/2025\/07\/Hd-CostaEtruschi-768x432.jpg\" class=\"attachment-medium_large size-medium_large wp-image-6086\" alt=\"Costa Etruschi\" srcset=\"https:\/\/hotelmarinetta.it\/wp-content\/uploads\/2025\/07\/Hd-CostaEtruschi-768x432.jpg 768w, https:\/\/hotelmarinetta.it\/wp-content\/uploads\/2025\/07\/Hd-CostaEtruschi-300x169.jpg 300w, https:\/\/hotelmarinetta.it\/wp-content\/uploads\/2025\/07\/Hd-CostaEtruschi-1024x576.jpg 1024w, https:\/\/hotelmarinetta.it\/wp-content\/uploads\/2025\/07\/Hd-CostaEtruschi.jpg 1366w\" sizes=\"(max-width: 768px) 100vw, 768px\" \/><\/noscript><\/div>\n\t\t<\/a>\n\t\t\t\t<div class=\"elementor-post__text\">\n\t\t\t\t<h3 class=\"elementor-post__title\">\n\t\t\t<a href=\"https:\/\/hotelmarinetta.it\/fr\/blog\/meilleur-cote-etruscques\/\" >\n\t\t\t\tLe meilleur de la C\u00f4te des \u00c9trusques\t\t\t<\/a>\n\t\t<\/h3>\n\t\t\t\t<div class=\"elementor-post__excerpt\">\n\t\t\t<p>Venez d\u00e9couvrir la beaut\u00e9 de Marina di Bibbona et les meilleurs itin\u00e9raires de la c\u00f4te des \u00c9trusques.<\/p>\n\t\t<\/div>\n\t\t\t\t<\/div>\n\t\t\t\t<\/article>\n\t\t\t\t<article class=\"elementor-post elementor-grid-item post-6045 post type-post status-publish format-standard has-post-thumbnail hentry category-blog\" role=\"listitem\">\n\t\t\t\t<a class=\"elementor-post__thumbnail__link\" href=\"https:\/\/hotelmarinetta.it\/fr\/blog\/beautes-lucques-lucca-comics\/\" tabindex=\"-1\" >\n\t\t\t<div class=\"elementor-post__thumbnail\"><img loading=\"lazy\" decoding=\"async\" data-src=\"https:\/\/hotelmarinetta.it\/wp-content\/uploads\/2025\/07\/Hd-Lucca-768x432.jpg\" width=\"768\" height=\"432\" src=\"data:image\/gif;base64,R0lGODlhAQABAIAAAAAAAP\/\/\/yH5BAEAAAAALAAAAAABAAEAAAIBRAA7\" class=\"attachment-medium_large size-medium_large wp-image-6029 lazyload\" alt=\"Lucca\" \/><noscript><img loading=\"lazy\" decoding=\"async\" width=\"768\" height=\"432\" src=\"https:\/\/hotelmarinetta.it\/wp-content\/uploads\/2025\/07\/Hd-Lucca-768x432.jpg\" class=\"attachment-medium_large size-medium_large wp-image-6029\" alt=\"Lucca\" srcset=\"https:\/\/hotelmarinetta.it\/wp-content\/uploads\/2025\/07\/Hd-Lucca-768x432.jpg 768w, https:\/\/hotelmarinetta.it\/wp-content\/uploads\/2025\/07\/Hd-Lucca-300x169.jpg 300w, https:\/\/hotelmarinetta.it\/wp-content\/uploads\/2025\/07\/Hd-Lucca-1024x576.jpg 1024w, https:\/\/hotelmarinetta.it\/wp-content\/uploads\/2025\/07\/Hd-Lucca.jpg 1366w\" sizes=\"(max-width: 768px) 100vw, 768px\" \/><\/noscript><\/div>\n\t\t<\/a>\n\t\t\t\t<div class=\"elementor-post__text\">\n\t\t\t\t<h3 class=\"elementor-post__title\">\n\t\t\t<a href=\"https:\/\/hotelmarinetta.it\/fr\/blog\/beautes-lucques-lucca-comics\/\" >\n\t\t\t\tLes beaut\u00e9s de Lucques\t\t\t<\/a>\n\t\t<\/h3>\n\t\t\t\t<div class=\"elementor-post__excerpt\">\n\t\t\t<p>D\u00e9couvrez la beaut\u00e9 de Lucques avec l&rsquo;H\u00f4tel Marinetta, entre histoire et charme toscan, r\u00e9servez votre s\u00e9jour d\u00e8s maintenant.<\/p>\n\t\t<\/div>\n\t\t\t\t<\/div>\n\t\t\t\t<\/article>\n\t\t\t\t<article class=\"elementor-post elementor-grid-item post-6020 post type-post status-publish format-standard has-post-thumbnail hentry category-blog\" role=\"listitem\">\n\t\t\t\t<a class=\"elementor-post__thumbnail__link\" href=\"https:\/\/hotelmarinetta.it\/fr\/blog\/bolgheri-guide-terre-vin\/\" tabindex=\"-1\" >\n\t\t\t<div class=\"elementor-post__thumbnail\"><img loading=\"lazy\" decoding=\"async\" data-src=\"https:\/\/hotelmarinetta.it\/wp-content\/uploads\/2025\/07\/Hd-Bolgheri-768x432.jpg\" width=\"768\" height=\"432\" src=\"data:image\/gif;base64,R0lGODlhAQABAIAAAAAAAP\/\/\/yH5BAEAAAAALAAAAAABAAEAAAIBRAA7\" class=\"attachment-medium_large size-medium_large wp-image-5991 lazyload\" alt=\"Bolgheri\" \/><noscript><img loading=\"lazy\" decoding=\"async\" width=\"768\" height=\"432\" src=\"https:\/\/hotelmarinetta.it\/wp-content\/uploads\/2025\/07\/Hd-Bolgheri-768x432.jpg\" class=\"attachment-medium_large size-medium_large wp-image-5991\" alt=\"Bolgheri\" srcset=\"https:\/\/hotelmarinetta.it\/wp-content\/uploads\/2025\/07\/Hd-Bolgheri-768x432.jpg 768w, https:\/\/hotelmarinetta.it\/wp-content\/uploads\/2025\/07\/Hd-Bolgheri-300x169.jpg 300w, https:\/\/hotelmarinetta.it\/wp-content\/uploads\/2025\/07\/Hd-Bolgheri-1024x576.jpg 1024w, https:\/\/hotelmarinetta.it\/wp-content\/uploads\/2025\/07\/Hd-Bolgheri.jpg 1366w\" sizes=\"(max-width: 768px) 100vw, 768px\" \/><\/noscript><\/div>\n\t\t<\/a>\n\t\t\t\t<div class=\"elementor-post__text\">\n\t\t\t\t<h3 class=\"elementor-post__title\">\n\t\t\t<a href=\"https:\/\/hotelmarinetta.it\/fr\/blog\/bolgheri-guide-terre-vin\/\" >\n\t\t\t\tBolgheri: un Guide de la Terre du Vin\t\t\t<\/a>\n\t\t<\/h3>\n\t\t\t\t<div class=\"elementor-post__excerpt\">\n\t\t\t<p>Explorez Bolgheri et ses vins prestigieux avec notre guide exclusif depuis l\u2019H\u00f4tel Marinetta, r\u00e9servez votre aventure \u0153nologique aujourd\u2019hui.<\/p>\n\t\t<\/div>\n\t\t\t\t<\/div>\n\t\t\t\t<\/article>\n\t\t\t\t<\/div>\n\t\t\n\t\t\t\t\t\t<\/div>\n\t\t\t\t<\/div>\n\t\t\t\t\t<\/div>\n\t\t\t\t<\/div>\n\t\t\t\t<\/div>\n\t\t\t\t<\/div>\n\t\t\t\t\t\t<\/div>\n\t\t\t\t<\/div>\n\t\t\t\t\t<\/div>\n\t\t\t\t<\/div>\n\t\t\t\t<\/div>\n\t\t","protected":false},"excerpt":{"rendered":"<p>Visitez les plus beaux villages m\u00e9di\u00e9vaux de Toscane avec l&rsquo;H\u00f4tel Marinetta, vivez l&rsquo;histoire parmi les ruelles et les vues, r\u00e9servez votre exp\u00e9rience maintenant.<\/p>\n","protected":false},"author":1,"featured_media":6078,"comment_status":"closed","ping_status":"open","sticky":false,"template":"","format":"standard","meta":{"footnotes":""},"categories":[50],"tags":[],"class_list":["post-6396","post","type-post","status-publish","format-standard","has-post-thumbnail","hentry","category-blog"],"yoast_head":"<!-- This site is optimized with the Yoast SEO plugin v28.4 - https:\/\/yoast.com\/product\/yoast-seo-wordpress\/ -->\n<title>Villages m\u00e9di\u00e9vaux \u00e0 visiter en Toscane | Hotel Marinetta<\/title>\n<meta name=\"description\" content=\"Visitez les plus beaux villages m\u00e9di\u00e9vaux de Toscane avec l&#039;H\u00f4tel Marinetta, vivez l&#039;histoire parmi les ruelles et les vues, r\u00e9servez votre exp\u00e9rience maintenant.\" \/>\n<meta name=\"robots\" content=\"index, follow, max-snippet:-1, max-image-preview:large, max-video-preview:-1\" \/>\n<link rel=\"canonical\" href=\"https:\/\/hotelmarinetta.it\/fr\/blog\/villages-medievaux-toscane\/\" \/>\n<meta property=\"og:locale\" content=\"fr_FR\" \/>\n<meta property=\"og:type\" content=\"article\" \/>\n<meta property=\"og:title\" content=\"Villages m\u00e9di\u00e9vaux \u00e0 visiter en Toscane | Hotel Marinetta\" \/>\n<meta property=\"og:description\" content=\"Visitez les plus beaux villages m\u00e9di\u00e9vaux de Toscane avec l&#039;H\u00f4tel Marinetta, vivez l&#039;histoire parmi les ruelles et les vues, r\u00e9servez votre exp\u00e9rience maintenant.\" \/>\n<meta property=\"og:url\" content=\"https:\/\/hotelmarinetta.it\/fr\/blog\/villages-medievaux-toscane\/\" \/>\n<meta property=\"og:site_name\" content=\"Park Hotel Marinetta\" \/>\n<meta property=\"article:publisher\" content=\"https:\/\/www.facebook.com\/parkhotelmarinetta\" \/>\n<meta property=\"article:published_time\" content=\"2025-07-04T07:31:41+00:00\" \/>\n<meta property=\"article:modified_time\" content=\"2025-07-08T15:07:09+00:00\" \/>\n<meta property=\"og:image\" content=\"https:\/\/hotelmarinetta.it\/wp-content\/uploads\/2025\/07\/Costa-Etruschi-Borghi.jpg\" \/>\n\t<meta property=\"og:image:width\" content=\"1024\" \/>\n\t<meta property=\"og:image:height\" content=\"683\" \/>\n\t<meta property=\"og:image:type\" content=\"image\/jpeg\" \/>\n<meta name=\"author\" content=\"fritumuv@gmail.com\" \/>\n<meta name=\"twitter:card\" content=\"summary_large_image\" \/>\n<meta name=\"twitter:label1\" content=\"\u00c9crit par\" \/>\n\t<meta name=\"twitter:data1\" content=\"fritumuv@gmail.com\" \/>\n\t<meta name=\"twitter:label2\" content=\"Dur\u00e9e de lecture estim\u00e9e\" \/>\n\t<meta name=\"twitter:data2\" content=\"9 minutes\" \/>\n<script type=\"application\/ld+json\" class=\"yoast-schema-graph\">{\"@context\":\"https:\\\/\\\/schema.org\",\"@graph\":[{\"@type\":\"Article\",\"@id\":\"https:\\\/\\\/hotelmarinetta.it\\\/fr\\\/blog\\\/villages-medievaux-toscane\\\/#article\",\"isPartOf\":{\"@id\":\"https:\\\/\\\/hotelmarinetta.it\\\/fr\\\/blog\\\/villages-medievaux-toscane\\\/\"},\"author\":{\"name\":\"fritumuv@gmail.com\",\"@id\":\"https:\\\/\\\/hotelmarinetta.it\\\/fr\\\/#\\\/schema\\\/person\\\/584739d367c8d0bcc9663ceab4b7a84a\"},\"headline\":\"Villages m\u00e9di\u00e9vaux \u00e0 visiter en Toscane\",\"datePublished\":\"2025-07-04T07:31:41+00:00\",\"dateModified\":\"2025-07-08T15:07:09+00:00\",\"mainEntityOfPage\":{\"@id\":\"https:\\\/\\\/hotelmarinetta.it\\\/fr\\\/blog\\\/villages-medievaux-toscane\\\/\"},\"wordCount\":1912,\"publisher\":{\"@id\":\"https:\\\/\\\/hotelmarinetta.it\\\/fr\\\/#organization\"},\"image\":{\"@id\":\"https:\\\/\\\/hotelmarinetta.it\\\/fr\\\/blog\\\/villages-medievaux-toscane\\\/#primaryimage\"},\"thumbnailUrl\":\"https:\\\/\\\/hotelmarinetta.it\\\/wp-content\\\/uploads\\\/2025\\\/07\\\/Costa-Etruschi-Borghi.jpg\",\"articleSection\":[\"Blog\"],\"inLanguage\":\"fr-FR\"},{\"@type\":\"WebPage\",\"@id\":\"https:\\\/\\\/hotelmarinetta.it\\\/fr\\\/blog\\\/villages-medievaux-toscane\\\/\",\"url\":\"https:\\\/\\\/hotelmarinetta.it\\\/fr\\\/blog\\\/villages-medievaux-toscane\\\/\",\"name\":\"Villages m\u00e9di\u00e9vaux \u00e0 visiter en Toscane | Hotel Marinetta\",\"isPartOf\":{\"@id\":\"https:\\\/\\\/hotelmarinetta.it\\\/fr\\\/#website\"},\"primaryImageOfPage\":{\"@id\":\"https:\\\/\\\/hotelmarinetta.it\\\/fr\\\/blog\\\/villages-medievaux-toscane\\\/#primaryimage\"},\"image\":{\"@id\":\"https:\\\/\\\/hotelmarinetta.it\\\/fr\\\/blog\\\/villages-medievaux-toscane\\\/#primaryimage\"},\"thumbnailUrl\":\"https:\\\/\\\/hotelmarinetta.it\\\/wp-content\\\/uploads\\\/2025\\\/07\\\/Costa-Etruschi-Borghi.jpg\",\"datePublished\":\"2025-07-04T07:31:41+00:00\",\"dateModified\":\"2025-07-08T15:07:09+00:00\",\"description\":\"Visitez les plus beaux villages m\u00e9di\u00e9vaux de Toscane avec l'H\u00f4tel Marinetta, vivez l'histoire parmi les ruelles et les vues, r\u00e9servez votre exp\u00e9rience maintenant.\",\"breadcrumb\":{\"@id\":\"https:\\\/\\\/hotelmarinetta.it\\\/fr\\\/blog\\\/villages-medievaux-toscane\\\/#breadcrumb\"},\"inLanguage\":\"fr-FR\",\"potentialAction\":[{\"@type\":\"ReadAction\",\"target\":[\"https:\\\/\\\/hotelmarinetta.it\\\/fr\\\/blog\\\/villages-medievaux-toscane\\\/\"]}]},{\"@type\":\"ImageObject\",\"inLanguage\":\"fr-FR\",\"@id\":\"https:\\\/\\\/hotelmarinetta.it\\\/fr\\\/blog\\\/villages-medievaux-toscane\\\/#primaryimage\",\"url\":\"https:\\\/\\\/hotelmarinetta.it\\\/wp-content\\\/uploads\\\/2025\\\/07\\\/Costa-Etruschi-Borghi.jpg\",\"contentUrl\":\"https:\\\/\\\/hotelmarinetta.it\\\/wp-content\\\/uploads\\\/2025\\\/07\\\/Costa-Etruschi-Borghi.jpg\",\"width\":1024,\"height\":683,\"caption\":\"Borghi\"},{\"@type\":\"BreadcrumbList\",\"@id\":\"https:\\\/\\\/hotelmarinetta.it\\\/fr\\\/blog\\\/villages-medievaux-toscane\\\/#breadcrumb\",\"itemListElement\":[{\"@type\":\"ListItem\",\"position\":1,\"name\":\"Home\",\"item\":\"https:\\\/\\\/hotelmarinetta.it\\\/fr\\\/\"},{\"@type\":\"ListItem\",\"position\":2,\"name\":\"Blog\",\"item\":\"https:\\\/\\\/hotelmarinetta.it\\\/fr\\\/blog\\\/\"},{\"@type\":\"ListItem\",\"position\":3,\"name\":\"Villages m\u00e9di\u00e9vaux \u00e0 visiter en Toscane\"}]},{\"@type\":\"WebSite\",\"@id\":\"https:\\\/\\\/hotelmarinetta.it\\\/fr\\\/#website\",\"url\":\"https:\\\/\\\/hotelmarinetta.it\\\/fr\\\/\",\"name\":\"Park Hotel Marinetta\",\"description\":\"Resort sul Mare in Toscana\",\"publisher\":{\"@id\":\"https:\\\/\\\/hotelmarinetta.it\\\/fr\\\/#organization\"},\"potentialAction\":[{\"@type\":\"SearchAction\",\"target\":{\"@type\":\"EntryPoint\",\"urlTemplate\":\"https:\\\/\\\/hotelmarinetta.it\\\/fr\\\/?s={search_term_string}\"},\"query-input\":{\"@type\":\"PropertyValueSpecification\",\"valueRequired\":true,\"valueName\":\"search_term_string\"}}],\"inLanguage\":\"fr-FR\"},{\"@type\":\"Organization\",\"@id\":\"https:\\\/\\\/hotelmarinetta.it\\\/fr\\\/#organization\",\"name\":\"Park Hotel Marinetta\",\"url\":\"https:\\\/\\\/hotelmarinetta.it\\\/fr\\\/\",\"logo\":{\"@type\":\"ImageObject\",\"inLanguage\":\"fr-FR\",\"@id\":\"https:\\\/\\\/hotelmarinetta.it\\\/fr\\\/#\\\/schema\\\/logo\\\/image\\\/\",\"url\":\"https:\\\/\\\/hotelmarinetta.it\\\/wp-content\\\/uploads\\\/2025\\\/05\\\/Logo-PHM-01.png\",\"contentUrl\":\"https:\\\/\\\/hotelmarinetta.it\\\/wp-content\\\/uploads\\\/2025\\\/05\\\/Logo-PHM-01.png\",\"width\":294,\"height\":89,\"caption\":\"Park Hotel Marinetta\"},\"image\":{\"@id\":\"https:\\\/\\\/hotelmarinetta.it\\\/fr\\\/#\\\/schema\\\/logo\\\/image\\\/\"},\"sameAs\":[\"https:\\\/\\\/www.facebook.com\\\/parkhotelmarinetta\",\"https:\\\/\\\/www.instagram.com\\\/parkhotelmarinetta\\\/\"]},{\"@type\":\"Person\",\"@id\":\"https:\\\/\\\/hotelmarinetta.it\\\/fr\\\/#\\\/schema\\\/person\\\/584739d367c8d0bcc9663ceab4b7a84a\",\"name\":\"fritumuv@gmail.com\",\"image\":{\"@type\":\"ImageObject\",\"inLanguage\":\"fr-FR\",\"@id\":\"https:\\\/\\\/secure.gravatar.com\\\/avatar\\\/528338bab8ff2f7ed85f42685fa7ed3aa659b49ba1c5d15c360680240df86410?s=96&d=mm&r=g\",\"url\":\"https:\\\/\\\/secure.gravatar.com\\\/avatar\\\/528338bab8ff2f7ed85f42685fa7ed3aa659b49ba1c5d15c360680240df86410?s=96&d=mm&r=g\",\"contentUrl\":\"https:\\\/\\\/secure.gravatar.com\\\/avatar\\\/528338bab8ff2f7ed85f42685fa7ed3aa659b49ba1c5d15c360680240df86410?s=96&d=mm&r=g\",\"caption\":\"fritumuv@gmail.com\"}}]}<\/script>\n<!-- \/ Yoast SEO plugin. -->","yoast_head_json":{"title":"Villages m\u00e9di\u00e9vaux \u00e0 visiter en Toscane | Hotel Marinetta","description":"Visitez les plus beaux villages m\u00e9di\u00e9vaux de Toscane avec l'H\u00f4tel Marinetta, vivez l'histoire parmi les ruelles et les vues, r\u00e9servez votre exp\u00e9rience maintenant.","robots":{"index":"index","follow":"follow","max-snippet":"max-snippet:-1","max-image-preview":"max-image-preview:large","max-video-preview":"max-video-preview:-1"},"canonical":"https:\/\/hotelmarinetta.it\/fr\/blog\/villages-medievaux-toscane\/","og_locale":"fr_FR","og_type":"article","og_title":"Villages m\u00e9di\u00e9vaux \u00e0 visiter en Toscane | Hotel Marinetta","og_description":"Visitez les plus beaux villages m\u00e9di\u00e9vaux de Toscane avec l'H\u00f4tel Marinetta, vivez l'histoire parmi les ruelles et les vues, r\u00e9servez votre exp\u00e9rience maintenant.","og_url":"https:\/\/hotelmarinetta.it\/fr\/blog\/villages-medievaux-toscane\/","og_site_name":"Park Hotel Marinetta","article_publisher":"https:\/\/www.facebook.com\/parkhotelmarinetta","article_published_time":"2025-07-04T07:31:41+00:00","article_modified_time":"2025-07-08T15:07:09+00:00","og_image":[{"width":1024,"height":683,"url":"https:\/\/hotelmarinetta.it\/wp-content\/uploads\/2025\/07\/Costa-Etruschi-Borghi.jpg","type":"image\/jpeg"}],"author":"fritumuv@gmail.com","twitter_card":"summary_large_image","twitter_misc":{"\u00c9crit par":"fritumuv@gmail.com","Dur\u00e9e de lecture estim\u00e9e":"9 minutes"},"schema":{"@context":"https:\/\/schema.org","@graph":[{"@type":"Article","@id":"https:\/\/hotelmarinetta.it\/fr\/blog\/villages-medievaux-toscane\/#article","isPartOf":{"@id":"https:\/\/hotelmarinetta.it\/fr\/blog\/villages-medievaux-toscane\/"},"author":{"name":"fritumuv@gmail.com","@id":"https:\/\/hotelmarinetta.it\/fr\/#\/schema\/person\/584739d367c8d0bcc9663ceab4b7a84a"},"headline":"Villages m\u00e9di\u00e9vaux \u00e0 visiter en Toscane","datePublished":"2025-07-04T07:31:41+00:00","dateModified":"2025-07-08T15:07:09+00:00","mainEntityOfPage":{"@id":"https:\/\/hotelmarinetta.it\/fr\/blog\/villages-medievaux-toscane\/"},"wordCount":1912,"publisher":{"@id":"https:\/\/hotelmarinetta.it\/fr\/#organization"},"image":{"@id":"https:\/\/hotelmarinetta.it\/fr\/blog\/villages-medievaux-toscane\/#primaryimage"},"thumbnailUrl":"https:\/\/hotelmarinetta.it\/wp-content\/uploads\/2025\/07\/Costa-Etruschi-Borghi.jpg","articleSection":["Blog"],"inLanguage":"fr-FR"},{"@type":"WebPage","@id":"https:\/\/hotelmarinetta.it\/fr\/blog\/villages-medievaux-toscane\/","url":"https:\/\/hotelmarinetta.it\/fr\/blog\/villages-medievaux-toscane\/","name":"Villages m\u00e9di\u00e9vaux \u00e0 visiter en Toscane | Hotel Marinetta","isPartOf":{"@id":"https:\/\/hotelmarinetta.it\/fr\/#website"},"primaryImageOfPage":{"@id":"https:\/\/hotelmarinetta.it\/fr\/blog\/villages-medievaux-toscane\/#primaryimage"},"image":{"@id":"https:\/\/hotelmarinetta.it\/fr\/blog\/villages-medievaux-toscane\/#primaryimage"},"thumbnailUrl":"https:\/\/hotelmarinetta.it\/wp-content\/uploads\/2025\/07\/Costa-Etruschi-Borghi.jpg","datePublished":"2025-07-04T07:31:41+00:00","dateModified":"2025-07-08T15:07:09+00:00","description":"Visitez les plus beaux villages m\u00e9di\u00e9vaux de Toscane avec l'H\u00f4tel Marinetta, vivez l'histoire parmi les ruelles et les vues, r\u00e9servez votre exp\u00e9rience maintenant.","breadcrumb":{"@id":"https:\/\/hotelmarinetta.it\/fr\/blog\/villages-medievaux-toscane\/#breadcrumb"},"inLanguage":"fr-FR","potentialAction":[{"@type":"ReadAction","target":["https:\/\/hotelmarinetta.it\/fr\/blog\/villages-medievaux-toscane\/"]}]},{"@type":"ImageObject","inLanguage":"fr-FR","@id":"https:\/\/hotelmarinetta.it\/fr\/blog\/villages-medievaux-toscane\/#primaryimage","url":"https:\/\/hotelmarinetta.it\/wp-content\/uploads\/2025\/07\/Costa-Etruschi-Borghi.jpg","contentUrl":"https:\/\/hotelmarinetta.it\/wp-content\/uploads\/2025\/07\/Costa-Etruschi-Borghi.jpg","width":1024,"height":683,"caption":"Borghi"},{"@type":"BreadcrumbList","@id":"https:\/\/hotelmarinetta.it\/fr\/blog\/villages-medievaux-toscane\/#breadcrumb","itemListElement":[{"@type":"ListItem","position":1,"name":"Home","item":"https:\/\/hotelmarinetta.it\/fr\/"},{"@type":"ListItem","position":2,"name":"Blog","item":"https:\/\/hotelmarinetta.it\/fr\/blog\/"},{"@type":"ListItem","position":3,"name":"Villages m\u00e9di\u00e9vaux \u00e0 visiter en Toscane"}]},{"@type":"WebSite","@id":"https:\/\/hotelmarinetta.it\/fr\/#website","url":"https:\/\/hotelmarinetta.it\/fr\/","name":"Park Hotel Marinetta","description":"Resort sul Mare in Toscana","publisher":{"@id":"https:\/\/hotelmarinetta.it\/fr\/#organization"},"potentialAction":[{"@type":"SearchAction","target":{"@type":"EntryPoint","urlTemplate":"https:\/\/hotelmarinetta.it\/fr\/?s={search_term_string}"},"query-input":{"@type":"PropertyValueSpecification","valueRequired":true,"valueName":"search_term_string"}}],"inLanguage":"fr-FR"},{"@type":"Organization","@id":"https:\/\/hotelmarinetta.it\/fr\/#organization","name":"Park Hotel Marinetta","url":"https:\/\/hotelmarinetta.it\/fr\/","logo":{"@type":"ImageObject","inLanguage":"fr-FR","@id":"https:\/\/hotelmarinetta.it\/fr\/#\/schema\/logo\/image\/","url":"https:\/\/hotelmarinetta.it\/wp-content\/uploads\/2025\/05\/Logo-PHM-01.png","contentUrl":"https:\/\/hotelmarinetta.it\/wp-content\/uploads\/2025\/05\/Logo-PHM-01.png","width":294,"height":89,"caption":"Park Hotel Marinetta"},"image":{"@id":"https:\/\/hotelmarinetta.it\/fr\/#\/schema\/logo\/image\/"},"sameAs":["https:\/\/www.facebook.com\/parkhotelmarinetta","https:\/\/www.instagram.com\/parkhotelmarinetta\/"]},{"@type":"Person","@id":"https:\/\/hotelmarinetta.it\/fr\/#\/schema\/person\/584739d367c8d0bcc9663ceab4b7a84a","name":"fritumuv@gmail.com","image":{"@type":"ImageObject","inLanguage":"fr-FR","@id":"https:\/\/secure.gravatar.com\/avatar\/528338bab8ff2f7ed85f42685fa7ed3aa659b49ba1c5d15c360680240df86410?s=96&d=mm&r=g","url":"https:\/\/secure.gravatar.com\/avatar\/528338bab8ff2f7ed85f42685fa7ed3aa659b49ba1c5d15c360680240df86410?s=96&d=mm&r=g","contentUrl":"https:\/\/secure.gravatar.com\/avatar\/528338bab8ff2f7ed85f42685fa7ed3aa659b49ba1c5d15c360680240df86410?s=96&d=mm&r=g","caption":"fritumuv@gmail.com"}}]}},"_links":{"self":[{"href":"https:\/\/hotelmarinetta.it\/fr\/wp-json\/wp\/v2\/posts\/6396","targetHints":{"allow":["GET"]}}],"collection":[{"href":"https:\/\/hotelmarinetta.it\/fr\/wp-json\/wp\/v2\/posts"}],"about":[{"href":"https:\/\/hotelmarinetta.it\/fr\/wp-json\/wp\/v2\/types\/post"}],"author":[{"embeddable":true,"href":"https:\/\/hotelmarinetta.it\/fr\/wp-json\/wp\/v2\/users\/1"}],"replies":[{"embeddable":true,"href":"https:\/\/hotelmarinetta.it\/fr\/wp-json\/wp\/v2\/comments?post=6396"}],"version-history":[{"count":1,"href":"https:\/\/hotelmarinetta.it\/fr\/wp-json\/wp\/v2\/posts\/6396\/revisions"}],"predecessor-version":[{"id":6397,"href":"https:\/\/hotelmarinetta.it\/fr\/wp-json\/wp\/v2\/posts\/6396\/revisions\/6397"}],"wp:featuredmedia":[{"embeddable":true,"href":"https:\/\/hotelmarinetta.it\/fr\/wp-json\/wp\/v2\/media\/6078"}],"wp:attachment":[{"href":"https:\/\/hotelmarinetta.it\/fr\/wp-json\/wp\/v2\/media?parent=6396"}],"wp:term":[{"taxonomy":"category","embeddable":true,"href":"https:\/\/hotelmarinetta.it\/fr\/wp-json\/wp\/v2\/categories?post=6396"},{"taxonomy":"post_tag","embeddable":true,"href":"https:\/\/hotelmarinetta.it\/fr\/wp-json\/wp\/v2\/tags?post=6396"}],"curies":[{"name":"wp","href":"https:\/\/api.w.org\/{rel}","templated":true}]}}