{"id":6045,"date":"2025-07-03T11:48:25","date_gmt":"2025-07-03T09:48:25","guid":{"rendered":"https:\/\/hotelmarinetta.it\/non-categorise\/beautes-lucques-lucca-comics\/"},"modified":"2025-07-28T11:51:38","modified_gmt":"2025-07-28T09:51:38","slug":"beautes-lucques-lucca-comics","status":"publish","type":"post","link":"https:\/\/hotelmarinetta.it\/fr\/blog\/beautes-lucques-lucca-comics\/","title":{"rendered":"Les beaut\u00e9s de Lucques"},"content":{"rendered":"\t\t<div data-elementor-type=\"wp-post\" data-elementor-id=\"6045\" class=\"elementor elementor-6045 elementor-6022\" data-elementor-post-type=\"post\">\n\t\t\t\t<div class=\"elementor-element elementor-element-bda4490 e-con-full e-flex e-con e-parent\" data-id=\"bda4490\" data-element_type=\"container\" data-e-type=\"container\" data-settings=\"{&quot;background_background&quot;:&quot;classic&quot;}\">\n\t\t<div class=\"elementor-element elementor-element-72895f1 e-con-full e-flex e-con e-child\" data-id=\"72895f1\" data-element_type=\"container\" data-e-type=\"container\" data-settings=\"{&quot;background_background&quot;:&quot;classic&quot;}\">\n\t\t\t\t<\/div>\n\t\t<div class=\"elementor-element elementor-element-0ac362d e-con-full e-flex e-con e-child\" data-id=\"0ac362d\" data-element_type=\"container\" data-e-type=\"container\">\n\t\t<div class=\"elementor-element elementor-element-69c2c64 e-con-full e-flex e-con e-child\" data-id=\"69c2c64\" data-element_type=\"container\" data-e-type=\"container\" data-settings=\"{&quot;background_background&quot;:&quot;classic&quot;}\">\n\t\t\t\t<div class=\"elementor-element elementor-element-0140737 elementor-widget elementor-widget-post-info\" data-id=\"0140737\" data-element_type=\"widget\" data-e-type=\"widget\" data-widget_type=\"post-info.default\">\n\t\t\t\t<div class=\"elementor-widget-container\">\n\t\t\t\t\t\t\t<ul class=\"elementor-inline-items elementor-icon-list-items elementor-post-info\">\n\t\t\t\t\t\t\t\t<li class=\"elementor-icon-list-item elementor-repeater-item-5ae60b7 elementor-inline-item\" itemprop=\"about\">\n\t\t\t\t\t\t\t\t\t\t\t\t\t<span class=\"elementor-icon-list-text elementor-post-info__item elementor-post-info__item--type-terms\">\n\t\t\t\t\t\t\t\t\t\t<span class=\"elementor-post-info__terms-list\">\n\t\t\t\t<span class=\"elementor-post-info__terms-list-item\">Blog<\/span>\t\t\t\t<\/span>\n\t\t\t\t\t<\/span>\n\t\t\t\t\t\t\t\t<\/li>\n\t\t\t\t<\/ul>\n\t\t\t\t\t\t<\/div>\n\t\t\t\t<\/div>\n\t\t\t\t<\/div>\n\t\t\t\t<div class=\"elementor-element elementor-element-25835a0 elementor-widget elementor-widget-heading\" data-id=\"25835a0\" data-element_type=\"widget\" data-e-type=\"widget\" data-widget_type=\"heading.default\">\n\t\t\t\t<div class=\"elementor-widget-container\">\n\t\t\t\t\t<h1 class=\"elementor-heading-title elementor-size-default\">Les beaut\u00e9s de Lucques<\/h1>\t\t\t\t<\/div>\n\t\t\t\t<\/div>\n\t\t\t\t<div class=\"elementor-element elementor-element-a6c65d9 elementor-widget elementor-widget-heading\" data-id=\"a6c65d9\" data-element_type=\"widget\" data-e-type=\"widget\" data-widget_type=\"heading.default\">\n\t\t\t\t<div class=\"elementor-widget-container\">\n\t\t\t\t\t<h2 class=\"elementor-heading-title elementor-size-default\">D\u00e9couvrez la beaut\u00e9 de Lucques avec l'H\u00f4tel Marinetta, entre histoire et charme toscan, r\u00e9servez votre s\u00e9jour d\u00e8s maintenant.<\/h2>\t\t\t\t<\/div>\n\t\t\t\t<\/div>\n\t\t\t\t<\/div>\n\t\t\t\t<\/div>\n\t\t<div class=\"elementor-element elementor-element-36a403f e-flex e-con-boxed e-con e-parent\" data-id=\"36a403f\" data-element_type=\"container\" data-e-type=\"container\">\n\t\t\t\t\t<div class=\"e-con-inner\">\n\t\t<div class=\"elementor-element elementor-element-33c9c99 e-con-full e-flex e-con e-child\" data-id=\"33c9c99\" data-element_type=\"container\" data-e-type=\"container\">\n\t\t\t\t<div class=\"elementor-element elementor-element-a47878b elementor-widget elementor-widget-text-editor\" data-id=\"a47878b\" data-element_type=\"widget\" data-e-type=\"widget\" data-widget_type=\"text-editor.default\">\n\t\t\t\t<div class=\"elementor-widget-container\">\n\t\t\t\t\t\t\t\t\t<p>D\u2019abord colonie romaine puis Duch\u00e9, entour\u00e9e par les Alpes Apuanes et par la Garfagnana, Lucques est capable d\u2019offrir tellement de choses\u00a0: de sa gastronomie locale exquise \u00e0 ses mille beaut\u00e9s architecturales \u00e0 admirer.<\/p>\n<p>La ville est souvent identifi\u00e9e par sa p\u00e9riode m\u00e9di\u00e9vale et Renaissance, lorsque les grandes \u00e9glises en marbre blanc ont \u00e9t\u00e9 construites et ses rues pittoresques pav\u00e9es. D\u00e9couvrez avec nous les merveilles qui la caract\u00e9risent et les \u00e9v\u00e9nements qui animent l\u2019esprit local.<\/p>\n\t\t\t\t\t\t\t\t<\/div>\n\t\t\t\t<\/div>\n\t\t\t\t<\/div>\n\t\t\t\t<div class=\"elementor-element elementor-element-521c170 elementor-widget-divider--view-line elementor-widget elementor-widget-divider\" data-id=\"521c170\" data-element_type=\"widget\" data-e-type=\"widget\" data-widget_type=\"divider.default\">\n\t\t\t\t<div class=\"elementor-widget-container\">\n\t\t\t\t\t\t\t<div class=\"elementor-divider\">\n\t\t\t<span class=\"elementor-divider-separator\">\n\t\t\t\t\t\t<\/span>\n\t\t<\/div>\n\t\t\t\t\t\t<\/div>\n\t\t\t\t<\/div>\n\t\t\t\t\t<\/div>\n\t\t\t\t<\/div>\n\t\t<div class=\"elementor-element elementor-element-efe08e5 e-flex e-con-boxed e-con e-parent\" data-id=\"efe08e5\" data-element_type=\"container\" data-e-type=\"container\" data-settings=\"{&quot;background_background&quot;:&quot;classic&quot;}\">\n\t\t\t\t\t<div class=\"e-con-inner\">\n\t\t<div class=\"elementor-element elementor-element-6219165 e-con-full e-flex e-con e-child\" data-id=\"6219165\" data-element_type=\"container\" data-e-type=\"container\" data-settings=\"{&quot;background_background&quot;:&quot;classic&quot;}\">\n\t\t\t\t<\/div>\n\t\t<div class=\"elementor-element elementor-element-f9f65fc e-con-full e-flex e-con e-child\" data-id=\"f9f65fc\" data-element_type=\"container\" data-e-type=\"container\">\n\t\t\t\t<div class=\"elementor-element elementor-element-64270ba elementor-widget elementor-widget-heading\" data-id=\"64270ba\" data-element_type=\"widget\" data-e-type=\"widget\" data-widget_type=\"heading.default\">\n\t\t\t\t<div class=\"elementor-widget-container\">\n\t\t\t\t\t<h2 class=\"elementor-heading-title elementor-size-default\">Lieux \u00e0 voir \u00e0 Lucques<\/h2>\t\t\t\t<\/div>\n\t\t\t\t<\/div>\n\t\t\t\t<div class=\"elementor-element elementor-element-2bea2ea elementor-widget elementor-widget-text-editor\" data-id=\"2bea2ea\" data-element_type=\"widget\" data-e-type=\"widget\" data-widget_type=\"text-editor.default\">\n\t\t\t\t<div class=\"elementor-widget-container\">\n\t\t\t\t\t\t\t\t\t<p>1. <strong>Place de l\u2019Amphith\u00e9\u00e2tre<\/strong><\/p>\n<p>La Place de l\u2019Amphith\u00e9\u00e2tre est le c\u0153ur de la ville de Lucques, mais aussi l\u2019un de ses symboles. D\u00e9riv\u00e9e d\u2019un important amphith\u00e9\u00e2tre b\u00e2ti par les Romains, qui a impos\u00e9 sa forme elliptique ferm\u00e9e, la place est depuis toujours un point de rendez-vous et de r\u00e9f\u00e9rence de la vie citadine et politique lucquoise, \u00e0 tel point qu\u2019au Moyen-\u00c2ge elle avait \u00e9t\u00e9 rebaptis\u00e9e Parlascio, du verbe parler.<\/p>\n<p>2. <strong>Cath\u00e9drale Saint-Martin<\/strong><\/p>\n<p>Fond\u00e9e par Fridianus au VI\u00e8me si\u00e8cle, la Cath\u00e9drale de Saint-Martin est une construction religieuse imposante et splendide de style roman. \u00c0 l\u2019int\u00e9rieur, elle permet de voir les mille chefs-d\u2019\u0153uvre que la Cath\u00e9drale abrite, des \u0153uvres absolument incontournables comme la statue de Saint-Martin et le Mendiant, la Derni\u00e8re c\u00e8ne du Tintoret et la statue d\u2019Ilaria del Carretto, \u0153uvre de Jacopo della Quercia.<\/p>\n<p>3. <strong>Les Fortifications de Lucques<\/strong><\/p>\n<p>Les Fortifications de Lucques font tr\u00e8s probablement partie des premi\u00e8res images qui viennent \u00e0 l\u2019esprit en pensant \u00e0 la ville toscane. B\u00e2ties entre le VI\u00e8me et le VII\u00e8me si\u00e8cle, elles se d\u00e9veloppent sur quatre kilom\u00e8tres et demi, avec leurs onze bastions, les trois portes et le parc urbain spectaculaire, o\u00f9 admirer la beaut\u00e9 d\u2019arbres s\u00e9culaires et de se restaurer durant la promenade.<\/p>\n<p>4. <strong>Jardin Botanique<\/strong><\/p>\n<p>Pr\u00e8s du centre historique de Lucques, il est possible de se perdre dans un magnifique coin de verdure\u00a0: le Jardin Botanique, un jardin important et splendide qui s\u2019\u00e9tend sur deux hectares, command\u00e9 en 1820 par la duchesse Marie-Louise de Bourbon.<\/p>\n<p>5. <strong>\u00c9glise Saint-Michel<\/strong><\/p>\n<p>L\u2019\u00c9glise Saint-Michel, situ\u00e9e sur la place du m\u00eame nom, a \u00e9t\u00e9 b\u00e2tie au d\u00e9but de l\u2019ann\u00e9e mille, sur d\u00e9cision du Pape Alexandre II et, sa construction ayant dur\u00e9 de nombreuses ann\u00e9es, elle est aujourd\u2019hui une superposition de styles, du gothique au roman.<\/p>\n<p>6. <strong>Place Napol\u00e9on<\/strong><\/p>\n<p>Un nom important pour un lieu important\u00a0: ici se trouvait la Forteresse Augusta, r\u00e9sidence du gibelin et seigneur de Lucques, Castruccio Castracani, et Elisa Napol\u00e9on Baciocchi \u2013 s\u0153ur de Napol\u00e9on \u2013 avait commenc\u00e9 \u00e0 penser \u00e0 la construction de quelque chose de vraiment imposant, pr\u00e9cis\u00e9ment ici, au d\u00e9but du IX\u00e8me si\u00e8cle\u00a0: le Palais Ducal et le si\u00e8ge de l\u2019Institut d\u2019Art de Lucques, h\u00e9ritier de l\u2019Acad\u00e9mie des Beaux-Arts de Lucques.<\/p>\n<p>7. <strong>Tour de l\u2019Horloge<\/strong><br \/>La Tour de l\u2019Horloge a \u00e9t\u00e9 b\u00e2tie en 1390, et a \u00e9t\u00e9 r\u00e9cemment restaur\u00e9e. Il s\u2019agit de la tour la plus haute de la ville et elle est uniquement accessible en montant les fameuses 207 marches de l\u2019escalier en bois d\u2019origine, encore en tr\u00e8s bon \u00e9tat.<\/p>\n<p>8. <strong>Tour Guinigi<\/strong><\/p>\n<p>Parmi toutes les tours ayant appartenu \u00e0 des familles priv\u00e9es de Lucques, la Tour Guinigi est la seule \u00e0 ne pas avoir \u00e9t\u00e9 d\u00e9truite. C\u2019est pour cela qu\u2019il est encore possible d\u2019admirer le spectacle unique des 45 m\u00e8tres de hauteur construits brique sur brique, et du magnifique jardin au sommet, une particularit\u00e9 spectaculaire qui la distingue.<\/p>\n<p>9. <strong>Puccini Museum<\/strong><\/p>\n<p>Lucques rend hommage \u00e0 l\u2019un de ses citoyens les plus illustres \u2013 Giacomo Puccini \u2013 avec un mus\u00e9e qui lui est d\u00e9di\u00e9. Dans le c\u0153ur de la ville, l\u2019appartement au deuxi\u00e8me \u00e9tage o\u00f9 est n\u00e9 Puccini le 22 d\u00e9cembre 1858 s\u2019est transform\u00e9 en mus\u00e9e en 1979 (et a \u00e9t\u00e9 rouvert au public en 2011). Les ann\u00e9es de la jeunesse et des premiers contacts avec la musique sont pr\u00e9sent\u00e9es dans ce lieu presque magique, gr\u00e2ce aux objets ayant appartenu au compositeur l\u00e9gendaire.<\/p>\n<p>10. <strong>Le Palais Mansi et la Pinacoth\u00e8que<\/strong><\/p>\n<p>Vous souhaitez d\u00e9couvrir comment vivaient et ce qui entourait les marchands de Lucques\u00a0? Passez donc dans la Via Galli Tassi 43 et admirez la splendeur du Palais Mansi et de sa Pinacoth\u00e8que.<\/p>\n<p>11. <strong>Pont du Diable<\/strong><\/p>\n<p>Certaines l\u00e9gendes, associ\u00e9es \u00e0 des lieux pleins de myst\u00e8re comme le Pont du Diable, rendent la ville encore plus intrigante. Nous sommes sur le fleuve Serchio, \u00e0 Borgo a Mozzano, \u00e0 proximit\u00e9 de Lucques. Le \u00ab\u00a0myst\u00e8re\u00a0\u00bb du point se manifeste d\u2019embl\u00e9e avec tout son charme, avec cet arc si disproportionn\u00e9 par rapport aux autres.<\/p>\n<p>La l\u00e9gende veut que le contrema\u00eetre \u00e0 qui avait \u00e9t\u00e9 confi\u00e9e l\u2019ouvrage, avait vendu son \u00e2me \u00e0 Lucifer pour le livrer dans les temps. Le pacte\u00a0? Le pont termin\u00e9 en une seule nuit en \u00e9change de l\u2019\u00e2me de la personne qui l\u2019aurait travers\u00e9 en premier. Mais le contrema\u00eetre, ayant confess\u00e9 le tout \u00e0 un religieux du lieu, avait r\u00e9ussi \u00e0 trouver une solution, en faisant traverser le pont \u00e0 un cochon.<\/p>\n<p>12. <strong>Palais Ducal<\/strong><\/p>\n<p>Sur le c\u00f4t\u00e9 ouest de Place Napol\u00e9on se trouve le Palais Ducal, dont l\u2019histoire est tr\u00e8s intense et importante. La Forteresse Augusta de Castruccio Castracani, d\u00e9truite par une insurrection populaire en 1370, se dressait ici. Apr\u00e8s diff\u00e9rents passages de t\u00e9moin et remodernisations, le nouveau Palais a \u00e9t\u00e9 d\u2019abord habit\u00e9 par la duchesse Elisa Baciocchi puis a \u00e9t\u00e9 le si\u00e8ge du gouvernement jusqu\u2019\u00e0 l\u2019annexion au Grand-Duch\u00e9 de Toscane de 1847.<\/p>\n\t\t\t\t\t\t\t\t<\/div>\n\t\t\t\t<\/div>\n\t\t\t\t<\/div>\n\t\t\t\t\t<\/div>\n\t\t\t\t<\/div>\n\t\t<div class=\"elementor-element elementor-element-67ef1e1 e-flex e-con-boxed e-con e-parent\" data-id=\"67ef1e1\" data-element_type=\"container\" data-e-type=\"container\" data-settings=\"{&quot;background_background&quot;:&quot;classic&quot;}\">\n\t\t\t\t\t<div class=\"e-con-inner\">\n\t\t<div class=\"elementor-element elementor-element-4d78f94 e-con-full e-flex e-con e-child\" data-id=\"4d78f94\" data-element_type=\"container\" data-e-type=\"container\" data-settings=\"{&quot;background_background&quot;:&quot;classic&quot;}\">\n\t\t\t\t<\/div>\n\t\t<div class=\"elementor-element elementor-element-92a380c e-con-full e-flex e-con e-child\" data-id=\"92a380c\" data-element_type=\"container\" data-e-type=\"container\">\n\t\t\t\t<div class=\"elementor-element elementor-element-e3c4c29 elementor-widget elementor-widget-heading\" data-id=\"e3c4c29\" data-element_type=\"widget\" data-e-type=\"widget\" data-widget_type=\"heading.default\">\n\t\t\t\t<div class=\"elementor-widget-container\">\n\t\t\t\t\t<h2 class=\"elementor-heading-title elementor-size-default\">Les festivals et les \u00e9v\u00e9nements de Lucques<\/h2>\t\t\t\t<\/div>\n\t\t\t\t<\/div>\n\t\t\t\t<div class=\"elementor-element elementor-element-341bc76 elementor-widget elementor-widget-text-editor\" data-id=\"341bc76\" data-element_type=\"widget\" data-e-type=\"widget\" data-widget_type=\"text-editor.default\">\n\t\t\t\t<div class=\"elementor-widget-container\">\n\t\t\t\t\t\t\t\t\t<p>Les expressions de l\u2019art classique et contemporain trouvent leur place \u00e0 Lucques \u00e0 toutes les saisons\u00a0: elles occupent parfois physiquement toute la ville, parfois que certains sites particuliers.<\/p>\n<p>De la musique classique et d\u2019op\u00e9ra (Lucca Classica Music festival, les Cartoline Pucciniane) au rock et au jazz (Lucca Jazz donna, Lucca Summer Festival) en passant par la musique contemporaine (Puccini Opera festival, Wom Fest, Dance Meeting), la ville vit toute l\u2019ann\u00e9e d\u2019une \u00e2me musicale qui remplit ses rues.<\/p>\n<p>\u00c0 cela s\u2019ajoutent toutes les d\u00e9clinaisons contemporaines de l\u2019art\u00a0: du cin\u00e9ma (Lucca film festival) aux bandes-dessin\u00e9es (Lucca Comics &amp; Games, Collezionando) en passant par la photographie (Photolux).<\/p>\n<p>L\u2019\u00e9v\u00e9nement le plus attendu de l\u2019ann\u00e9e est sans aucun doute le plus connu qui est le <strong>Lucca Comics &amp; Games<\/strong>, un salon international consacr\u00e9 \u00e0 la bande-dessin\u00e9e, \u00e0 l\u2019animation, aux jeux (de r\u00f4le, de table, de cartes), aux jeux vid\u00e9o, au fantasy et \u00e0 la science-fiction.<\/p>\n<p>Il se d\u00e9roule entre fin octobre et d\u00e9but novembre et est consid\u00e9r\u00e9 comme le festival italien le plus important du secteur, premier d\u2019Europe et deuxi\u00e8me au monde, apr\u00e8s le Comiket de Tokyo.<\/p>\n<p>Tous les op\u00e9rateurs les plus importants du secteur y participent, ainsi qu\u2019un nombre toujours croissant de magasins sp\u00e9cialis\u00e9s, de librairies de bande-dessin\u00e9e, et d\u2019associations ludiques et culturelles. Plusieurs \u00e9v\u00e9nements se d\u00e9rouleront durant les jours de l\u2019exposition, parmi lesquels des concerts, des projections, des rencontres avec les auteurs, des pr\u00e9sentations, des tournois de jeux de r\u00f4le en direct et de cosplay, avec des spectacles d\u00e9di\u00e9s au secteur de la BD et de l\u2019animation en g\u00e9n\u00e9ral.<\/p>\n<p>R\u00e9partis dans les rues de la ville, il est possible de trouver des expositions et des parcours d\u00e9di\u00e9s aux principaux artistes mondiaux ou titres d\u2019\u0153uvres pr\u00e9sents au festival. Certaines de ces expositions sont mont\u00e9es dans le cadre Renaissance de la ville, \u00e0 l\u2019int\u00e9rieur des palais anciens de Lucques.<\/p>\n<p>Lucques est une ville \u00e0 d\u00e9couvrir, riche d\u2019\u00e9v\u00e9nements pour tous les go\u00fbts, qui rempliront vos vacances de souvenirs et d\u2019\u00e9motions.<\/p>\n\t\t\t\t\t\t\t\t<\/div>\n\t\t\t\t<\/div>\n\t\t\t\t<\/div>\n\t\t\t\t\t<\/div>\n\t\t\t\t<\/div>\n\t\t<div class=\"elementor-element elementor-element-2f96a66 e-flex e-con-boxed e-con e-parent\" data-id=\"2f96a66\" data-element_type=\"container\" data-e-type=\"container\">\n\t\t\t\t\t<div class=\"e-con-inner\">\n\t\t\t\t<div class=\"elementor-element elementor-element-4036687 elementor-widget elementor-widget-template\" data-id=\"4036687\" data-element_type=\"widget\" data-e-type=\"widget\" data-widget_type=\"template.default\">\n\t\t\t\t<div class=\"elementor-widget-container\">\n\t\t\t\t\t\t\t<div class=\"elementor-template\">\n\t\t\t\t\t<div data-elementor-type=\"container\" data-elementor-id=\"8041\" class=\"elementor elementor-8041 elementor-3036 elementor-3036\" data-elementor-post-type=\"elementor_library\">\n\t\t\t\t<div class=\"elementor-element elementor-element-2c920f57 e-flex e-con-boxed e-con e-parent\" data-id=\"2c920f57\" data-element_type=\"container\" data-e-type=\"container\" data-settings=\"{&quot;background_background&quot;:&quot;classic&quot;}\">\n\t\t\t\t\t<div class=\"e-con-inner\">\n\t\t\t\t<div class=\"elementor-element elementor-element-53510f33 elementor-widget elementor-widget-heading\" data-id=\"53510f33\" data-element_type=\"widget\" data-e-type=\"widget\" data-widget_type=\"heading.default\">\n\t\t\t\t<div class=\"elementor-widget-container\">\n\t\t\t\t\t<h2 class=\"elementor-heading-title elementor-size-default\">Vous aimerez peut-\u00eatre aussi<\/h2>\t\t\t\t<\/div>\n\t\t\t\t<\/div>\n\t\t\t\t<div class=\"elementor-element elementor-element-cee16cc elementor-grid-4 elementor-grid-tablet-2 elementor-grid-mobile-1 elementor-posts--thumbnail-top elementor-widget elementor-widget-posts\" data-id=\"cee16cc\" data-element_type=\"widget\" data-e-type=\"widget\" data-settings=\"{&quot;classic_columns&quot;:&quot;4&quot;,&quot;classic_columns_tablet&quot;:&quot;2&quot;,&quot;classic_columns_mobile&quot;:&quot;1&quot;,&quot;classic_row_gap&quot;:{&quot;unit&quot;:&quot;px&quot;,&quot;size&quot;:35,&quot;sizes&quot;:[]},&quot;classic_row_gap_tablet&quot;:{&quot;unit&quot;:&quot;px&quot;,&quot;size&quot;:&quot;&quot;,&quot;sizes&quot;:[]},&quot;classic_row_gap_mobile&quot;:{&quot;unit&quot;:&quot;px&quot;,&quot;size&quot;:&quot;&quot;,&quot;sizes&quot;:[]}}\" data-widget_type=\"posts.classic\">\n\t\t\t\t<div class=\"elementor-widget-container\">\n\t\t\t\t\t\t\t<div class=\"elementor-posts-container elementor-posts elementor-posts--skin-classic elementor-grid\" role=\"list\">\n\t\t\t\t<article class=\"elementor-post elementor-grid-item post-10509 post type-post status-publish format-standard has-post-thumbnail hentry category-blog\" role=\"listitem\">\n\t\t\t\t<a class=\"elementor-post__thumbnail__link\" href=\"https:\/\/hotelmarinetta.it\/fr\/blog\/excursions-journee-villes-art-toscane\/\" tabindex=\"-1\" >\n\t\t\t<div class=\"elementor-post__thumbnail\"><img fetchpriority=\"high\" decoding=\"async\" data-src=\"https:\/\/hotelmarinetta.it\/wp-content\/uploads\/2026\/06\/Pisa-02-768x512.jpg\" width=\"768\" height=\"512\" src=\"data:image\/gif;base64,R0lGODlhAQABAIAAAAAAAP\/\/\/yH5BAEAAAAALAAAAAABAAEAAAIBRAA7\" class=\"attachment-medium_large size-medium_large wp-image-10502 lazyload\" alt=\"Pisa\" \/><noscript><img decoding=\"async\" width=\"768\" height=\"512\" src=\"https:\/\/hotelmarinetta.it\/wp-content\/uploads\/2026\/06\/Pisa-02-768x512.jpg\" class=\"attachment-medium_large size-medium_large wp-image-10502\" alt=\"Pisa\" srcset=\"https:\/\/hotelmarinetta.it\/wp-content\/uploads\/2026\/06\/Pisa-02-768x512.jpg 768w, https:\/\/hotelmarinetta.it\/wp-content\/uploads\/2026\/06\/Pisa-02-300x200.jpg 300w, https:\/\/hotelmarinetta.it\/wp-content\/uploads\/2026\/06\/Pisa-02-1024x682.jpg 1024w, https:\/\/hotelmarinetta.it\/wp-content\/uploads\/2026\/06\/Pisa-02.jpg 1280w\" sizes=\"(max-width: 768px) 100vw, 768px\" \/><\/noscript><\/div>\n\t\t<\/a>\n\t\t\t\t<div class=\"elementor-post__text\">\n\t\t\t\t<h3 class=\"elementor-post__title\">\n\t\t\t<a href=\"https:\/\/hotelmarinetta.it\/fr\/blog\/excursions-journee-villes-art-toscane\/\" >\n\t\t\t\tExcursions et villes d&rsquo;art pr\u00e8s de l&rsquo;H\u00f4tel Marinetta\t\t\t<\/a>\n\t\t<\/h3>\n\t\t\t\t<div class=\"elementor-post__excerpt\">\n\t\t\t<p>Florence, Sienne, Volterra et plus encore : excursions \u00e0 la journ\u00e9e depuis la C\u00f4te des \u00c9trusques. Vins, randonn\u00e9es et villes d&rsquo;art \u00e0 port\u00e9e de route.<\/p>\n\t\t<\/div>\n\t\t\t\t<\/div>\n\t\t\t\t<\/article>\n\t\t\t\t<article class=\"elementor-post elementor-grid-item post-10444 post type-post status-publish format-standard has-post-thumbnail hentry category-blog\" role=\"listitem\">\n\t\t\t\t<a class=\"elementor-post__thumbnail__link\" href=\"https:\/\/hotelmarinetta.it\/fr\/blog\/thermes-sassetta-excursion\/\" tabindex=\"-1\" >\n\t\t\t<div class=\"elementor-post__thumbnail\"><img decoding=\"async\" data-src=\"https:\/\/hotelmarinetta.it\/wp-content\/uploads\/2026\/06\/Terme-Sassetta-01-768x346.jpg\" width=\"768\" height=\"346\" src=\"data:image\/gif;base64,R0lGODlhAQABAIAAAAAAAP\/\/\/yH5BAEAAAAALAAAAAABAAEAAAIBRAA7\" class=\"attachment-medium_large size-medium_large wp-image-10416 lazyload\" alt=\"Terme di Sassetta\" \/><noscript><img loading=\"lazy\" decoding=\"async\" width=\"768\" height=\"346\" src=\"https:\/\/hotelmarinetta.it\/wp-content\/uploads\/2026\/06\/Terme-Sassetta-01-768x346.jpg\" class=\"attachment-medium_large size-medium_large wp-image-10416\" alt=\"Terme di Sassetta\" srcset=\"https:\/\/hotelmarinetta.it\/wp-content\/uploads\/2026\/06\/Terme-Sassetta-01-768x346.jpg 768w, https:\/\/hotelmarinetta.it\/wp-content\/uploads\/2026\/06\/Terme-Sassetta-01-300x135.jpg 300w, https:\/\/hotelmarinetta.it\/wp-content\/uploads\/2026\/06\/Terme-Sassetta-01-1024x461.jpg 1024w, https:\/\/hotelmarinetta.it\/wp-content\/uploads\/2026\/06\/Terme-Sassetta-01.jpg 1400w\" sizes=\"(max-width: 768px) 100vw, 768px\" \/><\/noscript><\/div>\n\t\t<\/a>\n\t\t\t\t<div class=\"elementor-post__text\">\n\t\t\t\t<h3 class=\"elementor-post__title\">\n\t\t\t<a href=\"https:\/\/hotelmarinetta.it\/fr\/blog\/thermes-sassetta-excursion\/\" >\n\t\t\t\tExcursion aux Thermes de Sassetta depuis Marina di Bibbona\t\t\t<\/a>\n\t\t<\/h3>\n\t\t\t\t<div class=\"elementor-post__excerpt\">\n\t\t\t<p>Les Thermes de Sassetta \u00e0 40 minutes de l&rsquo;H\u00f4tel Marinetta : piscines thermales et nature en Val di Cornia. Une excursion parfaite sur la C\u00f4te des \u00c9trusques.<\/p>\n\t\t<\/div>\n\t\t\t\t<\/div>\n\t\t\t\t<\/article>\n\t\t\t\t<article class=\"elementor-post elementor-grid-item post-6396 post type-post status-publish format-standard has-post-thumbnail hentry category-blog\" role=\"listitem\">\n\t\t\t\t<a class=\"elementor-post__thumbnail__link\" href=\"https:\/\/hotelmarinetta.it\/fr\/blog\/villages-medievaux-toscane\/\" tabindex=\"-1\" >\n\t\t\t<div class=\"elementor-post__thumbnail\"><img loading=\"lazy\" decoding=\"async\" data-src=\"https:\/\/hotelmarinetta.it\/wp-content\/uploads\/2025\/07\/Costa-Etruschi-Borghi-768x512.jpg\" width=\"768\" height=\"512\" src=\"data:image\/gif;base64,R0lGODlhAQABAIAAAAAAAP\/\/\/yH5BAEAAAAALAAAAAABAAEAAAIBRAA7\" class=\"attachment-medium_large size-medium_large wp-image-6078 lazyload\" alt=\"Borghi\" \/><noscript><img loading=\"lazy\" decoding=\"async\" width=\"768\" height=\"512\" src=\"https:\/\/hotelmarinetta.it\/wp-content\/uploads\/2025\/07\/Costa-Etruschi-Borghi-768x512.jpg\" class=\"attachment-medium_large size-medium_large wp-image-6078\" alt=\"Borghi\" srcset=\"https:\/\/hotelmarinetta.it\/wp-content\/uploads\/2025\/07\/Costa-Etruschi-Borghi-768x512.jpg 768w, https:\/\/hotelmarinetta.it\/wp-content\/uploads\/2025\/07\/Costa-Etruschi-Borghi-300x200.jpg 300w, https:\/\/hotelmarinetta.it\/wp-content\/uploads\/2025\/07\/Costa-Etruschi-Borghi.jpg 1024w\" sizes=\"(max-width: 768px) 100vw, 768px\" \/><\/noscript><\/div>\n\t\t<\/a>\n\t\t\t\t<div class=\"elementor-post__text\">\n\t\t\t\t<h3 class=\"elementor-post__title\">\n\t\t\t<a href=\"https:\/\/hotelmarinetta.it\/fr\/blog\/villages-medievaux-toscane\/\" >\n\t\t\t\tVillages m\u00e9di\u00e9vaux \u00e0 visiter en Toscane\t\t\t<\/a>\n\t\t<\/h3>\n\t\t\t\t<div class=\"elementor-post__excerpt\">\n\t\t\t<p>Visitez les plus beaux villages m\u00e9di\u00e9vaux de Toscane avec l&rsquo;H\u00f4tel Marinetta, vivez l&rsquo;histoire parmi les ruelles et les vues, r\u00e9servez votre exp\u00e9rience maintenant.<\/p>\n\t\t<\/div>\n\t\t\t\t<\/div>\n\t\t\t\t<\/article>\n\t\t\t\t<article class=\"elementor-post elementor-grid-item post-7012 post type-post status-publish format-standard has-post-thumbnail hentry category-blog\" role=\"listitem\">\n\t\t\t\t<a class=\"elementor-post__thumbnail__link\" href=\"https:\/\/hotelmarinetta.it\/fr\/blog\/meilleur-cote-etruscques\/\" tabindex=\"-1\" >\n\t\t\t<div class=\"elementor-post__thumbnail\"><img loading=\"lazy\" decoding=\"async\" data-src=\"https:\/\/hotelmarinetta.it\/wp-content\/uploads\/2025\/07\/Hd-CostaEtruschi-768x432.jpg\" width=\"768\" height=\"432\" src=\"data:image\/gif;base64,R0lGODlhAQABAIAAAAAAAP\/\/\/yH5BAEAAAAALAAAAAABAAEAAAIBRAA7\" class=\"attachment-medium_large size-medium_large wp-image-6086 lazyload\" alt=\"Costa Etruschi\" \/><noscript><img loading=\"lazy\" decoding=\"async\" width=\"768\" height=\"432\" src=\"https:\/\/hotelmarinetta.it\/wp-content\/uploads\/2025\/07\/Hd-CostaEtruschi-768x432.jpg\" class=\"attachment-medium_large size-medium_large wp-image-6086\" alt=\"Costa Etruschi\" srcset=\"https:\/\/hotelmarinetta.it\/wp-content\/uploads\/2025\/07\/Hd-CostaEtruschi-768x432.jpg 768w, https:\/\/hotelmarinetta.it\/wp-content\/uploads\/2025\/07\/Hd-CostaEtruschi-300x169.jpg 300w, https:\/\/hotelmarinetta.it\/wp-content\/uploads\/2025\/07\/Hd-CostaEtruschi-1024x576.jpg 1024w, https:\/\/hotelmarinetta.it\/wp-content\/uploads\/2025\/07\/Hd-CostaEtruschi.jpg 1366w\" sizes=\"(max-width: 768px) 100vw, 768px\" \/><\/noscript><\/div>\n\t\t<\/a>\n\t\t\t\t<div class=\"elementor-post__text\">\n\t\t\t\t<h3 class=\"elementor-post__title\">\n\t\t\t<a href=\"https:\/\/hotelmarinetta.it\/fr\/blog\/meilleur-cote-etruscques\/\" >\n\t\t\t\tLe meilleur de la C\u00f4te des \u00c9trusques\t\t\t<\/a>\n\t\t<\/h3>\n\t\t\t\t<div class=\"elementor-post__excerpt\">\n\t\t\t<p>Venez d\u00e9couvrir la beaut\u00e9 de Marina di Bibbona et les meilleurs itin\u00e9raires de la c\u00f4te des \u00c9trusques.<\/p>\n\t\t<\/div>\n\t\t\t\t<\/div>\n\t\t\t\t<\/article>\n\t\t\t\t<article class=\"elementor-post elementor-grid-item post-6045 post type-post status-publish format-standard has-post-thumbnail hentry category-blog\" role=\"listitem\">\n\t\t\t\t<a class=\"elementor-post__thumbnail__link\" href=\"https:\/\/hotelmarinetta.it\/fr\/blog\/beautes-lucques-lucca-comics\/\" tabindex=\"-1\" >\n\t\t\t<div class=\"elementor-post__thumbnail\"><img loading=\"lazy\" decoding=\"async\" data-src=\"https:\/\/hotelmarinetta.it\/wp-content\/uploads\/2025\/07\/Hd-Lucca-768x432.jpg\" width=\"768\" height=\"432\" src=\"data:image\/gif;base64,R0lGODlhAQABAIAAAAAAAP\/\/\/yH5BAEAAAAALAAAAAABAAEAAAIBRAA7\" class=\"attachment-medium_large size-medium_large wp-image-6029 lazyload\" alt=\"Lucca\" \/><noscript><img loading=\"lazy\" decoding=\"async\" width=\"768\" height=\"432\" src=\"https:\/\/hotelmarinetta.it\/wp-content\/uploads\/2025\/07\/Hd-Lucca-768x432.jpg\" class=\"attachment-medium_large size-medium_large wp-image-6029\" alt=\"Lucca\" srcset=\"https:\/\/hotelmarinetta.it\/wp-content\/uploads\/2025\/07\/Hd-Lucca-768x432.jpg 768w, https:\/\/hotelmarinetta.it\/wp-content\/uploads\/2025\/07\/Hd-Lucca-300x169.jpg 300w, https:\/\/hotelmarinetta.it\/wp-content\/uploads\/2025\/07\/Hd-Lucca-1024x576.jpg 1024w, https:\/\/hotelmarinetta.it\/wp-content\/uploads\/2025\/07\/Hd-Lucca.jpg 1366w\" sizes=\"(max-width: 768px) 100vw, 768px\" \/><\/noscript><\/div>\n\t\t<\/a>\n\t\t\t\t<div class=\"elementor-post__text\">\n\t\t\t\t<h3 class=\"elementor-post__title\">\n\t\t\t<a href=\"https:\/\/hotelmarinetta.it\/fr\/blog\/beautes-lucques-lucca-comics\/\" >\n\t\t\t\tLes beaut\u00e9s de Lucques\t\t\t<\/a>\n\t\t<\/h3>\n\t\t\t\t<div class=\"elementor-post__excerpt\">\n\t\t\t<p>D\u00e9couvrez la beaut\u00e9 de Lucques avec l&rsquo;H\u00f4tel Marinetta, entre histoire et charme toscan, r\u00e9servez votre s\u00e9jour d\u00e8s maintenant.<\/p>\n\t\t<\/div>\n\t\t\t\t<\/div>\n\t\t\t\t<\/article>\n\t\t\t\t<article class=\"elementor-post elementor-grid-item post-6020 post type-post status-publish format-standard has-post-thumbnail hentry category-blog\" role=\"listitem\">\n\t\t\t\t<a class=\"elementor-post__thumbnail__link\" href=\"https:\/\/hotelmarinetta.it\/fr\/blog\/bolgheri-guide-terre-vin\/\" tabindex=\"-1\" >\n\t\t\t<div class=\"elementor-post__thumbnail\"><img loading=\"lazy\" decoding=\"async\" data-src=\"https:\/\/hotelmarinetta.it\/wp-content\/uploads\/2025\/07\/Hd-Bolgheri-768x432.jpg\" width=\"768\" height=\"432\" src=\"data:image\/gif;base64,R0lGODlhAQABAIAAAAAAAP\/\/\/yH5BAEAAAAALAAAAAABAAEAAAIBRAA7\" class=\"attachment-medium_large size-medium_large wp-image-5991 lazyload\" alt=\"Bolgheri\" \/><noscript><img loading=\"lazy\" decoding=\"async\" width=\"768\" height=\"432\" src=\"https:\/\/hotelmarinetta.it\/wp-content\/uploads\/2025\/07\/Hd-Bolgheri-768x432.jpg\" class=\"attachment-medium_large size-medium_large wp-image-5991\" alt=\"Bolgheri\" srcset=\"https:\/\/hotelmarinetta.it\/wp-content\/uploads\/2025\/07\/Hd-Bolgheri-768x432.jpg 768w, https:\/\/hotelmarinetta.it\/wp-content\/uploads\/2025\/07\/Hd-Bolgheri-300x169.jpg 300w, https:\/\/hotelmarinetta.it\/wp-content\/uploads\/2025\/07\/Hd-Bolgheri-1024x576.jpg 1024w, https:\/\/hotelmarinetta.it\/wp-content\/uploads\/2025\/07\/Hd-Bolgheri.jpg 1366w\" sizes=\"(max-width: 768px) 100vw, 768px\" \/><\/noscript><\/div>\n\t\t<\/a>\n\t\t\t\t<div class=\"elementor-post__text\">\n\t\t\t\t<h3 class=\"elementor-post__title\">\n\t\t\t<a href=\"https:\/\/hotelmarinetta.it\/fr\/blog\/bolgheri-guide-terre-vin\/\" >\n\t\t\t\tBolgheri: un Guide de la Terre du Vin\t\t\t<\/a>\n\t\t<\/h3>\n\t\t\t\t<div class=\"elementor-post__excerpt\">\n\t\t\t<p>Explorez Bolgheri et ses vins prestigieux avec notre guide exclusif depuis l\u2019H\u00f4tel Marinetta, r\u00e9servez votre aventure \u0153nologique aujourd\u2019hui.<\/p>\n\t\t<\/div>\n\t\t\t\t<\/div>\n\t\t\t\t<\/article>\n\t\t\t\t<\/div>\n\t\t\n\t\t\t\t\t\t<\/div>\n\t\t\t\t<\/div>\n\t\t\t\t\t<\/div>\n\t\t\t\t<\/div>\n\t\t\t\t<\/div>\n\t\t\t\t<\/div>\n\t\t\t\t\t\t<\/div>\n\t\t\t\t<\/div>\n\t\t\t\t\t<\/div>\n\t\t\t\t<\/div>\n\t\t\t\t<\/div>\n\t\t","protected":false},"excerpt":{"rendered":"<p>D\u00e9couvrez la beaut\u00e9 de Lucques avec l&rsquo;H\u00f4tel Marinetta, entre histoire et charme toscan, r\u00e9servez votre s\u00e9jour d\u00e8s maintenant.<\/p>\n","protected":false},"author":1,"featured_media":6029,"comment_status":"closed","ping_status":"open","sticky":false,"template":"","format":"standard","meta":{"footnotes":""},"categories":[50],"tags":[],"class_list":["post-6045","post","type-post","status-publish","format-standard","has-post-thumbnail","hentry","category-blog"],"yoast_head":"<!-- This site is optimized with the Yoast SEO plugin v28.4 - https:\/\/yoast.com\/product\/yoast-seo-wordpress\/ -->\n<title>Les beaut\u00e9s de Lucques | Hotel Marinetta<\/title>\n<meta name=\"description\" content=\"D\u00e9couvrez la beaut\u00e9 de Lucques avec l&#039;H\u00f4tel Marinetta, entre histoire et charme toscan, r\u00e9servez votre s\u00e9jour d\u00e8s maintenant.\" \/>\n<meta name=\"robots\" content=\"index, follow, max-snippet:-1, max-image-preview:large, max-video-preview:-1\" \/>\n<link rel=\"canonical\" href=\"https:\/\/hotelmarinetta.it\/fr\/blog\/beautes-lucques-lucca-comics\/\" \/>\n<meta property=\"og:locale\" content=\"fr_FR\" \/>\n<meta property=\"og:type\" content=\"article\" \/>\n<meta property=\"og:title\" content=\"Les beaut\u00e9s de Lucques | Hotel Marinetta\" \/>\n<meta property=\"og:description\" content=\"D\u00e9couvrez la beaut\u00e9 de Lucques avec l&#039;H\u00f4tel Marinetta, entre histoire et charme toscan, r\u00e9servez votre s\u00e9jour d\u00e8s maintenant.\" \/>\n<meta property=\"og:url\" content=\"https:\/\/hotelmarinetta.it\/fr\/blog\/beautes-lucques-lucca-comics\/\" \/>\n<meta property=\"og:site_name\" content=\"Park Hotel Marinetta\" \/>\n<meta property=\"article:publisher\" content=\"https:\/\/www.facebook.com\/parkhotelmarinetta\" \/>\n<meta property=\"article:published_time\" content=\"2025-07-03T09:48:25+00:00\" \/>\n<meta property=\"article:modified_time\" content=\"2025-07-28T09:51:38+00:00\" \/>\n<meta property=\"og:image\" content=\"https:\/\/hotelmarinetta.it\/wp-content\/uploads\/2025\/07\/Hd-Lucca.jpg\" \/>\n\t<meta property=\"og:image:width\" content=\"1366\" \/>\n\t<meta property=\"og:image:height\" content=\"768\" \/>\n\t<meta property=\"og:image:type\" content=\"image\/jpeg\" \/>\n<meta name=\"author\" content=\"fritumuv@gmail.com\" \/>\n<meta name=\"twitter:card\" content=\"summary_large_image\" \/>\n<meta name=\"twitter:label1\" content=\"\u00c9crit par\" \/>\n\t<meta name=\"twitter:data1\" content=\"fritumuv@gmail.com\" \/>\n\t<meta name=\"twitter:label2\" content=\"Dur\u00e9e de lecture estim\u00e9e\" \/>\n\t<meta name=\"twitter:data2\" content=\"7 minutes\" \/>\n<script type=\"application\/ld+json\" class=\"yoast-schema-graph\">{\"@context\":\"https:\\\/\\\/schema.org\",\"@graph\":[{\"@type\":\"Article\",\"@id\":\"https:\\\/\\\/hotelmarinetta.it\\\/fr\\\/blog\\\/beautes-lucques-lucca-comics\\\/#article\",\"isPartOf\":{\"@id\":\"https:\\\/\\\/hotelmarinetta.it\\\/fr\\\/blog\\\/beautes-lucques-lucca-comics\\\/\"},\"author\":{\"name\":\"fritumuv@gmail.com\",\"@id\":\"https:\\\/\\\/hotelmarinetta.it\\\/fr\\\/#\\\/schema\\\/person\\\/584739d367c8d0bcc9663ceab4b7a84a\"},\"headline\":\"Les beaut\u00e9s de Lucques\",\"datePublished\":\"2025-07-03T09:48:25+00:00\",\"dateModified\":\"2025-07-28T09:51:38+00:00\",\"mainEntityOfPage\":{\"@id\":\"https:\\\/\\\/hotelmarinetta.it\\\/fr\\\/blog\\\/beautes-lucques-lucca-comics\\\/\"},\"wordCount\":1345,\"publisher\":{\"@id\":\"https:\\\/\\\/hotelmarinetta.it\\\/fr\\\/#organization\"},\"image\":{\"@id\":\"https:\\\/\\\/hotelmarinetta.it\\\/fr\\\/blog\\\/beautes-lucques-lucca-comics\\\/#primaryimage\"},\"thumbnailUrl\":\"https:\\\/\\\/hotelmarinetta.it\\\/wp-content\\\/uploads\\\/2025\\\/07\\\/Hd-Lucca.jpg\",\"articleSection\":[\"Blog\"],\"inLanguage\":\"fr-FR\"},{\"@type\":\"WebPage\",\"@id\":\"https:\\\/\\\/hotelmarinetta.it\\\/fr\\\/blog\\\/beautes-lucques-lucca-comics\\\/\",\"url\":\"https:\\\/\\\/hotelmarinetta.it\\\/fr\\\/blog\\\/beautes-lucques-lucca-comics\\\/\",\"name\":\"Les beaut\u00e9s de Lucques | Hotel Marinetta\",\"isPartOf\":{\"@id\":\"https:\\\/\\\/hotelmarinetta.it\\\/fr\\\/#website\"},\"primaryImageOfPage\":{\"@id\":\"https:\\\/\\\/hotelmarinetta.it\\\/fr\\\/blog\\\/beautes-lucques-lucca-comics\\\/#primaryimage\"},\"image\":{\"@id\":\"https:\\\/\\\/hotelmarinetta.it\\\/fr\\\/blog\\\/beautes-lucques-lucca-comics\\\/#primaryimage\"},\"thumbnailUrl\":\"https:\\\/\\\/hotelmarinetta.it\\\/wp-content\\\/uploads\\\/2025\\\/07\\\/Hd-Lucca.jpg\",\"datePublished\":\"2025-07-03T09:48:25+00:00\",\"dateModified\":\"2025-07-28T09:51:38+00:00\",\"description\":\"D\u00e9couvrez la beaut\u00e9 de Lucques avec l'H\u00f4tel Marinetta, entre histoire et charme toscan, r\u00e9servez votre s\u00e9jour d\u00e8s maintenant.\",\"breadcrumb\":{\"@id\":\"https:\\\/\\\/hotelmarinetta.it\\\/fr\\\/blog\\\/beautes-lucques-lucca-comics\\\/#breadcrumb\"},\"inLanguage\":\"fr-FR\",\"potentialAction\":[{\"@type\":\"ReadAction\",\"target\":[\"https:\\\/\\\/hotelmarinetta.it\\\/fr\\\/blog\\\/beautes-lucques-lucca-comics\\\/\"]}]},{\"@type\":\"ImageObject\",\"inLanguage\":\"fr-FR\",\"@id\":\"https:\\\/\\\/hotelmarinetta.it\\\/fr\\\/blog\\\/beautes-lucques-lucca-comics\\\/#primaryimage\",\"url\":\"https:\\\/\\\/hotelmarinetta.it\\\/wp-content\\\/uploads\\\/2025\\\/07\\\/Hd-Lucca.jpg\",\"contentUrl\":\"https:\\\/\\\/hotelmarinetta.it\\\/wp-content\\\/uploads\\\/2025\\\/07\\\/Hd-Lucca.jpg\",\"width\":1366,\"height\":768,\"caption\":\"Lucca\"},{\"@type\":\"BreadcrumbList\",\"@id\":\"https:\\\/\\\/hotelmarinetta.it\\\/fr\\\/blog\\\/beautes-lucques-lucca-comics\\\/#breadcrumb\",\"itemListElement\":[{\"@type\":\"ListItem\",\"position\":1,\"name\":\"Home\",\"item\":\"https:\\\/\\\/hotelmarinetta.it\\\/fr\\\/\"},{\"@type\":\"ListItem\",\"position\":2,\"name\":\"Blog\",\"item\":\"https:\\\/\\\/hotelmarinetta.it\\\/fr\\\/blog\\\/\"},{\"@type\":\"ListItem\",\"position\":3,\"name\":\"Les beaut\u00e9s de Lucques\"}]},{\"@type\":\"WebSite\",\"@id\":\"https:\\\/\\\/hotelmarinetta.it\\\/fr\\\/#website\",\"url\":\"https:\\\/\\\/hotelmarinetta.it\\\/fr\\\/\",\"name\":\"Park Hotel Marinetta\",\"description\":\"Resort sul Mare in Toscana\",\"publisher\":{\"@id\":\"https:\\\/\\\/hotelmarinetta.it\\\/fr\\\/#organization\"},\"potentialAction\":[{\"@type\":\"SearchAction\",\"target\":{\"@type\":\"EntryPoint\",\"urlTemplate\":\"https:\\\/\\\/hotelmarinetta.it\\\/fr\\\/?s={search_term_string}\"},\"query-input\":{\"@type\":\"PropertyValueSpecification\",\"valueRequired\":true,\"valueName\":\"search_term_string\"}}],\"inLanguage\":\"fr-FR\"},{\"@type\":\"Organization\",\"@id\":\"https:\\\/\\\/hotelmarinetta.it\\\/fr\\\/#organization\",\"name\":\"Park Hotel Marinetta\",\"url\":\"https:\\\/\\\/hotelmarinetta.it\\\/fr\\\/\",\"logo\":{\"@type\":\"ImageObject\",\"inLanguage\":\"fr-FR\",\"@id\":\"https:\\\/\\\/hotelmarinetta.it\\\/fr\\\/#\\\/schema\\\/logo\\\/image\\\/\",\"url\":\"https:\\\/\\\/hotelmarinetta.it\\\/wp-content\\\/uploads\\\/2025\\\/05\\\/Logo-PHM-01.png\",\"contentUrl\":\"https:\\\/\\\/hotelmarinetta.it\\\/wp-content\\\/uploads\\\/2025\\\/05\\\/Logo-PHM-01.png\",\"width\":294,\"height\":89,\"caption\":\"Park Hotel Marinetta\"},\"image\":{\"@id\":\"https:\\\/\\\/hotelmarinetta.it\\\/fr\\\/#\\\/schema\\\/logo\\\/image\\\/\"},\"sameAs\":[\"https:\\\/\\\/www.facebook.com\\\/parkhotelmarinetta\",\"https:\\\/\\\/www.instagram.com\\\/parkhotelmarinetta\\\/\"]},{\"@type\":\"Person\",\"@id\":\"https:\\\/\\\/hotelmarinetta.it\\\/fr\\\/#\\\/schema\\\/person\\\/584739d367c8d0bcc9663ceab4b7a84a\",\"name\":\"fritumuv@gmail.com\",\"image\":{\"@type\":\"ImageObject\",\"inLanguage\":\"fr-FR\",\"@id\":\"https:\\\/\\\/secure.gravatar.com\\\/avatar\\\/528338bab8ff2f7ed85f42685fa7ed3aa659b49ba1c5d15c360680240df86410?s=96&d=mm&r=g\",\"url\":\"https:\\\/\\\/secure.gravatar.com\\\/avatar\\\/528338bab8ff2f7ed85f42685fa7ed3aa659b49ba1c5d15c360680240df86410?s=96&d=mm&r=g\",\"contentUrl\":\"https:\\\/\\\/secure.gravatar.com\\\/avatar\\\/528338bab8ff2f7ed85f42685fa7ed3aa659b49ba1c5d15c360680240df86410?s=96&d=mm&r=g\",\"caption\":\"fritumuv@gmail.com\"}}]}<\/script>\n<!-- \/ Yoast SEO plugin. -->","yoast_head_json":{"title":"Les beaut\u00e9s de Lucques | Hotel Marinetta","description":"D\u00e9couvrez la beaut\u00e9 de Lucques avec l'H\u00f4tel Marinetta, entre histoire et charme toscan, r\u00e9servez votre s\u00e9jour d\u00e8s maintenant.","robots":{"index":"index","follow":"follow","max-snippet":"max-snippet:-1","max-image-preview":"max-image-preview:large","max-video-preview":"max-video-preview:-1"},"canonical":"https:\/\/hotelmarinetta.it\/fr\/blog\/beautes-lucques-lucca-comics\/","og_locale":"fr_FR","og_type":"article","og_title":"Les beaut\u00e9s de Lucques | Hotel Marinetta","og_description":"D\u00e9couvrez la beaut\u00e9 de Lucques avec l'H\u00f4tel Marinetta, entre histoire et charme toscan, r\u00e9servez votre s\u00e9jour d\u00e8s maintenant.","og_url":"https:\/\/hotelmarinetta.it\/fr\/blog\/beautes-lucques-lucca-comics\/","og_site_name":"Park Hotel Marinetta","article_publisher":"https:\/\/www.facebook.com\/parkhotelmarinetta","article_published_time":"2025-07-03T09:48:25+00:00","article_modified_time":"2025-07-28T09:51:38+00:00","og_image":[{"width":1366,"height":768,"url":"https:\/\/hotelmarinetta.it\/wp-content\/uploads\/2025\/07\/Hd-Lucca.jpg","type":"image\/jpeg"}],"author":"fritumuv@gmail.com","twitter_card":"summary_large_image","twitter_misc":{"\u00c9crit par":"fritumuv@gmail.com","Dur\u00e9e de lecture estim\u00e9e":"7 minutes"},"schema":{"@context":"https:\/\/schema.org","@graph":[{"@type":"Article","@id":"https:\/\/hotelmarinetta.it\/fr\/blog\/beautes-lucques-lucca-comics\/#article","isPartOf":{"@id":"https:\/\/hotelmarinetta.it\/fr\/blog\/beautes-lucques-lucca-comics\/"},"author":{"name":"fritumuv@gmail.com","@id":"https:\/\/hotelmarinetta.it\/fr\/#\/schema\/person\/584739d367c8d0bcc9663ceab4b7a84a"},"headline":"Les beaut\u00e9s de Lucques","datePublished":"2025-07-03T09:48:25+00:00","dateModified":"2025-07-28T09:51:38+00:00","mainEntityOfPage":{"@id":"https:\/\/hotelmarinetta.it\/fr\/blog\/beautes-lucques-lucca-comics\/"},"wordCount":1345,"publisher":{"@id":"https:\/\/hotelmarinetta.it\/fr\/#organization"},"image":{"@id":"https:\/\/hotelmarinetta.it\/fr\/blog\/beautes-lucques-lucca-comics\/#primaryimage"},"thumbnailUrl":"https:\/\/hotelmarinetta.it\/wp-content\/uploads\/2025\/07\/Hd-Lucca.jpg","articleSection":["Blog"],"inLanguage":"fr-FR"},{"@type":"WebPage","@id":"https:\/\/hotelmarinetta.it\/fr\/blog\/beautes-lucques-lucca-comics\/","url":"https:\/\/hotelmarinetta.it\/fr\/blog\/beautes-lucques-lucca-comics\/","name":"Les beaut\u00e9s de Lucques | Hotel Marinetta","isPartOf":{"@id":"https:\/\/hotelmarinetta.it\/fr\/#website"},"primaryImageOfPage":{"@id":"https:\/\/hotelmarinetta.it\/fr\/blog\/beautes-lucques-lucca-comics\/#primaryimage"},"image":{"@id":"https:\/\/hotelmarinetta.it\/fr\/blog\/beautes-lucques-lucca-comics\/#primaryimage"},"thumbnailUrl":"https:\/\/hotelmarinetta.it\/wp-content\/uploads\/2025\/07\/Hd-Lucca.jpg","datePublished":"2025-07-03T09:48:25+00:00","dateModified":"2025-07-28T09:51:38+00:00","description":"D\u00e9couvrez la beaut\u00e9 de Lucques avec l'H\u00f4tel Marinetta, entre histoire et charme toscan, r\u00e9servez votre s\u00e9jour d\u00e8s maintenant.","breadcrumb":{"@id":"https:\/\/hotelmarinetta.it\/fr\/blog\/beautes-lucques-lucca-comics\/#breadcrumb"},"inLanguage":"fr-FR","potentialAction":[{"@type":"ReadAction","target":["https:\/\/hotelmarinetta.it\/fr\/blog\/beautes-lucques-lucca-comics\/"]}]},{"@type":"ImageObject","inLanguage":"fr-FR","@id":"https:\/\/hotelmarinetta.it\/fr\/blog\/beautes-lucques-lucca-comics\/#primaryimage","url":"https:\/\/hotelmarinetta.it\/wp-content\/uploads\/2025\/07\/Hd-Lucca.jpg","contentUrl":"https:\/\/hotelmarinetta.it\/wp-content\/uploads\/2025\/07\/Hd-Lucca.jpg","width":1366,"height":768,"caption":"Lucca"},{"@type":"BreadcrumbList","@id":"https:\/\/hotelmarinetta.it\/fr\/blog\/beautes-lucques-lucca-comics\/#breadcrumb","itemListElement":[{"@type":"ListItem","position":1,"name":"Home","item":"https:\/\/hotelmarinetta.it\/fr\/"},{"@type":"ListItem","position":2,"name":"Blog","item":"https:\/\/hotelmarinetta.it\/fr\/blog\/"},{"@type":"ListItem","position":3,"name":"Les beaut\u00e9s de Lucques"}]},{"@type":"WebSite","@id":"https:\/\/hotelmarinetta.it\/fr\/#website","url":"https:\/\/hotelmarinetta.it\/fr\/","name":"Park Hotel Marinetta","description":"Resort sul Mare in Toscana","publisher":{"@id":"https:\/\/hotelmarinetta.it\/fr\/#organization"},"potentialAction":[{"@type":"SearchAction","target":{"@type":"EntryPoint","urlTemplate":"https:\/\/hotelmarinetta.it\/fr\/?s={search_term_string}"},"query-input":{"@type":"PropertyValueSpecification","valueRequired":true,"valueName":"search_term_string"}}],"inLanguage":"fr-FR"},{"@type":"Organization","@id":"https:\/\/hotelmarinetta.it\/fr\/#organization","name":"Park Hotel Marinetta","url":"https:\/\/hotelmarinetta.it\/fr\/","logo":{"@type":"ImageObject","inLanguage":"fr-FR","@id":"https:\/\/hotelmarinetta.it\/fr\/#\/schema\/logo\/image\/","url":"https:\/\/hotelmarinetta.it\/wp-content\/uploads\/2025\/05\/Logo-PHM-01.png","contentUrl":"https:\/\/hotelmarinetta.it\/wp-content\/uploads\/2025\/05\/Logo-PHM-01.png","width":294,"height":89,"caption":"Park Hotel Marinetta"},"image":{"@id":"https:\/\/hotelmarinetta.it\/fr\/#\/schema\/logo\/image\/"},"sameAs":["https:\/\/www.facebook.com\/parkhotelmarinetta","https:\/\/www.instagram.com\/parkhotelmarinetta\/"]},{"@type":"Person","@id":"https:\/\/hotelmarinetta.it\/fr\/#\/schema\/person\/584739d367c8d0bcc9663ceab4b7a84a","name":"fritumuv@gmail.com","image":{"@type":"ImageObject","inLanguage":"fr-FR","@id":"https:\/\/secure.gravatar.com\/avatar\/528338bab8ff2f7ed85f42685fa7ed3aa659b49ba1c5d15c360680240df86410?s=96&d=mm&r=g","url":"https:\/\/secure.gravatar.com\/avatar\/528338bab8ff2f7ed85f42685fa7ed3aa659b49ba1c5d15c360680240df86410?s=96&d=mm&r=g","contentUrl":"https:\/\/secure.gravatar.com\/avatar\/528338bab8ff2f7ed85f42685fa7ed3aa659b49ba1c5d15c360680240df86410?s=96&d=mm&r=g","caption":"fritumuv@gmail.com"}}]}},"_links":{"self":[{"href":"https:\/\/hotelmarinetta.it\/fr\/wp-json\/wp\/v2\/posts\/6045","targetHints":{"allow":["GET"]}}],"collection":[{"href":"https:\/\/hotelmarinetta.it\/fr\/wp-json\/wp\/v2\/posts"}],"about":[{"href":"https:\/\/hotelmarinetta.it\/fr\/wp-json\/wp\/v2\/types\/post"}],"author":[{"embeddable":true,"href":"https:\/\/hotelmarinetta.it\/fr\/wp-json\/wp\/v2\/users\/1"}],"replies":[{"embeddable":true,"href":"https:\/\/hotelmarinetta.it\/fr\/wp-json\/wp\/v2\/comments?post=6045"}],"version-history":[{"count":1,"href":"https:\/\/hotelmarinetta.it\/fr\/wp-json\/wp\/v2\/posts\/6045\/revisions"}],"predecessor-version":[{"id":6046,"href":"https:\/\/hotelmarinetta.it\/fr\/wp-json\/wp\/v2\/posts\/6045\/revisions\/6046"}],"wp:featuredmedia":[{"embeddable":true,"href":"https:\/\/hotelmarinetta.it\/fr\/wp-json\/wp\/v2\/media\/6029"}],"wp:attachment":[{"href":"https:\/\/hotelmarinetta.it\/fr\/wp-json\/wp\/v2\/media?parent=6045"}],"wp:term":[{"taxonomy":"category","embeddable":true,"href":"https:\/\/hotelmarinetta.it\/fr\/wp-json\/wp\/v2\/categories?post=6045"},{"taxonomy":"post_tag","embeddable":true,"href":"https:\/\/hotelmarinetta.it\/fr\/wp-json\/wp\/v2\/tags?post=6045"}],"curies":[{"name":"wp","href":"https:\/\/api.w.org\/{rel}","templated":true}]}}