{"id":5985,"date":"2025-07-03T10:33:21","date_gmt":"2025-07-03T08:33:21","guid":{"rendered":"https:\/\/hotelmarinetta.it\/non-categorise\/ile-elbe-archipel-toscan\/"},"modified":"2025-09-01T11:06:18","modified_gmt":"2025-09-01T09:06:18","slug":"ile-elbe-archipel-toscan","status":"publish","type":"post","link":"https:\/\/hotelmarinetta.it\/fr\/blog\/ile-elbe-archipel-toscan\/","title":{"rendered":"Ile d\u2019Elbe et l\u2019Archipel Toscan"},"content":{"rendered":"\t\t<div data-elementor-type=\"wp-post\" data-elementor-id=\"5985\" class=\"elementor elementor-5985 elementor-5925\" data-elementor-post-type=\"post\">\n\t\t\t\t<div class=\"elementor-element elementor-element-bda4490 e-con-full e-flex e-con e-parent\" data-id=\"bda4490\" data-element_type=\"container\" data-e-type=\"container\" data-settings=\"{&quot;background_background&quot;:&quot;classic&quot;}\">\n\t\t<div class=\"elementor-element elementor-element-72895f1 e-con-full e-flex e-con e-child\" data-id=\"72895f1\" data-element_type=\"container\" data-e-type=\"container\" data-settings=\"{&quot;background_background&quot;:&quot;classic&quot;}\">\n\t\t\t\t<\/div>\n\t\t<div class=\"elementor-element elementor-element-0ac362d e-con-full e-flex e-con e-child\" data-id=\"0ac362d\" data-element_type=\"container\" data-e-type=\"container\">\n\t\t<div class=\"elementor-element elementor-element-69c2c64 e-con-full e-flex e-con e-child\" data-id=\"69c2c64\" data-element_type=\"container\" data-e-type=\"container\" data-settings=\"{&quot;background_background&quot;:&quot;classic&quot;}\">\n\t\t\t\t<div class=\"elementor-element elementor-element-0140737 elementor-widget elementor-widget-post-info\" data-id=\"0140737\" data-element_type=\"widget\" data-e-type=\"widget\" data-widget_type=\"post-info.default\">\n\t\t\t\t<div class=\"elementor-widget-container\">\n\t\t\t\t\t\t\t<ul class=\"elementor-inline-items elementor-icon-list-items elementor-post-info\">\n\t\t\t\t\t\t\t\t<li class=\"elementor-icon-list-item elementor-repeater-item-5ae60b7 elementor-inline-item\" itemprop=\"about\">\n\t\t\t\t\t\t\t\t\t\t\t\t\t<span class=\"elementor-icon-list-text elementor-post-info__item elementor-post-info__item--type-terms\">\n\t\t\t\t\t\t\t\t\t\t<span class=\"elementor-post-info__terms-list\">\n\t\t\t\t<span class=\"elementor-post-info__terms-list-item\">Blog<\/span>\t\t\t\t<\/span>\n\t\t\t\t\t<\/span>\n\t\t\t\t\t\t\t\t<\/li>\n\t\t\t\t<\/ul>\n\t\t\t\t\t\t<\/div>\n\t\t\t\t<\/div>\n\t\t\t\t<\/div>\n\t\t\t\t<div class=\"elementor-element elementor-element-25835a0 elementor-widget elementor-widget-heading\" data-id=\"25835a0\" data-element_type=\"widget\" data-e-type=\"widget\" data-widget_type=\"heading.default\">\n\t\t\t\t<div class=\"elementor-widget-container\">\n\t\t\t\t\t<h1 class=\"elementor-heading-title elementor-size-default\">Ile d\u2019Elbe et l\u2019Archipel Toscan<\/h1>\t\t\t\t<\/div>\n\t\t\t\t<\/div>\n\t\t\t\t<div class=\"elementor-element elementor-element-a6c65d9 elementor-widget elementor-widget-heading\" data-id=\"a6c65d9\" data-element_type=\"widget\" data-e-type=\"widget\" data-widget_type=\"heading.default\">\n\t\t\t\t<div class=\"elementor-widget-container\">\n\t\t\t\t\t<h2 class=\"elementor-heading-title elementor-size-default\">D\u00e9couvrez les \u00eeles toscanes avec notre guide en fran\u00e7ais, explorez la nature, la mer et les traditions locales, lisez maintenant.<\/h2>\t\t\t\t<\/div>\n\t\t\t\t<\/div>\n\t\t\t\t<\/div>\n\t\t\t\t<\/div>\n\t\t<div class=\"elementor-element elementor-element-36a403f e-flex e-con-boxed e-con e-parent\" data-id=\"36a403f\" data-element_type=\"container\" data-e-type=\"container\">\n\t\t\t\t\t<div class=\"e-con-inner\">\n\t\t<div class=\"elementor-element elementor-element-33c9c99 e-con-full e-flex e-con e-child\" data-id=\"33c9c99\" data-element_type=\"container\" data-e-type=\"container\">\n\t\t\t\t<div class=\"elementor-element elementor-element-a47878b elementor-widget elementor-widget-text-editor\" data-id=\"a47878b\" data-element_type=\"widget\" data-e-type=\"widget\" data-widget_type=\"text-editor.default\">\n\t\t\t\t<div class=\"elementor-widget-container\">\n\t\t\t\t\t\t\t\t\t<p><em>\u00abSelon la l\u00e9gende, V\u00e9nus, d\u00e9esse de la beaut\u00e9, \u00e9mergeant des eaux magnifiques de la mer Tyrrh\u00e9nienne, laissa tomber sept perles du collier qu\u2019elle portait au cou, qui tomb\u00e8rent dans la mer, devenant les sept \u00eeles de l\u2019archipel toscan\u00bb<\/em><\/p>\n<p>Le parc national de l\u2019archipel toscan, le plus grand parc marin d\u2019Europe ainsi qu\u2019une partie du sanctuaire Pelagos pour les mammif\u00e8res marins, comprend les \u00eeles d\u2019Elbe, du Giglio, de Capraia, de Montecristo, de Pianosa, de Giannutri et de Gorgona, plus quelques \u00eelots plus petits, comme Palmaiola, Cerboli, Formiche di Grosseto, Formiche di Montecristo, Formiche di Capraia, Palmaiola et Zanca.<\/p>\n<p>Que ce soit pour un week-end entier ou pour un court voyage, les \u00eeles de l\u2019archipel toscan sont un petit coin de paradis dans lequel se plonger pour s\u2019\u00e9loigner du chaos de la ville.<\/p>\n<p>D\u00e9couvrons-les ensemble\u2026<\/p>\n\t\t\t\t\t\t\t\t<\/div>\n\t\t\t\t<\/div>\n\t\t\t\t<\/div>\n\t\t\t\t<div class=\"elementor-element elementor-element-521c170 elementor-widget-divider--view-line elementor-widget elementor-widget-divider\" data-id=\"521c170\" data-element_type=\"widget\" data-e-type=\"widget\" data-widget_type=\"divider.default\">\n\t\t\t\t<div class=\"elementor-widget-container\">\n\t\t\t\t\t\t\t<div class=\"elementor-divider\">\n\t\t\t<span class=\"elementor-divider-separator\">\n\t\t\t\t\t\t<\/span>\n\t\t<\/div>\n\t\t\t\t\t\t<\/div>\n\t\t\t\t<\/div>\n\t\t\t\t\t<\/div>\n\t\t\t\t<\/div>\n\t\t<div class=\"elementor-element elementor-element-efe08e5 e-flex e-con-boxed e-con e-parent\" data-id=\"efe08e5\" data-element_type=\"container\" data-e-type=\"container\" data-settings=\"{&quot;background_background&quot;:&quot;classic&quot;}\">\n\t\t\t\t\t<div class=\"e-con-inner\">\n\t\t<div class=\"elementor-element elementor-element-6219165 e-con-full e-flex e-con e-child\" data-id=\"6219165\" data-element_type=\"container\" data-e-type=\"container\" data-settings=\"{&quot;background_background&quot;:&quot;classic&quot;}\">\n\t\t\t\t<\/div>\n\t\t<div class=\"elementor-element elementor-element-f9f65fc e-con-full e-flex e-con e-child\" data-id=\"f9f65fc\" data-element_type=\"container\" data-e-type=\"container\">\n\t\t\t\t<div class=\"elementor-element elementor-element-64270ba elementor-widget elementor-widget-heading\" data-id=\"64270ba\" data-element_type=\"widget\" data-e-type=\"widget\" data-widget_type=\"heading.default\">\n\t\t\t\t<div class=\"elementor-widget-container\">\n\t\t\t\t\t<h2 class=\"elementor-heading-title elementor-size-default\">\u00cele d\u2019Elba<\/h2>\t\t\t\t<\/div>\n\t\t\t\t<\/div>\n\t\t\t\t<div class=\"elementor-element elementor-element-2bea2ea elementor-widget elementor-widget-text-editor\" data-id=\"2bea2ea\" data-element_type=\"widget\" data-e-type=\"widget\" data-widget_type=\"text-editor.default\">\n\t\t\t\t<div class=\"elementor-widget-container\">\n\t\t\t\t\t\t\t\t\t<p>Lieux pr\u00e9serv\u00e9s, eaux cristallines, nature sauvage, mais aussi histoire, tradition et culture: l\u2019\u00eele d\u2019Elbe est la plus grande des \u00eeles de l\u2019archipel toscan et la troisi\u00e8me plus grande d\u2019Italie.<\/p>\n<p>Une vari\u00e9t\u00e9 de paysages \u00e9tonnants s\u2019\u00e9tend de long en large: des longues \u00e9tendues de plages aux paysages vallonn\u00e9s et aux villages pittoresques. L\u2019\u00eele d\u2019Elbe est un v\u00e9ritable microcosme, avec de nombreux lieux d\u2019int\u00e9r\u00eat, de la mer et ses nombreuses plages, aux villages anciens et aux nombreux \u00e9v\u00e9nements folkloriques qui ont lieu tout au long de l\u2019ann\u00e9e.<\/p>\n<p>C\u2019est l\u2019endroit id\u00e9al pour les amateurs de d\u00e9tente et de nature, ainsi qu\u2019un v\u00e9ritable paradis pour les sportifs qui appr\u00e9cient les activit\u00e9s de plein air telles que la voile, le trekking, le VTT ou l\u2019\u00e9quitation, la plong\u00e9e sous-marine, la p\u00eache ou les cours de golf et de tennis.<\/p>\n\t\t\t\t\t\t\t\t<\/div>\n\t\t\t\t<\/div>\n\t\t\t\t<\/div>\n\t\t\t\t\t<\/div>\n\t\t\t\t<\/div>\n\t\t<div class=\"elementor-element elementor-element-67cf3bd e-flex e-con-boxed e-con e-parent\" data-id=\"67cf3bd\" data-element_type=\"container\" data-e-type=\"container\">\n\t\t\t\t\t<div class=\"e-con-inner\">\n\t\t<div class=\"elementor-element elementor-element-6e1b63a e-con-full e-flex e-con e-child\" data-id=\"6e1b63a\" data-element_type=\"container\" data-e-type=\"container\">\n\t\t\t\t<div class=\"elementor-element elementor-element-00a5496 elementor-widget elementor-widget-text-editor\" data-id=\"00a5496\" data-element_type=\"widget\" data-e-type=\"widget\" data-widget_type=\"text-editor.default\">\n\t\t\t\t<div class=\"elementor-widget-container\">\n\t\t\t\t\t\t\t\t\t<p>Les endroits \u00e0 ne pas manquer sur l\u2019\u00eele d\u2019Elbe sont:<\/p>\n<ul>\n<li><strong>Portoferraio<\/strong>, une ville qui doit son nom \u00e0 des mines d\u00e9j\u00e0 pr\u00e9sentes \u00e0 l\u2019\u00e9poque \u00e9trusque et romaine, fut le lieu d\u2019exil de Napol\u00e9on Bonaparte, dont les villas r\u00e9sidentielles peuvent encore \u00eatre visit\u00e9es aujourd\u2019hui\u00a0: Villa San Martino et Villa dei Mulini.<\/li>\n<li><strong>Marciana<\/strong> est un petit village qui conserve sa structure m\u00e9di\u00e9vale, faite de rues \u00e9troites pav\u00e9es de la c\u00e9l\u00e8bre pierre d\u2019Elban, de maisons \u00e9troites au milieu de ruelles toujours fleuries, du granit des portails de ses maisons et des minuscules places orn\u00e9es de fontaines.<\/li>\n<li>Avec son petit port et ses quartiers de maisons aux couleurs pastel, <strong>Marciana Marina<\/strong> est l\u2019une des destinations les plus pittoresques de l\u2019\u00eele d\u2019Elbe. \u00c0 ne pas manquer, une promenade romantique jusqu\u2019au quartier caract\u00e9ristique de Borgo del Cotone, un ancien village de p\u00eacheurs aux maisons aux couleurs vives, toutes situ\u00e9es sur des falaises surplombant la mer.<\/li>\n<li>La c\u00f4te de <strong>Capoliveri<\/strong> est l\u2019endroit id\u00e9al pour passer des vacances de mer et de d\u00e9tente. Ici sont concentr\u00e9es le plus grand nombre de plages de toute l\u2019\u00eele d\u2019Elbe, pr\u00eates \u00e0 satisfaire les go\u00fbts de chacun. Des plages \u00e9quip\u00e9es, pour ceux qui recherchent le confort et la commodit\u00e9, se trouvent \u00e0 Lacona, Madonna delle Grazie, Lido et Naregno. Plus sauvages, en revanche, sont les plages de Laconella ou de Remaiolo\u00a0; des criques et des baies spectaculaires se trouvent \u00e0 Morcone, Pareti et Innamorata.<\/li>\n<li><strong>Porto Azzurro<\/strong> est un joli village de p\u00eacheurs avec un petit port situ\u00e9 dans les eaux du golfe de Mola.<\/li>\n<li><strong>Rio Marina<\/strong> est un autre petit village de p\u00eacheurs situ\u00e9 sur le c\u00f4t\u00e9 est de l\u2019\u00eele d\u2019Elbe. Le mus\u00e9e des min\u00e9raux et de l\u2019art minier de l\u2019\u00eele d\u2019Elbe, situ\u00e9 au centre du village, \u00e0 l\u2019int\u00e9rieur du Palazzo del Bur\u00f2, o\u00f9 se trouvaient autrefois les bureaux de la direction de la mine, m\u00e9rite une visite.<\/li>\n<li><strong>Campo nell\u2019Elba<\/strong> est nich\u00e9 entre les collines de San Piero et Sant\u2019Ilario. La principale localit\u00e9 de cette municipalit\u00e9 est Marina di Campo, un ancien village de p\u00eacheurs qui est pris d\u2019assaut pendant la saison estivale pour son \u00e9norme plage de sable fin (plage Cavoli).<\/li>\n<\/ul>\n\t\t\t\t\t\t\t\t<\/div>\n\t\t\t\t<\/div>\n\t\t\t\t<\/div>\n\t\t\t\t\t<\/div>\n\t\t\t\t<\/div>\n\t\t<div class=\"elementor-element elementor-element-67ef1e1 e-flex e-con-boxed e-con e-parent\" data-id=\"67ef1e1\" data-element_type=\"container\" data-e-type=\"container\" data-settings=\"{&quot;background_background&quot;:&quot;classic&quot;}\">\n\t\t\t\t\t<div class=\"e-con-inner\">\n\t\t<div class=\"elementor-element elementor-element-4d78f94 e-con-full e-flex e-con e-child\" data-id=\"4d78f94\" data-element_type=\"container\" data-e-type=\"container\" data-settings=\"{&quot;background_background&quot;:&quot;classic&quot;}\">\n\t\t\t\t<\/div>\n\t\t<div class=\"elementor-element elementor-element-92a380c e-con-full e-flex e-con e-child\" data-id=\"92a380c\" data-element_type=\"container\" data-e-type=\"container\">\n\t\t\t\t<div class=\"elementor-element elementor-element-e3c4c29 elementor-widget elementor-widget-heading\" data-id=\"e3c4c29\" data-element_type=\"widget\" data-e-type=\"widget\" data-widget_type=\"heading.default\">\n\t\t\t\t<div class=\"elementor-widget-container\">\n\t\t\t\t\t<h2 class=\"elementor-heading-title elementor-size-default\">\u00cele de Giglio<\/h2>\t\t\t\t<\/div>\n\t\t\t\t<\/div>\n\t\t\t\t<div class=\"elementor-element elementor-element-341bc76 elementor-widget elementor-widget-text-editor\" data-id=\"341bc76\" data-element_type=\"widget\" data-e-type=\"widget\" data-widget_type=\"text-editor.default\">\n\t\t\t\t<div class=\"elementor-widget-container\">\n\t\t\t\t\t\t\t\t\t<p>L\u2019isola del Giglio \u00e8 conosciuta soprattutto per le sue bellezze naturali: il mare cristallino color smeraldo, con i fondali ricchi e pescosi, fa da cornice ad un territorio governato dalla bassa macchia mediterranea, che regna ancora con i suoi colori e profumi.<\/p>\n<p>Bellissime spiagge sabbiose e calette isolate, antichi sentieri immersi in una natura ricchissima, panorami mozzafiato, un pittoresco Porto e il suggestivo borgo medievale di Giglio Castello fanno dell\u2019Isola del Giglio un tesoro tutto da scoprire. \u00c8 la meta ideale per tutti coloro che amano un rapporto genuino con la natura ed il rustico ambiente paesano, il mare, le passeggiate, il birdwatching, i minerali e l\u2019affascinante mondo sottomarino.<\/p>\n\t\t\t\t\t\t\t\t<\/div>\n\t\t\t\t<\/div>\n\t\t\t\t<\/div>\n\t\t\t\t\t<\/div>\n\t\t\t\t<\/div>\n\t\t<div class=\"elementor-element elementor-element-c0df890 e-flex e-con-boxed e-con e-parent\" data-id=\"c0df890\" data-element_type=\"container\" data-e-type=\"container\" data-settings=\"{&quot;background_background&quot;:&quot;classic&quot;}\">\n\t\t\t\t\t<div class=\"e-con-inner\">\n\t\t<div class=\"elementor-element elementor-element-0de9c2d e-con-full e-flex e-con e-child\" data-id=\"0de9c2d\" data-element_type=\"container\" data-e-type=\"container\" data-settings=\"{&quot;background_background&quot;:&quot;classic&quot;}\">\n\t\t\t\t<\/div>\n\t\t<div class=\"elementor-element elementor-element-de36127 e-con-full e-flex e-con e-child\" data-id=\"de36127\" data-element_type=\"container\" data-e-type=\"container\">\n\t\t\t\t<div class=\"elementor-element elementor-element-a805df6 elementor-widget elementor-widget-heading\" data-id=\"a805df6\" data-element_type=\"widget\" data-e-type=\"widget\" data-widget_type=\"heading.default\">\n\t\t\t\t<div class=\"elementor-widget-container\">\n\t\t\t\t\t<h2 class=\"elementor-heading-title elementor-size-default\">\u00cele de Capraia<\/h2>\t\t\t\t<\/div>\n\t\t\t\t<\/div>\n\t\t\t\t<div class=\"elementor-element elementor-element-8ac62df elementor-widget elementor-widget-text-editor\" data-id=\"8ac62df\" data-element_type=\"widget\" data-e-type=\"widget\" data-widget_type=\"text-editor.default\">\n\t\t\t\t<div class=\"elementor-widget-container\">\n\t\t\t\t\t\t\t\t\t<p>Rude et accueillante, ronde et anguleuse, s\u00e9v\u00e8re et agr\u00e9able, aride et verdoyante, \u00e0 Capraia le jeu des oppos\u00e9s est un passe-temps courant. Un rocher sauvage, baign\u00e9 d\u2019une lumi\u00e8re m\u00e9diterran\u00e9enne \u00e9blouissante. Premi\u00e8re et seule r\u00e8gle\u00a0: ne soyez pas press\u00e9. Capraia vous s\u00e9duit par son apparente indolence, elle semble vouloir dissimuler ses secrets les plus intimes, puis vous prend par la main et vous emm\u00e8ne en esp\u00e9rant ne pas vous voir partir trop t\u00f4t.<\/p>\n\t\t\t\t\t\t\t\t<\/div>\n\t\t\t\t<\/div>\n\t\t\t\t<\/div>\n\t\t\t\t\t<\/div>\n\t\t\t\t<\/div>\n\t\t<div class=\"elementor-element elementor-element-77e2d56 e-flex e-con-boxed e-con e-parent\" data-id=\"77e2d56\" data-element_type=\"container\" data-e-type=\"container\" data-settings=\"{&quot;background_background&quot;:&quot;classic&quot;}\">\n\t\t\t\t\t<div class=\"e-con-inner\">\n\t\t<div class=\"elementor-element elementor-element-6f2a60f e-con-full e-flex e-con e-child\" data-id=\"6f2a60f\" data-element_type=\"container\" data-e-type=\"container\" data-settings=\"{&quot;background_background&quot;:&quot;classic&quot;}\">\n\t\t\t\t<\/div>\n\t\t<div class=\"elementor-element elementor-element-a4012b2 e-con-full e-flex e-con e-child\" data-id=\"a4012b2\" data-element_type=\"container\" data-e-type=\"container\">\n\t\t\t\t<div class=\"elementor-element elementor-element-ad44884 elementor-widget elementor-widget-heading\" data-id=\"ad44884\" data-element_type=\"widget\" data-e-type=\"widget\" data-widget_type=\"heading.default\">\n\t\t\t\t<div class=\"elementor-widget-container\">\n\t\t\t\t\t<h2 class=\"elementor-heading-title elementor-size-default\">\u00cele de Montecristo<\/h2>\t\t\t\t<\/div>\n\t\t\t\t<\/div>\n\t\t\t\t<div class=\"elementor-element elementor-element-651a1e0 elementor-widget elementor-widget-text-editor\" data-id=\"651a1e0\" data-element_type=\"widget\" data-e-type=\"widget\" data-widget_type=\"text-editor.default\">\n\t\t\t\t<div class=\"elementor-widget-container\">\n\t\t\t\t\t\t\t\t\t<p>Sombre et monolithique, imperm\u00e9able et solennelle, l\u2019\u00eele au tr\u00e9sor \u00e9merge de la mer Tyrrh\u00e9nienne entour\u00e9e d\u2019une aura myst\u00e9rieuse et solitaire. L\u2019\u00eele de Montecristo est l\u2019une des \u00eeles les plus inaccessibles et les plus sauvages de tout l\u2019archipel toscan et c\u2019est aussi la plus \u00e9loign\u00e9e de la c\u00f4te continentale.<\/p>\n<p>Aujourd\u2019hui, elle est inhabit\u00e9e et sauvage, couverte de maquis m\u00e9diterran\u00e9en, et constitue un important lieu de refuge et de repos pour les oiseaux migrateurs. La faune de l\u2019\u00eele consid\u00e8re les ch\u00e8vres sauvages comme les souverains incontest\u00e9s du territoire. Leur voracit\u00e9 a lentement alt\u00e9r\u00e9 le maquis m\u00e9diterran\u00e9en qui \u00e9tait pr\u00e9sent \u00e0 l\u2019origine.<\/p>\n<p>La seule crique de Montecristo o\u00f9 il est assez facile de d\u00e9barquer et d\u2019amarrer est Cala Maestra, au nord-ouest de l\u2019\u00eele. En arrivant, il est possible de voir le seul b\u00e2timent de l\u2019\u00eele, la villa Watson-Taylor, o\u00f9 l\u2019on trouve pratiquement les seuls arbres de toute l\u2019\u00eele. La vall\u00e9e qui la surplombe est l\u2019une des plus grandes et la seule zone habit\u00e9e en permanence de l\u2019\u00eele. Les gardiens y r\u00e9sident, rejoints par quelques gardes forestiers pendant la saison estivale.<\/p>\n\t\t\t\t\t\t\t\t<\/div>\n\t\t\t\t<\/div>\n\t\t\t\t<\/div>\n\t\t\t\t\t<\/div>\n\t\t\t\t<\/div>\n\t\t<div class=\"elementor-element elementor-element-887c9a2 e-flex e-con-boxed e-con e-parent\" data-id=\"887c9a2\" data-element_type=\"container\" data-e-type=\"container\" data-settings=\"{&quot;background_background&quot;:&quot;classic&quot;}\">\n\t\t\t\t\t<div class=\"e-con-inner\">\n\t\t<div class=\"elementor-element elementor-element-23c7dfa e-con-full e-flex e-con e-child\" data-id=\"23c7dfa\" data-element_type=\"container\" data-e-type=\"container\" data-settings=\"{&quot;background_background&quot;:&quot;classic&quot;}\">\n\t\t\t\t<\/div>\n\t\t<div class=\"elementor-element elementor-element-625e758 e-con-full e-flex e-con e-child\" data-id=\"625e758\" data-element_type=\"container\" data-e-type=\"container\">\n\t\t\t\t<div class=\"elementor-element elementor-element-ccb17ee elementor-widget elementor-widget-heading\" data-id=\"ccb17ee\" data-element_type=\"widget\" data-e-type=\"widget\" data-widget_type=\"heading.default\">\n\t\t\t\t<div class=\"elementor-widget-container\">\n\t\t\t\t\t<h2 class=\"elementor-heading-title elementor-size-default\">\u00cele de Pianosa<\/h2>\t\t\t\t<\/div>\n\t\t\t\t<\/div>\n\t\t\t\t<div class=\"elementor-element elementor-element-e0a2e76 elementor-widget elementor-widget-text-editor\" data-id=\"e0a2e76\" data-element_type=\"widget\" data-e-type=\"widget\" data-widget_type=\"text-editor.default\">\n\t\t\t\t<div class=\"elementor-widget-container\">\n\t\t\t\t\t\t\t\t\t<p>Pianosa se trouve au sud de l\u2019\u00eele d\u2019Elbe, presque invisible de loin en raison de sa faible hauteur. M\u00eame la v\u00e9g\u00e9tation est basse, une garrigue compacte, qui m\u00e8ne un dur combat contre la s\u00e9cheresse. L\u2019histoire nous apprend qu\u2019en\u00a01553, l\u2019\u00eele a \u00e9t\u00e9 pass\u00e9e au fil de l\u2019\u00e9p\u00e9e par les pirates Dragut et Kara Mustaf\u00e0, qui ont d\u00e9truit le ch\u00e2teau de Pisan, tu\u00e9 la plupart de la population et d\u00e9port\u00e9 les survivants.<\/p>\n<p>Pianosa est ensuite rest\u00e9 inhabit\u00e9e jusqu\u2019\u00e0 ce qu\u2019il devienne un p\u00e9nitencier de s\u00e9curit\u00e9 maximale. Ce destin amer a pr\u00e9serv\u00e9 l\u2019\u00eele des implantations touristiques et autres activit\u00e9s \u00e9conomiques, en d\u00e9fendant ses fonds marins, qui sont parmi les plus intacts de la M\u00e9diterran\u00e9e.<\/p>\n\t\t\t\t\t\t\t\t<\/div>\n\t\t\t\t<\/div>\n\t\t\t\t<\/div>\n\t\t\t\t\t<\/div>\n\t\t\t\t<\/div>\n\t\t<div class=\"elementor-element elementor-element-799cbb1 e-flex e-con-boxed e-con e-parent\" data-id=\"799cbb1\" data-element_type=\"container\" data-e-type=\"container\" data-settings=\"{&quot;background_background&quot;:&quot;classic&quot;}\">\n\t\t\t\t\t<div class=\"e-con-inner\">\n\t\t<div class=\"elementor-element elementor-element-42e056f e-con-full e-flex e-con e-child\" data-id=\"42e056f\" data-element_type=\"container\" data-e-type=\"container\" data-settings=\"{&quot;background_background&quot;:&quot;classic&quot;}\">\n\t\t\t\t<\/div>\n\t\t<div class=\"elementor-element elementor-element-575ffbf e-con-full e-flex e-con e-child\" data-id=\"575ffbf\" data-element_type=\"container\" data-e-type=\"container\">\n\t\t\t\t<div class=\"elementor-element elementor-element-b28e804 elementor-widget elementor-widget-heading\" data-id=\"b28e804\" data-element_type=\"widget\" data-e-type=\"widget\" data-widget_type=\"heading.default\">\n\t\t\t\t<div class=\"elementor-widget-container\">\n\t\t\t\t\t<h2 class=\"elementor-heading-title elementor-size-default\">\u00cele de Giannutri<\/h2>\t\t\t\t<\/div>\n\t\t\t\t<\/div>\n\t\t\t\t<div class=\"elementor-element elementor-element-9a762f1 elementor-widget elementor-widget-text-editor\" data-id=\"9a762f1\" data-element_type=\"widget\" data-e-type=\"widget\" data-widget_type=\"text-editor.default\">\n\t\t\t\t<div class=\"elementor-widget-container\">\n\t\t\t\t\t\t\t\t\t<p>Giannutri \u00e9merge des eaux de la mer Tyrrh\u00e9nienne comme un croissant de calcaire blanc. Le long des 11\u00a0kilom\u00e8tres de c\u00f4te, les falaises rocheuses pr\u00e9dominent, o\u00f9 s\u2019ouvrent des grottes et des fissures provoqu\u00e9es par l\u2019action du vent. Les seuls d\u00e9barcad\u00e8res de l\u2019\u00eele, Cala Spalmatoio et Cala Maestra, poss\u00e8dent deux \u00e9troites plages de galets.<\/p>\n<p>Tout autour, de magnifiques fonds marins riches en biodiversit\u00e9, o\u00f9 nagent fr\u00e9quemment dauphins et petits rorquals. Il n\u2019y a pas d\u2019eau de source et les quelques habitations pr\u00e9sentes sont situ\u00e9es autour du petit port et dispers\u00e9es dans la brousse. Le charme de la nature prend le dessus sur le visiteur et les randonneurs passionn\u00e9s peuvent profiter de paysages enchanteurs en empruntant les diff\u00e9rents sentiers des ramifications vers le Monte Mario et le Poggio Capel Rosso.<\/p>\n\t\t\t\t\t\t\t\t<\/div>\n\t\t\t\t<\/div>\n\t\t\t\t<\/div>\n\t\t\t\t\t<\/div>\n\t\t\t\t<\/div>\n\t\t<div class=\"elementor-element elementor-element-47d4015 e-flex e-con-boxed e-con e-parent\" data-id=\"47d4015\" data-element_type=\"container\" data-e-type=\"container\" data-settings=\"{&quot;background_background&quot;:&quot;classic&quot;}\">\n\t\t\t\t\t<div class=\"e-con-inner\">\n\t\t<div class=\"elementor-element elementor-element-c65ecb8 e-con-full e-flex e-con e-child\" data-id=\"c65ecb8\" data-element_type=\"container\" data-e-type=\"container\" data-settings=\"{&quot;background_background&quot;:&quot;classic&quot;}\">\n\t\t\t\t<\/div>\n\t\t<div class=\"elementor-element elementor-element-c653b97 e-con-full e-flex e-con e-child\" data-id=\"c653b97\" data-element_type=\"container\" data-e-type=\"container\">\n\t\t\t\t<div class=\"elementor-element elementor-element-b3356e8 elementor-widget elementor-widget-heading\" data-id=\"b3356e8\" data-element_type=\"widget\" data-e-type=\"widget\" data-widget_type=\"heading.default\">\n\t\t\t\t<div class=\"elementor-widget-container\">\n\t\t\t\t\t<h2 class=\"elementor-heading-title elementor-size-default\">\u00cele de Gorgona<\/h2>\t\t\t\t<\/div>\n\t\t\t\t<\/div>\n\t\t\t\t<div class=\"elementor-element elementor-element-1a16e97 elementor-widget elementor-widget-text-editor\" data-id=\"1a16e97\" data-element_type=\"widget\" data-e-type=\"widget\" data-widget_type=\"text-editor.default\">\n\t\t\t\t<div class=\"elementor-widget-container\">\n\t\t\t\t\t\t\t\t\t<p>Gorgona est la plus petite des \u00eeles du parc national de l\u2019archipel toscan.<\/p>\n<p>Le territoire montagneux, du c\u00f4t\u00e9 ouest, culmine \u00e0 Punta Gorgona, tandis que le versant oriental est travers\u00e9 par trois petites vall\u00e9es, dont la plus septentrionale descend vers la mer au niveau de la petite plage et du village o\u00f9 se trouve le site d\u2019atterrissage de Cala dello Scalo.<\/p>\n<p>Malgr\u00e9 l\u2019absence de cours d\u2019eau, l\u2019\u00eele est autosuffisante gr\u00e2ce \u00e0 la pr\u00e9sence de puits profonds et productifs. Le centre principal de l\u2019\u00eele est un petit village qui couronne le porticciolo. En allant vers l\u2019int\u00e9rieur des terres, on trouve deux anciennes fortifications: la Torre Vecchia, pisane, et la Torre Nova, m\u00e9dic\u00e9enne.<\/p>\n\t\t\t\t\t\t\t\t<\/div>\n\t\t\t\t<\/div>\n\t\t\t\t<\/div>\n\t\t\t\t\t<\/div>\n\t\t\t\t<\/div>\n\t\t<div class=\"elementor-element elementor-element-2f96a66 e-flex e-con-boxed e-con e-parent\" data-id=\"2f96a66\" data-element_type=\"container\" data-e-type=\"container\">\n\t\t\t\t\t<div class=\"e-con-inner\">\n\t\t\t\t<div class=\"elementor-element elementor-element-4036687 elementor-widget elementor-widget-template\" data-id=\"4036687\" data-element_type=\"widget\" data-e-type=\"widget\" data-widget_type=\"template.default\">\n\t\t\t\t<div class=\"elementor-widget-container\">\n\t\t\t\t\t\t\t<div class=\"elementor-template\">\n\t\t\t\t\t<div data-elementor-type=\"container\" data-elementor-id=\"8041\" class=\"elementor elementor-8041 elementor-3036 elementor-3036\" data-elementor-post-type=\"elementor_library\">\n\t\t\t\t<div class=\"elementor-element elementor-element-2c920f57 e-flex e-con-boxed e-con e-parent\" data-id=\"2c920f57\" data-element_type=\"container\" data-e-type=\"container\" data-settings=\"{&quot;background_background&quot;:&quot;classic&quot;}\">\n\t\t\t\t\t<div class=\"e-con-inner\">\n\t\t\t\t<div class=\"elementor-element elementor-element-53510f33 elementor-widget elementor-widget-heading\" data-id=\"53510f33\" data-element_type=\"widget\" data-e-type=\"widget\" data-widget_type=\"heading.default\">\n\t\t\t\t<div class=\"elementor-widget-container\">\n\t\t\t\t\t<h2 class=\"elementor-heading-title elementor-size-default\">Vous aimerez peut-\u00eatre aussi<\/h2>\t\t\t\t<\/div>\n\t\t\t\t<\/div>\n\t\t\t\t<div class=\"elementor-element elementor-element-cee16cc elementor-grid-4 elementor-grid-tablet-2 elementor-grid-mobile-1 elementor-posts--thumbnail-top elementor-widget elementor-widget-posts\" data-id=\"cee16cc\" data-element_type=\"widget\" data-e-type=\"widget\" data-settings=\"{&quot;classic_columns&quot;:&quot;4&quot;,&quot;classic_columns_tablet&quot;:&quot;2&quot;,&quot;classic_columns_mobile&quot;:&quot;1&quot;,&quot;classic_row_gap&quot;:{&quot;unit&quot;:&quot;px&quot;,&quot;size&quot;:35,&quot;sizes&quot;:[]},&quot;classic_row_gap_tablet&quot;:{&quot;unit&quot;:&quot;px&quot;,&quot;size&quot;:&quot;&quot;,&quot;sizes&quot;:[]},&quot;classic_row_gap_mobile&quot;:{&quot;unit&quot;:&quot;px&quot;,&quot;size&quot;:&quot;&quot;,&quot;sizes&quot;:[]}}\" data-widget_type=\"posts.classic\">\n\t\t\t\t<div class=\"elementor-widget-container\">\n\t\t\t\t\t\t\t<div class=\"elementor-posts-container elementor-posts elementor-posts--skin-classic elementor-grid\" role=\"list\">\n\t\t\t\t<article class=\"elementor-post elementor-grid-item post-10509 post type-post status-publish format-standard has-post-thumbnail hentry category-blog\" role=\"listitem\">\n\t\t\t\t<a class=\"elementor-post__thumbnail__link\" href=\"https:\/\/hotelmarinetta.it\/fr\/blog\/excursions-journee-villes-art-toscane\/\" tabindex=\"-1\" >\n\t\t\t<div class=\"elementor-post__thumbnail\"><img fetchpriority=\"high\" decoding=\"async\" data-src=\"https:\/\/hotelmarinetta.it\/wp-content\/uploads\/2026\/06\/Pisa-02-768x512.jpg\" width=\"768\" height=\"512\" src=\"data:image\/gif;base64,R0lGODlhAQABAIAAAAAAAP\/\/\/yH5BAEAAAAALAAAAAABAAEAAAIBRAA7\" class=\"attachment-medium_large size-medium_large wp-image-10502 lazyload\" alt=\"Pisa\" \/><noscript><img decoding=\"async\" width=\"768\" height=\"512\" src=\"https:\/\/hotelmarinetta.it\/wp-content\/uploads\/2026\/06\/Pisa-02-768x512.jpg\" class=\"attachment-medium_large size-medium_large wp-image-10502\" alt=\"Pisa\" srcset=\"https:\/\/hotelmarinetta.it\/wp-content\/uploads\/2026\/06\/Pisa-02-768x512.jpg 768w, https:\/\/hotelmarinetta.it\/wp-content\/uploads\/2026\/06\/Pisa-02-300x200.jpg 300w, https:\/\/hotelmarinetta.it\/wp-content\/uploads\/2026\/06\/Pisa-02-1024x682.jpg 1024w, https:\/\/hotelmarinetta.it\/wp-content\/uploads\/2026\/06\/Pisa-02.jpg 1280w\" sizes=\"(max-width: 768px) 100vw, 768px\" \/><\/noscript><\/div>\n\t\t<\/a>\n\t\t\t\t<div class=\"elementor-post__text\">\n\t\t\t\t<h3 class=\"elementor-post__title\">\n\t\t\t<a href=\"https:\/\/hotelmarinetta.it\/fr\/blog\/excursions-journee-villes-art-toscane\/\" >\n\t\t\t\tExcursions et villes d&rsquo;art pr\u00e8s de l&rsquo;H\u00f4tel Marinetta\t\t\t<\/a>\n\t\t<\/h3>\n\t\t\t\t<div class=\"elementor-post__excerpt\">\n\t\t\t<p>Florence, Sienne, Volterra et plus encore : excursions \u00e0 la journ\u00e9e depuis la C\u00f4te des \u00c9trusques. Vins, randonn\u00e9es et villes d&rsquo;art \u00e0 port\u00e9e de route.<\/p>\n\t\t<\/div>\n\t\t\t\t<\/div>\n\t\t\t\t<\/article>\n\t\t\t\t<article class=\"elementor-post elementor-grid-item post-10444 post type-post status-publish format-standard has-post-thumbnail hentry category-blog\" role=\"listitem\">\n\t\t\t\t<a class=\"elementor-post__thumbnail__link\" href=\"https:\/\/hotelmarinetta.it\/fr\/blog\/thermes-sassetta-excursion\/\" tabindex=\"-1\" >\n\t\t\t<div class=\"elementor-post__thumbnail\"><img decoding=\"async\" data-src=\"https:\/\/hotelmarinetta.it\/wp-content\/uploads\/2026\/06\/Terme-Sassetta-01-768x346.jpg\" width=\"768\" height=\"346\" src=\"data:image\/gif;base64,R0lGODlhAQABAIAAAAAAAP\/\/\/yH5BAEAAAAALAAAAAABAAEAAAIBRAA7\" class=\"attachment-medium_large size-medium_large wp-image-10416 lazyload\" alt=\"Terme di Sassetta\" \/><noscript><img loading=\"lazy\" decoding=\"async\" width=\"768\" height=\"346\" src=\"https:\/\/hotelmarinetta.it\/wp-content\/uploads\/2026\/06\/Terme-Sassetta-01-768x346.jpg\" class=\"attachment-medium_large size-medium_large wp-image-10416\" alt=\"Terme di Sassetta\" srcset=\"https:\/\/hotelmarinetta.it\/wp-content\/uploads\/2026\/06\/Terme-Sassetta-01-768x346.jpg 768w, https:\/\/hotelmarinetta.it\/wp-content\/uploads\/2026\/06\/Terme-Sassetta-01-300x135.jpg 300w, https:\/\/hotelmarinetta.it\/wp-content\/uploads\/2026\/06\/Terme-Sassetta-01-1024x461.jpg 1024w, https:\/\/hotelmarinetta.it\/wp-content\/uploads\/2026\/06\/Terme-Sassetta-01.jpg 1400w\" sizes=\"(max-width: 768px) 100vw, 768px\" \/><\/noscript><\/div>\n\t\t<\/a>\n\t\t\t\t<div class=\"elementor-post__text\">\n\t\t\t\t<h3 class=\"elementor-post__title\">\n\t\t\t<a href=\"https:\/\/hotelmarinetta.it\/fr\/blog\/thermes-sassetta-excursion\/\" >\n\t\t\t\tExcursion aux Thermes de Sassetta depuis Marina di Bibbona\t\t\t<\/a>\n\t\t<\/h3>\n\t\t\t\t<div class=\"elementor-post__excerpt\">\n\t\t\t<p>Les Thermes de Sassetta \u00e0 40 minutes de l&rsquo;H\u00f4tel Marinetta : piscines thermales et nature en Val di Cornia. Une excursion parfaite sur la C\u00f4te des \u00c9trusques.<\/p>\n\t\t<\/div>\n\t\t\t\t<\/div>\n\t\t\t\t<\/article>\n\t\t\t\t<article class=\"elementor-post elementor-grid-item post-6396 post type-post status-publish format-standard has-post-thumbnail hentry category-blog\" role=\"listitem\">\n\t\t\t\t<a class=\"elementor-post__thumbnail__link\" href=\"https:\/\/hotelmarinetta.it\/fr\/blog\/villages-medievaux-toscane\/\" tabindex=\"-1\" >\n\t\t\t<div class=\"elementor-post__thumbnail\"><img loading=\"lazy\" decoding=\"async\" data-src=\"https:\/\/hotelmarinetta.it\/wp-content\/uploads\/2025\/07\/Costa-Etruschi-Borghi-768x512.jpg\" width=\"768\" height=\"512\" src=\"data:image\/gif;base64,R0lGODlhAQABAIAAAAAAAP\/\/\/yH5BAEAAAAALAAAAAABAAEAAAIBRAA7\" class=\"attachment-medium_large size-medium_large wp-image-6078 lazyload\" alt=\"Borghi\" \/><noscript><img loading=\"lazy\" decoding=\"async\" width=\"768\" height=\"512\" src=\"https:\/\/hotelmarinetta.it\/wp-content\/uploads\/2025\/07\/Costa-Etruschi-Borghi-768x512.jpg\" class=\"attachment-medium_large size-medium_large wp-image-6078\" alt=\"Borghi\" srcset=\"https:\/\/hotelmarinetta.it\/wp-content\/uploads\/2025\/07\/Costa-Etruschi-Borghi-768x512.jpg 768w, https:\/\/hotelmarinetta.it\/wp-content\/uploads\/2025\/07\/Costa-Etruschi-Borghi-300x200.jpg 300w, https:\/\/hotelmarinetta.it\/wp-content\/uploads\/2025\/07\/Costa-Etruschi-Borghi.jpg 1024w\" sizes=\"(max-width: 768px) 100vw, 768px\" \/><\/noscript><\/div>\n\t\t<\/a>\n\t\t\t\t<div class=\"elementor-post__text\">\n\t\t\t\t<h3 class=\"elementor-post__title\">\n\t\t\t<a href=\"https:\/\/hotelmarinetta.it\/fr\/blog\/villages-medievaux-toscane\/\" >\n\t\t\t\tVillages m\u00e9di\u00e9vaux \u00e0 visiter en Toscane\t\t\t<\/a>\n\t\t<\/h3>\n\t\t\t\t<div class=\"elementor-post__excerpt\">\n\t\t\t<p>Visitez les plus beaux villages m\u00e9di\u00e9vaux de Toscane avec l&rsquo;H\u00f4tel Marinetta, vivez l&rsquo;histoire parmi les ruelles et les vues, r\u00e9servez votre exp\u00e9rience maintenant.<\/p>\n\t\t<\/div>\n\t\t\t\t<\/div>\n\t\t\t\t<\/article>\n\t\t\t\t<article class=\"elementor-post elementor-grid-item post-7012 post type-post status-publish format-standard has-post-thumbnail hentry category-blog\" role=\"listitem\">\n\t\t\t\t<a class=\"elementor-post__thumbnail__link\" href=\"https:\/\/hotelmarinetta.it\/fr\/blog\/meilleur-cote-etruscques\/\" tabindex=\"-1\" >\n\t\t\t<div class=\"elementor-post__thumbnail\"><img loading=\"lazy\" decoding=\"async\" data-src=\"https:\/\/hotelmarinetta.it\/wp-content\/uploads\/2025\/07\/Hd-CostaEtruschi-768x432.jpg\" width=\"768\" height=\"432\" src=\"data:image\/gif;base64,R0lGODlhAQABAIAAAAAAAP\/\/\/yH5BAEAAAAALAAAAAABAAEAAAIBRAA7\" class=\"attachment-medium_large size-medium_large wp-image-6086 lazyload\" alt=\"Costa Etruschi\" \/><noscript><img loading=\"lazy\" decoding=\"async\" width=\"768\" height=\"432\" src=\"https:\/\/hotelmarinetta.it\/wp-content\/uploads\/2025\/07\/Hd-CostaEtruschi-768x432.jpg\" class=\"attachment-medium_large size-medium_large wp-image-6086\" alt=\"Costa Etruschi\" srcset=\"https:\/\/hotelmarinetta.it\/wp-content\/uploads\/2025\/07\/Hd-CostaEtruschi-768x432.jpg 768w, https:\/\/hotelmarinetta.it\/wp-content\/uploads\/2025\/07\/Hd-CostaEtruschi-300x169.jpg 300w, https:\/\/hotelmarinetta.it\/wp-content\/uploads\/2025\/07\/Hd-CostaEtruschi-1024x576.jpg 1024w, https:\/\/hotelmarinetta.it\/wp-content\/uploads\/2025\/07\/Hd-CostaEtruschi.jpg 1366w\" sizes=\"(max-width: 768px) 100vw, 768px\" \/><\/noscript><\/div>\n\t\t<\/a>\n\t\t\t\t<div class=\"elementor-post__text\">\n\t\t\t\t<h3 class=\"elementor-post__title\">\n\t\t\t<a href=\"https:\/\/hotelmarinetta.it\/fr\/blog\/meilleur-cote-etruscques\/\" >\n\t\t\t\tLe meilleur de la C\u00f4te des \u00c9trusques\t\t\t<\/a>\n\t\t<\/h3>\n\t\t\t\t<div class=\"elementor-post__excerpt\">\n\t\t\t<p>Venez d\u00e9couvrir la beaut\u00e9 de Marina di Bibbona et les meilleurs itin\u00e9raires de la c\u00f4te des \u00c9trusques.<\/p>\n\t\t<\/div>\n\t\t\t\t<\/div>\n\t\t\t\t<\/article>\n\t\t\t\t<article class=\"elementor-post elementor-grid-item post-6045 post type-post status-publish format-standard has-post-thumbnail hentry category-blog\" role=\"listitem\">\n\t\t\t\t<a class=\"elementor-post__thumbnail__link\" href=\"https:\/\/hotelmarinetta.it\/fr\/blog\/beautes-lucques-lucca-comics\/\" tabindex=\"-1\" >\n\t\t\t<div class=\"elementor-post__thumbnail\"><img loading=\"lazy\" decoding=\"async\" data-src=\"https:\/\/hotelmarinetta.it\/wp-content\/uploads\/2025\/07\/Hd-Lucca-768x432.jpg\" width=\"768\" height=\"432\" src=\"data:image\/gif;base64,R0lGODlhAQABAIAAAAAAAP\/\/\/yH5BAEAAAAALAAAAAABAAEAAAIBRAA7\" class=\"attachment-medium_large size-medium_large wp-image-6029 lazyload\" alt=\"Lucca\" \/><noscript><img loading=\"lazy\" decoding=\"async\" width=\"768\" height=\"432\" src=\"https:\/\/hotelmarinetta.it\/wp-content\/uploads\/2025\/07\/Hd-Lucca-768x432.jpg\" class=\"attachment-medium_large size-medium_large wp-image-6029\" alt=\"Lucca\" srcset=\"https:\/\/hotelmarinetta.it\/wp-content\/uploads\/2025\/07\/Hd-Lucca-768x432.jpg 768w, https:\/\/hotelmarinetta.it\/wp-content\/uploads\/2025\/07\/Hd-Lucca-300x169.jpg 300w, https:\/\/hotelmarinetta.it\/wp-content\/uploads\/2025\/07\/Hd-Lucca-1024x576.jpg 1024w, https:\/\/hotelmarinetta.it\/wp-content\/uploads\/2025\/07\/Hd-Lucca.jpg 1366w\" sizes=\"(max-width: 768px) 100vw, 768px\" \/><\/noscript><\/div>\n\t\t<\/a>\n\t\t\t\t<div class=\"elementor-post__text\">\n\t\t\t\t<h3 class=\"elementor-post__title\">\n\t\t\t<a href=\"https:\/\/hotelmarinetta.it\/fr\/blog\/beautes-lucques-lucca-comics\/\" >\n\t\t\t\tLes beaut\u00e9s de Lucques\t\t\t<\/a>\n\t\t<\/h3>\n\t\t\t\t<div class=\"elementor-post__excerpt\">\n\t\t\t<p>D\u00e9couvrez la beaut\u00e9 de Lucques avec l&rsquo;H\u00f4tel Marinetta, entre histoire et charme toscan, r\u00e9servez votre s\u00e9jour d\u00e8s maintenant.<\/p>\n\t\t<\/div>\n\t\t\t\t<\/div>\n\t\t\t\t<\/article>\n\t\t\t\t<article class=\"elementor-post elementor-grid-item post-6020 post type-post status-publish format-standard has-post-thumbnail hentry category-blog\" role=\"listitem\">\n\t\t\t\t<a class=\"elementor-post__thumbnail__link\" href=\"https:\/\/hotelmarinetta.it\/fr\/blog\/bolgheri-guide-terre-vin\/\" tabindex=\"-1\" >\n\t\t\t<div class=\"elementor-post__thumbnail\"><img loading=\"lazy\" decoding=\"async\" data-src=\"https:\/\/hotelmarinetta.it\/wp-content\/uploads\/2025\/07\/Hd-Bolgheri-768x432.jpg\" width=\"768\" height=\"432\" src=\"data:image\/gif;base64,R0lGODlhAQABAIAAAAAAAP\/\/\/yH5BAEAAAAALAAAAAABAAEAAAIBRAA7\" class=\"attachment-medium_large size-medium_large wp-image-5991 lazyload\" alt=\"Bolgheri\" \/><noscript><img loading=\"lazy\" decoding=\"async\" width=\"768\" height=\"432\" src=\"https:\/\/hotelmarinetta.it\/wp-content\/uploads\/2025\/07\/Hd-Bolgheri-768x432.jpg\" class=\"attachment-medium_large size-medium_large wp-image-5991\" alt=\"Bolgheri\" srcset=\"https:\/\/hotelmarinetta.it\/wp-content\/uploads\/2025\/07\/Hd-Bolgheri-768x432.jpg 768w, https:\/\/hotelmarinetta.it\/wp-content\/uploads\/2025\/07\/Hd-Bolgheri-300x169.jpg 300w, https:\/\/hotelmarinetta.it\/wp-content\/uploads\/2025\/07\/Hd-Bolgheri-1024x576.jpg 1024w, https:\/\/hotelmarinetta.it\/wp-content\/uploads\/2025\/07\/Hd-Bolgheri.jpg 1366w\" sizes=\"(max-width: 768px) 100vw, 768px\" \/><\/noscript><\/div>\n\t\t<\/a>\n\t\t\t\t<div class=\"elementor-post__text\">\n\t\t\t\t<h3 class=\"elementor-post__title\">\n\t\t\t<a href=\"https:\/\/hotelmarinetta.it\/fr\/blog\/bolgheri-guide-terre-vin\/\" >\n\t\t\t\tBolgheri: un Guide de la Terre du Vin\t\t\t<\/a>\n\t\t<\/h3>\n\t\t\t\t<div class=\"elementor-post__excerpt\">\n\t\t\t<p>Explorez Bolgheri et ses vins prestigieux avec notre guide exclusif depuis l\u2019H\u00f4tel Marinetta, r\u00e9servez votre aventure \u0153nologique aujourd\u2019hui.<\/p>\n\t\t<\/div>\n\t\t\t\t<\/div>\n\t\t\t\t<\/article>\n\t\t\t\t<\/div>\n\t\t\n\t\t\t\t\t\t<\/div>\n\t\t\t\t<\/div>\n\t\t\t\t\t<\/div>\n\t\t\t\t<\/div>\n\t\t\t\t<\/div>\n\t\t\t\t<\/div>\n\t\t\t\t\t\t<\/div>\n\t\t\t\t<\/div>\n\t\t\t\t\t<\/div>\n\t\t\t\t<\/div>\n\t\t\t\t<\/div>\n\t\t","protected":false},"excerpt":{"rendered":"<p>D\u00e9couvrez les \u00eeles toscanes avec notre guide en fran\u00e7ais, explorez la nature, la mer et les traditions locales, lisez maintenant.<\/p>\n","protected":false},"author":1,"featured_media":5932,"comment_status":"closed","ping_status":"open","sticky":false,"template":"","format":"standard","meta":{"footnotes":""},"categories":[50],"tags":[],"class_list":["post-5985","post","type-post","status-publish","format-standard","has-post-thumbnail","hentry","category-blog"],"yoast_head":"<!-- This site is optimized with the Yoast SEO plugin v28.4 - https:\/\/yoast.com\/product\/yoast-seo-wordpress\/ -->\n<title>Ile d\u2019Elbe et l\u2019Archipel Toscan | Hotel Marinetta<\/title>\n<meta name=\"description\" content=\"D\u00e9couvrez les \u00eeles toscanes avec notre guide en fran\u00e7ais, explorez la nature, la mer et les traditions locales, lisez maintenant.\" \/>\n<meta name=\"robots\" content=\"index, follow, max-snippet:-1, max-image-preview:large, max-video-preview:-1\" \/>\n<link rel=\"canonical\" href=\"https:\/\/hotelmarinetta.it\/fr\/blog\/ile-elbe-archipel-toscan\/\" \/>\n<meta property=\"og:locale\" content=\"fr_FR\" \/>\n<meta property=\"og:type\" content=\"article\" \/>\n<meta property=\"og:title\" content=\"Ile d\u2019Elbe et l\u2019Archipel Toscan | Hotel Marinetta\" \/>\n<meta property=\"og:description\" content=\"D\u00e9couvrez les \u00eeles toscanes avec notre guide en fran\u00e7ais, explorez la nature, la mer et les traditions locales, lisez maintenant.\" \/>\n<meta property=\"og:url\" content=\"https:\/\/hotelmarinetta.it\/fr\/blog\/ile-elbe-archipel-toscan\/\" \/>\n<meta property=\"og:site_name\" content=\"Park Hotel Marinetta\" \/>\n<meta property=\"article:publisher\" content=\"https:\/\/www.facebook.com\/parkhotelmarinetta\" \/>\n<meta property=\"article:published_time\" content=\"2025-07-03T08:33:21+00:00\" \/>\n<meta property=\"article:modified_time\" content=\"2025-09-01T09:06:18+00:00\" \/>\n<meta property=\"og:image\" content=\"https:\/\/hotelmarinetta.it\/wp-content\/uploads\/2025\/07\/Hd-Elba-Arcipelago-Toscano.jpg\" \/>\n\t<meta property=\"og:image:width\" content=\"1366\" \/>\n\t<meta property=\"og:image:height\" content=\"768\" \/>\n\t<meta property=\"og:image:type\" content=\"image\/jpeg\" \/>\n<meta name=\"author\" content=\"fritumuv@gmail.com\" \/>\n<meta name=\"twitter:card\" content=\"summary_large_image\" \/>\n<meta name=\"twitter:label1\" content=\"\u00c9crit par\" \/>\n\t<meta name=\"twitter:data1\" content=\"fritumuv@gmail.com\" \/>\n\t<meta name=\"twitter:label2\" content=\"Dur\u00e9e de lecture estim\u00e9e\" \/>\n\t<meta name=\"twitter:data2\" content=\"8 minutes\" \/>\n<script type=\"application\/ld+json\" class=\"yoast-schema-graph\">{\"@context\":\"https:\\\/\\\/schema.org\",\"@graph\":[{\"@type\":\"Article\",\"@id\":\"https:\\\/\\\/hotelmarinetta.it\\\/fr\\\/blog\\\/ile-elbe-archipel-toscan\\\/#article\",\"isPartOf\":{\"@id\":\"https:\\\/\\\/hotelmarinetta.it\\\/fr\\\/blog\\\/ile-elbe-archipel-toscan\\\/\"},\"author\":{\"name\":\"fritumuv@gmail.com\",\"@id\":\"https:\\\/\\\/hotelmarinetta.it\\\/fr\\\/#\\\/schema\\\/person\\\/584739d367c8d0bcc9663ceab4b7a84a\"},\"headline\":\"Ile d\u2019Elbe et l\u2019Archipel Toscan\",\"datePublished\":\"2025-07-03T08:33:21+00:00\",\"dateModified\":\"2025-09-01T09:06:18+00:00\",\"mainEntityOfPage\":{\"@id\":\"https:\\\/\\\/hotelmarinetta.it\\\/fr\\\/blog\\\/ile-elbe-archipel-toscan\\\/\"},\"wordCount\":1547,\"publisher\":{\"@id\":\"https:\\\/\\\/hotelmarinetta.it\\\/fr\\\/#organization\"},\"image\":{\"@id\":\"https:\\\/\\\/hotelmarinetta.it\\\/fr\\\/blog\\\/ile-elbe-archipel-toscan\\\/#primaryimage\"},\"thumbnailUrl\":\"https:\\\/\\\/hotelmarinetta.it\\\/wp-content\\\/uploads\\\/2025\\\/07\\\/Hd-Elba-Arcipelago-Toscano.jpg\",\"articleSection\":[\"Blog\"],\"inLanguage\":\"fr-FR\"},{\"@type\":\"WebPage\",\"@id\":\"https:\\\/\\\/hotelmarinetta.it\\\/fr\\\/blog\\\/ile-elbe-archipel-toscan\\\/\",\"url\":\"https:\\\/\\\/hotelmarinetta.it\\\/fr\\\/blog\\\/ile-elbe-archipel-toscan\\\/\",\"name\":\"Ile d\u2019Elbe et l\u2019Archipel Toscan | Hotel Marinetta\",\"isPartOf\":{\"@id\":\"https:\\\/\\\/hotelmarinetta.it\\\/fr\\\/#website\"},\"primaryImageOfPage\":{\"@id\":\"https:\\\/\\\/hotelmarinetta.it\\\/fr\\\/blog\\\/ile-elbe-archipel-toscan\\\/#primaryimage\"},\"image\":{\"@id\":\"https:\\\/\\\/hotelmarinetta.it\\\/fr\\\/blog\\\/ile-elbe-archipel-toscan\\\/#primaryimage\"},\"thumbnailUrl\":\"https:\\\/\\\/hotelmarinetta.it\\\/wp-content\\\/uploads\\\/2025\\\/07\\\/Hd-Elba-Arcipelago-Toscano.jpg\",\"datePublished\":\"2025-07-03T08:33:21+00:00\",\"dateModified\":\"2025-09-01T09:06:18+00:00\",\"description\":\"D\u00e9couvrez les \u00eeles toscanes avec notre guide en fran\u00e7ais, explorez la nature, la mer et les traditions locales, lisez maintenant.\",\"breadcrumb\":{\"@id\":\"https:\\\/\\\/hotelmarinetta.it\\\/fr\\\/blog\\\/ile-elbe-archipel-toscan\\\/#breadcrumb\"},\"inLanguage\":\"fr-FR\",\"potentialAction\":[{\"@type\":\"ReadAction\",\"target\":[\"https:\\\/\\\/hotelmarinetta.it\\\/fr\\\/blog\\\/ile-elbe-archipel-toscan\\\/\"]}]},{\"@type\":\"ImageObject\",\"inLanguage\":\"fr-FR\",\"@id\":\"https:\\\/\\\/hotelmarinetta.it\\\/fr\\\/blog\\\/ile-elbe-archipel-toscan\\\/#primaryimage\",\"url\":\"https:\\\/\\\/hotelmarinetta.it\\\/wp-content\\\/uploads\\\/2025\\\/07\\\/Hd-Elba-Arcipelago-Toscano.jpg\",\"contentUrl\":\"https:\\\/\\\/hotelmarinetta.it\\\/wp-content\\\/uploads\\\/2025\\\/07\\\/Hd-Elba-Arcipelago-Toscano.jpg\",\"width\":1366,\"height\":768,\"caption\":\"Elba Arcipelago Toscano\"},{\"@type\":\"BreadcrumbList\",\"@id\":\"https:\\\/\\\/hotelmarinetta.it\\\/fr\\\/blog\\\/ile-elbe-archipel-toscan\\\/#breadcrumb\",\"itemListElement\":[{\"@type\":\"ListItem\",\"position\":1,\"name\":\"Home\",\"item\":\"https:\\\/\\\/hotelmarinetta.it\\\/fr\\\/\"},{\"@type\":\"ListItem\",\"position\":2,\"name\":\"Blog\",\"item\":\"https:\\\/\\\/hotelmarinetta.it\\\/fr\\\/blog\\\/\"},{\"@type\":\"ListItem\",\"position\":3,\"name\":\"Ile d\u2019Elbe et l\u2019Archipel Toscan\"}]},{\"@type\":\"WebSite\",\"@id\":\"https:\\\/\\\/hotelmarinetta.it\\\/fr\\\/#website\",\"url\":\"https:\\\/\\\/hotelmarinetta.it\\\/fr\\\/\",\"name\":\"Park Hotel Marinetta\",\"description\":\"Resort sul Mare in Toscana\",\"publisher\":{\"@id\":\"https:\\\/\\\/hotelmarinetta.it\\\/fr\\\/#organization\"},\"potentialAction\":[{\"@type\":\"SearchAction\",\"target\":{\"@type\":\"EntryPoint\",\"urlTemplate\":\"https:\\\/\\\/hotelmarinetta.it\\\/fr\\\/?s={search_term_string}\"},\"query-input\":{\"@type\":\"PropertyValueSpecification\",\"valueRequired\":true,\"valueName\":\"search_term_string\"}}],\"inLanguage\":\"fr-FR\"},{\"@type\":\"Organization\",\"@id\":\"https:\\\/\\\/hotelmarinetta.it\\\/fr\\\/#organization\",\"name\":\"Park Hotel Marinetta\",\"url\":\"https:\\\/\\\/hotelmarinetta.it\\\/fr\\\/\",\"logo\":{\"@type\":\"ImageObject\",\"inLanguage\":\"fr-FR\",\"@id\":\"https:\\\/\\\/hotelmarinetta.it\\\/fr\\\/#\\\/schema\\\/logo\\\/image\\\/\",\"url\":\"https:\\\/\\\/hotelmarinetta.it\\\/wp-content\\\/uploads\\\/2025\\\/05\\\/Logo-PHM-01.png\",\"contentUrl\":\"https:\\\/\\\/hotelmarinetta.it\\\/wp-content\\\/uploads\\\/2025\\\/05\\\/Logo-PHM-01.png\",\"width\":294,\"height\":89,\"caption\":\"Park Hotel Marinetta\"},\"image\":{\"@id\":\"https:\\\/\\\/hotelmarinetta.it\\\/fr\\\/#\\\/schema\\\/logo\\\/image\\\/\"},\"sameAs\":[\"https:\\\/\\\/www.facebook.com\\\/parkhotelmarinetta\",\"https:\\\/\\\/www.instagram.com\\\/parkhotelmarinetta\\\/\"]},{\"@type\":\"Person\",\"@id\":\"https:\\\/\\\/hotelmarinetta.it\\\/fr\\\/#\\\/schema\\\/person\\\/584739d367c8d0bcc9663ceab4b7a84a\",\"name\":\"fritumuv@gmail.com\",\"image\":{\"@type\":\"ImageObject\",\"inLanguage\":\"fr-FR\",\"@id\":\"https:\\\/\\\/secure.gravatar.com\\\/avatar\\\/528338bab8ff2f7ed85f42685fa7ed3aa659b49ba1c5d15c360680240df86410?s=96&d=mm&r=g\",\"url\":\"https:\\\/\\\/secure.gravatar.com\\\/avatar\\\/528338bab8ff2f7ed85f42685fa7ed3aa659b49ba1c5d15c360680240df86410?s=96&d=mm&r=g\",\"contentUrl\":\"https:\\\/\\\/secure.gravatar.com\\\/avatar\\\/528338bab8ff2f7ed85f42685fa7ed3aa659b49ba1c5d15c360680240df86410?s=96&d=mm&r=g\",\"caption\":\"fritumuv@gmail.com\"}}]}<\/script>\n<!-- \/ Yoast SEO plugin. -->","yoast_head_json":{"title":"Ile d\u2019Elbe et l\u2019Archipel Toscan | Hotel Marinetta","description":"D\u00e9couvrez les \u00eeles toscanes avec notre guide en fran\u00e7ais, explorez la nature, la mer et les traditions locales, lisez maintenant.","robots":{"index":"index","follow":"follow","max-snippet":"max-snippet:-1","max-image-preview":"max-image-preview:large","max-video-preview":"max-video-preview:-1"},"canonical":"https:\/\/hotelmarinetta.it\/fr\/blog\/ile-elbe-archipel-toscan\/","og_locale":"fr_FR","og_type":"article","og_title":"Ile d\u2019Elbe et l\u2019Archipel Toscan | Hotel Marinetta","og_description":"D\u00e9couvrez les \u00eeles toscanes avec notre guide en fran\u00e7ais, explorez la nature, la mer et les traditions locales, lisez maintenant.","og_url":"https:\/\/hotelmarinetta.it\/fr\/blog\/ile-elbe-archipel-toscan\/","og_site_name":"Park Hotel Marinetta","article_publisher":"https:\/\/www.facebook.com\/parkhotelmarinetta","article_published_time":"2025-07-03T08:33:21+00:00","article_modified_time":"2025-09-01T09:06:18+00:00","og_image":[{"width":1366,"height":768,"url":"https:\/\/hotelmarinetta.it\/wp-content\/uploads\/2025\/07\/Hd-Elba-Arcipelago-Toscano.jpg","type":"image\/jpeg"}],"author":"fritumuv@gmail.com","twitter_card":"summary_large_image","twitter_misc":{"\u00c9crit par":"fritumuv@gmail.com","Dur\u00e9e de lecture estim\u00e9e":"8 minutes"},"schema":{"@context":"https:\/\/schema.org","@graph":[{"@type":"Article","@id":"https:\/\/hotelmarinetta.it\/fr\/blog\/ile-elbe-archipel-toscan\/#article","isPartOf":{"@id":"https:\/\/hotelmarinetta.it\/fr\/blog\/ile-elbe-archipel-toscan\/"},"author":{"name":"fritumuv@gmail.com","@id":"https:\/\/hotelmarinetta.it\/fr\/#\/schema\/person\/584739d367c8d0bcc9663ceab4b7a84a"},"headline":"Ile d\u2019Elbe et l\u2019Archipel Toscan","datePublished":"2025-07-03T08:33:21+00:00","dateModified":"2025-09-01T09:06:18+00:00","mainEntityOfPage":{"@id":"https:\/\/hotelmarinetta.it\/fr\/blog\/ile-elbe-archipel-toscan\/"},"wordCount":1547,"publisher":{"@id":"https:\/\/hotelmarinetta.it\/fr\/#organization"},"image":{"@id":"https:\/\/hotelmarinetta.it\/fr\/blog\/ile-elbe-archipel-toscan\/#primaryimage"},"thumbnailUrl":"https:\/\/hotelmarinetta.it\/wp-content\/uploads\/2025\/07\/Hd-Elba-Arcipelago-Toscano.jpg","articleSection":["Blog"],"inLanguage":"fr-FR"},{"@type":"WebPage","@id":"https:\/\/hotelmarinetta.it\/fr\/blog\/ile-elbe-archipel-toscan\/","url":"https:\/\/hotelmarinetta.it\/fr\/blog\/ile-elbe-archipel-toscan\/","name":"Ile d\u2019Elbe et l\u2019Archipel Toscan | Hotel Marinetta","isPartOf":{"@id":"https:\/\/hotelmarinetta.it\/fr\/#website"},"primaryImageOfPage":{"@id":"https:\/\/hotelmarinetta.it\/fr\/blog\/ile-elbe-archipel-toscan\/#primaryimage"},"image":{"@id":"https:\/\/hotelmarinetta.it\/fr\/blog\/ile-elbe-archipel-toscan\/#primaryimage"},"thumbnailUrl":"https:\/\/hotelmarinetta.it\/wp-content\/uploads\/2025\/07\/Hd-Elba-Arcipelago-Toscano.jpg","datePublished":"2025-07-03T08:33:21+00:00","dateModified":"2025-09-01T09:06:18+00:00","description":"D\u00e9couvrez les \u00eeles toscanes avec notre guide en fran\u00e7ais, explorez la nature, la mer et les traditions locales, lisez maintenant.","breadcrumb":{"@id":"https:\/\/hotelmarinetta.it\/fr\/blog\/ile-elbe-archipel-toscan\/#breadcrumb"},"inLanguage":"fr-FR","potentialAction":[{"@type":"ReadAction","target":["https:\/\/hotelmarinetta.it\/fr\/blog\/ile-elbe-archipel-toscan\/"]}]},{"@type":"ImageObject","inLanguage":"fr-FR","@id":"https:\/\/hotelmarinetta.it\/fr\/blog\/ile-elbe-archipel-toscan\/#primaryimage","url":"https:\/\/hotelmarinetta.it\/wp-content\/uploads\/2025\/07\/Hd-Elba-Arcipelago-Toscano.jpg","contentUrl":"https:\/\/hotelmarinetta.it\/wp-content\/uploads\/2025\/07\/Hd-Elba-Arcipelago-Toscano.jpg","width":1366,"height":768,"caption":"Elba Arcipelago Toscano"},{"@type":"BreadcrumbList","@id":"https:\/\/hotelmarinetta.it\/fr\/blog\/ile-elbe-archipel-toscan\/#breadcrumb","itemListElement":[{"@type":"ListItem","position":1,"name":"Home","item":"https:\/\/hotelmarinetta.it\/fr\/"},{"@type":"ListItem","position":2,"name":"Blog","item":"https:\/\/hotelmarinetta.it\/fr\/blog\/"},{"@type":"ListItem","position":3,"name":"Ile d\u2019Elbe et l\u2019Archipel Toscan"}]},{"@type":"WebSite","@id":"https:\/\/hotelmarinetta.it\/fr\/#website","url":"https:\/\/hotelmarinetta.it\/fr\/","name":"Park Hotel Marinetta","description":"Resort sul Mare in Toscana","publisher":{"@id":"https:\/\/hotelmarinetta.it\/fr\/#organization"},"potentialAction":[{"@type":"SearchAction","target":{"@type":"EntryPoint","urlTemplate":"https:\/\/hotelmarinetta.it\/fr\/?s={search_term_string}"},"query-input":{"@type":"PropertyValueSpecification","valueRequired":true,"valueName":"search_term_string"}}],"inLanguage":"fr-FR"},{"@type":"Organization","@id":"https:\/\/hotelmarinetta.it\/fr\/#organization","name":"Park Hotel Marinetta","url":"https:\/\/hotelmarinetta.it\/fr\/","logo":{"@type":"ImageObject","inLanguage":"fr-FR","@id":"https:\/\/hotelmarinetta.it\/fr\/#\/schema\/logo\/image\/","url":"https:\/\/hotelmarinetta.it\/wp-content\/uploads\/2025\/05\/Logo-PHM-01.png","contentUrl":"https:\/\/hotelmarinetta.it\/wp-content\/uploads\/2025\/05\/Logo-PHM-01.png","width":294,"height":89,"caption":"Park Hotel Marinetta"},"image":{"@id":"https:\/\/hotelmarinetta.it\/fr\/#\/schema\/logo\/image\/"},"sameAs":["https:\/\/www.facebook.com\/parkhotelmarinetta","https:\/\/www.instagram.com\/parkhotelmarinetta\/"]},{"@type":"Person","@id":"https:\/\/hotelmarinetta.it\/fr\/#\/schema\/person\/584739d367c8d0bcc9663ceab4b7a84a","name":"fritumuv@gmail.com","image":{"@type":"ImageObject","inLanguage":"fr-FR","@id":"https:\/\/secure.gravatar.com\/avatar\/528338bab8ff2f7ed85f42685fa7ed3aa659b49ba1c5d15c360680240df86410?s=96&d=mm&r=g","url":"https:\/\/secure.gravatar.com\/avatar\/528338bab8ff2f7ed85f42685fa7ed3aa659b49ba1c5d15c360680240df86410?s=96&d=mm&r=g","contentUrl":"https:\/\/secure.gravatar.com\/avatar\/528338bab8ff2f7ed85f42685fa7ed3aa659b49ba1c5d15c360680240df86410?s=96&d=mm&r=g","caption":"fritumuv@gmail.com"}}]}},"_links":{"self":[{"href":"https:\/\/hotelmarinetta.it\/fr\/wp-json\/wp\/v2\/posts\/5985","targetHints":{"allow":["GET"]}}],"collection":[{"href":"https:\/\/hotelmarinetta.it\/fr\/wp-json\/wp\/v2\/posts"}],"about":[{"href":"https:\/\/hotelmarinetta.it\/fr\/wp-json\/wp\/v2\/types\/post"}],"author":[{"embeddable":true,"href":"https:\/\/hotelmarinetta.it\/fr\/wp-json\/wp\/v2\/users\/1"}],"replies":[{"embeddable":true,"href":"https:\/\/hotelmarinetta.it\/fr\/wp-json\/wp\/v2\/comments?post=5985"}],"version-history":[{"count":3,"href":"https:\/\/hotelmarinetta.it\/fr\/wp-json\/wp\/v2\/posts\/5985\/revisions"}],"predecessor-version":[{"id":8648,"href":"https:\/\/hotelmarinetta.it\/fr\/wp-json\/wp\/v2\/posts\/5985\/revisions\/8648"}],"wp:featuredmedia":[{"embeddable":true,"href":"https:\/\/hotelmarinetta.it\/fr\/wp-json\/wp\/v2\/media\/5932"}],"wp:attachment":[{"href":"https:\/\/hotelmarinetta.it\/fr\/wp-json\/wp\/v2\/media?parent=5985"}],"wp:term":[{"taxonomy":"category","embeddable":true,"href":"https:\/\/hotelmarinetta.it\/fr\/wp-json\/wp\/v2\/categories?post=5985"},{"taxonomy":"post_tag","embeddable":true,"href":"https:\/\/hotelmarinetta.it\/fr\/wp-json\/wp\/v2\/tags?post=5985"}],"curies":[{"name":"wp","href":"https:\/\/api.w.org\/{rel}","templated":true}]}}