{"id":10573,"date":"2026-07-01T12:04:29","date_gmt":"2026-07-01T10:04:29","guid":{"rendered":"https:\/\/hotelmarinetta.it\/non-categorise\/se-deplacer-sans-voiture-cote-etrusque\/"},"modified":"2026-07-01T12:15:37","modified_gmt":"2026-07-01T10:15:37","slug":"se-deplacer-sans-voiture-cote-etrusque","status":"publish","type":"post","link":"https:\/\/hotelmarinetta.it\/fr\/blog\/se-deplacer-sans-voiture-cote-etrusque\/","title":{"rendered":"Se d\u00e9placer sans voiture \u00e0 Marina di Bibbona"},"content":{"rendered":"\t\t<div data-elementor-type=\"wp-post\" data-elementor-id=\"10573\" class=\"elementor elementor-10573 elementor-10525\" data-elementor-post-type=\"post\">\n\t\t\t\t<div class=\"elementor-element elementor-element-bda4490 e-con-full e-flex e-con e-parent\" data-id=\"bda4490\" data-element_type=\"container\" data-e-type=\"container\" data-settings=\"{&quot;background_background&quot;:&quot;classic&quot;}\">\n\t\t<div class=\"elementor-element elementor-element-72895f1 e-con-full e-flex e-con e-child\" data-id=\"72895f1\" data-element_type=\"container\" data-e-type=\"container\" data-settings=\"{&quot;background_background&quot;:&quot;classic&quot;}\">\n\t\t\t\t<\/div>\n\t\t<div class=\"elementor-element elementor-element-0ac362d e-con-full e-flex e-con e-child\" data-id=\"0ac362d\" data-element_type=\"container\" data-e-type=\"container\">\n\t\t<div class=\"elementor-element elementor-element-69c2c64 e-con-full e-flex e-con e-child\" data-id=\"69c2c64\" data-element_type=\"container\" data-e-type=\"container\" data-settings=\"{&quot;background_background&quot;:&quot;classic&quot;}\">\n\t\t\t\t<div class=\"elementor-element elementor-element-0140737 elementor-widget elementor-widget-post-info\" data-id=\"0140737\" data-element_type=\"widget\" data-e-type=\"widget\" data-widget_type=\"post-info.default\">\n\t\t\t\t<div class=\"elementor-widget-container\">\n\t\t\t\t\t\t\t<ul class=\"elementor-inline-items elementor-icon-list-items elementor-post-info\">\n\t\t\t\t\t\t\t\t<li class=\"elementor-icon-list-item elementor-repeater-item-5ae60b7 elementor-inline-item\" itemprop=\"about\">\n\t\t\t\t\t\t\t\t\t\t\t\t\t<span class=\"elementor-icon-list-text elementor-post-info__item elementor-post-info__item--type-terms\">\n\t\t\t\t\t\t\t\t\t\t<span class=\"elementor-post-info__terms-list\">\n\t\t\t\t<span class=\"elementor-post-info__terms-list-item\">Blog<\/span>\t\t\t\t<\/span>\n\t\t\t\t\t<\/span>\n\t\t\t\t\t\t\t\t<\/li>\n\t\t\t\t<\/ul>\n\t\t\t\t\t\t<\/div>\n\t\t\t\t<\/div>\n\t\t\t\t<\/div>\n\t\t\t\t<div class=\"elementor-element elementor-element-25835a0 elementor-widget elementor-widget-heading\" data-id=\"25835a0\" data-element_type=\"widget\" data-e-type=\"widget\" data-widget_type=\"heading.default\">\n\t\t\t\t<div class=\"elementor-widget-container\">\n\t\t\t\t\t<h1 class=\"elementor-heading-title elementor-size-default\">Se d\u00e9placer sans voiture \u00e0 Marina di Bibbona<\/h1>\t\t\t\t<\/div>\n\t\t\t\t<\/div>\n\t\t\t\t<div class=\"elementor-element elementor-element-a6c65d9 elementor-widget elementor-widget-heading\" data-id=\"a6c65d9\" data-element_type=\"widget\" data-e-type=\"widget\" data-widget_type=\"heading.default\">\n\t\t\t\t<div class=\"elementor-widget-container\">\n\t\t\t\t\t<h2 class=\"elementor-heading-title elementor-size-default\">Train touristique, navette, pistes cyclables et plus encore : comment explorer la C\u00f4te des \u00c9trusques sans voiture depuis l'H\u00f4tel Marinetta.<\/h2>\t\t\t\t<\/div>\n\t\t\t\t<\/div>\n\t\t\t\t<\/div>\n\t\t\t\t<\/div>\n\t\t<div class=\"elementor-element elementor-element-36a403f e-flex e-con-boxed e-con e-parent\" data-id=\"36a403f\" data-element_type=\"container\" data-e-type=\"container\">\n\t\t\t\t\t<div class=\"e-con-inner\">\n\t\t<div class=\"elementor-element elementor-element-33c9c99 e-con-full e-flex e-con e-child\" data-id=\"33c9c99\" data-element_type=\"container\" data-e-type=\"container\">\n\t\t\t\t<div class=\"elementor-element elementor-element-a47878b elementor-widget elementor-widget-text-editor\" data-id=\"a47878b\" data-element_type=\"widget\" data-e-type=\"widget\" data-widget_type=\"text-editor.default\">\n\t\t\t\t<div class=\"elementor-widget-container\">\n\t\t\t\t\t\t\t\t\t<p>Marina di Bibbona est une station baln\u00e9aire compacte et agr\u00e9able \u00e0 parcourir \u00e0 pied, avec un terrain plat et un r\u00e9seau de transports en commun saisonniers bien organis\u00e9. L&rsquo;h\u00f4tel est situ\u00e9 au c\u0153ur de la station, ce qui rend la plupart des services locaux et <b>la plage accessibles \u00e0 pied<\/b>. Pour ceux qui souhaitent s&rsquo;aventurer plus loin le long de la c\u00f4te ou rejoindre les villages voisins et les gares, plusieurs options sont disponibles.<\/p>\n\t\t\t\t\t\t\t\t<\/div>\n\t\t\t\t<\/div>\n\t\t\t\t<\/div>\n\t\t\t\t\t<\/div>\n\t\t\t\t<\/div>\n\t\t<div class=\"elementor-element elementor-element-df6f9c0 e-flex e-con-boxed e-con e-parent\" data-id=\"df6f9c0\" data-element_type=\"container\" data-e-type=\"container\" data-settings=\"{&quot;background_background&quot;:&quot;classic&quot;}\">\n\t\t\t\t\t<div class=\"e-con-inner\">\n\t\t<div class=\"elementor-element elementor-element-b029106 e-con-full e-flex e-con e-child\" data-id=\"b029106\" data-element_type=\"container\" data-e-type=\"container\" data-settings=\"{&quot;background_background&quot;:&quot;classic&quot;}\">\n\t\t\t\t<\/div>\n\t\t<div class=\"elementor-element elementor-element-ced0c8f e-con-full e-flex e-con e-child\" data-id=\"ced0c8f\" data-element_type=\"container\" data-e-type=\"container\">\n\t\t\t\t<div class=\"elementor-element elementor-element-4e76ca9 elementor-widget elementor-widget-heading\" data-id=\"4e76ca9\" data-element_type=\"widget\" data-e-type=\"widget\" data-widget_type=\"heading.default\">\n\t\t\t\t<div class=\"elementor-widget-container\">\n\t\t\t\t\t<h3 class=\"elementor-heading-title elementor-size-default\">\u00c0 pied et \u00e0 v\u00e9lo<\/h3>\t\t\t\t<\/div>\n\t\t\t\t<\/div>\n\t\t\t\t<div class=\"elementor-element elementor-element-02494be elementor-widget elementor-widget-text-editor\" data-id=\"02494be\" data-element_type=\"widget\" data-e-type=\"widget\" data-widget_type=\"text-editor.default\">\n\t\t\t\t<div class=\"elementor-widget-container\">\n\t\t\t\t\t\t\t\t\t<p>La fa\u00e7on la plus agr\u00e9able d&rsquo;explorer Marina di Bibbona est tout simplement \u00e0 pied ou \u00e0 v\u00e9lo. La station est plate, la circulation est limit\u00e9e pendant les mois d&rsquo;\u00e9t\u00e9, et le sentier c\u00f4tier de 7 km \u00e0 travers la pin\u00e8de qui relie Marina di Bibbona \u00e0 Marina di Cecina est l&rsquo;une des plus belles promenades en bord de mer de Toscane, enti\u00e8rement accessible sans traverser aucune route.<\/p>\n<p>L&rsquo;h\u00f4tel met des <b>v\u00e9los \u00e0 disposition des clients<\/b> souhaitant explorer la r\u00e9gion \u00e0 deux roues. Renseignez-vous \u00e0 la r\u00e9ception pour la disponibilit\u00e9 et les recommandations sur les meilleurs itin\u00e9raires locaux.<\/p>\n<p>\u2192 <span style=\"text-decoration: underline;\"><a href=\"https:\/\/hotelmarinetta.it\/fr\/experiences\/balades-velo\/\">D\u00e9couvrir les balades \u00e0 v\u00e9lo sur la C\u00f4te des \u00c9trusques<\/a><\/span><\/p>\n\t\t\t\t\t\t\t\t<\/div>\n\t\t\t\t<\/div>\n\t\t\t\t<\/div>\n\t\t\t\t\t<\/div>\n\t\t\t\t<\/div>\n\t\t<div class=\"elementor-element elementor-element-67ef1e1 e-flex e-con-boxed e-con e-parent\" data-id=\"67ef1e1\" data-element_type=\"container\" data-e-type=\"container\" data-settings=\"{&quot;background_background&quot;:&quot;classic&quot;}\">\n\t\t\t\t\t<div class=\"e-con-inner\">\n\t\t<div class=\"elementor-element elementor-element-4d78f94 e-con-full e-flex e-con e-child\" data-id=\"4d78f94\" data-element_type=\"container\" data-e-type=\"container\" data-settings=\"{&quot;background_background&quot;:&quot;classic&quot;}\">\n\t\t\t\t<\/div>\n\t\t<div class=\"elementor-element elementor-element-92a380c e-con-full e-flex e-con e-child\" data-id=\"92a380c\" data-element_type=\"container\" data-e-type=\"container\">\n\t\t\t\t<div class=\"elementor-element elementor-element-e3c4c29 elementor-widget elementor-widget-heading\" data-id=\"e3c4c29\" data-element_type=\"widget\" data-e-type=\"widget\" data-widget_type=\"heading.default\">\n\t\t\t\t<div class=\"elementor-widget-container\">\n\t\t\t\t\t<h2 class=\"elementor-heading-title elementor-size-default\">Le train touristique (Trenino Gommato)<\/h2>\t\t\t\t<\/div>\n\t\t\t\t<\/div>\n\t\t\t\t<div class=\"elementor-element elementor-element-341bc76 elementor-widget elementor-widget-text-editor\" data-id=\"341bc76\" data-element_type=\"widget\" data-e-type=\"widget\" data-widget_type=\"text-editor.default\">\n\t\t\t\t<div class=\"elementor-widget-container\">\n\t\t\t\t\t\t\t\t\t<p>Pendant la saison estivale, un <b>petit train touristique<\/b> (trenino gommato) circule dans les rues de Marina di Bibbona, reliant les diff\u00e9rentes parties de la station et les principaux acc\u00e8s \u00e0 la plage. C&rsquo;est un moyen amusant et pratique de se d\u00e9placer dans le village, particuli\u00e8rement utile pour les clients avec des bagages, des enfants ou \u00e0 mobilit\u00e9 r\u00e9duite.<\/p>\n<p>Le train touristique est <b>accessible aux personnes \u00e0 mobilit\u00e9 r\u00e9duit<\/b>e, ce qui en fait l&rsquo;une des options de transport local les plus inclusives disponibles.<\/p>\n<p>Le service fonctionne de mi-juin \u00e0 mi-septembre. Pour les horaires et arr\u00eats mis \u00e0 jour, renseignez-vous \u00e0 la r\u00e9ception de l&rsquo;h\u00f4tel.<span class=\"Apple-converted-space\">\u00a0<\/span><\/p>\n\t\t\t\t\t\t\t\t<\/div>\n\t\t\t\t<\/div>\n\t\t\t\t<\/div>\n\t\t\t\t\t<\/div>\n\t\t\t\t<\/div>\n\t\t<div class=\"elementor-element elementor-element-0af3e58 e-flex e-con-boxed e-con e-parent\" data-id=\"0af3e58\" data-element_type=\"container\" data-e-type=\"container\" data-settings=\"{&quot;background_background&quot;:&quot;classic&quot;}\">\n\t\t\t\t\t<div class=\"e-con-inner\">\n\t\t<div class=\"elementor-element elementor-element-4e230a6 e-con-full e-flex e-con e-child\" data-id=\"4e230a6\" data-element_type=\"container\" data-e-type=\"container\" data-settings=\"{&quot;background_background&quot;:&quot;classic&quot;}\">\n\t\t\t\t<\/div>\n\t\t<div class=\"elementor-element elementor-element-fbfb0d5 e-con-full e-flex e-con e-child\" data-id=\"fbfb0d5\" data-element_type=\"container\" data-e-type=\"container\">\n\t\t\t\t<div class=\"elementor-element elementor-element-822a408 elementor-widget elementor-widget-heading\" data-id=\"822a408\" data-element_type=\"widget\" data-e-type=\"widget\" data-widget_type=\"heading.default\">\n\t\t\t\t<div class=\"elementor-widget-container\">\n\t\t\t\t\t<h2 class=\"elementor-heading-title elementor-size-default\">La navette (Bus Navetta)<\/h2>\t\t\t\t<\/div>\n\t\t\t\t<\/div>\n\t\t\t\t<div class=\"elementor-element elementor-element-9e39880 elementor-widget elementor-widget-text-editor\" data-id=\"9e39880\" data-element_type=\"widget\" data-e-type=\"widget\" data-widget_type=\"text-editor.default\">\n\t\t\t\t<div class=\"elementor-widget-container\">\n\t\t\t\t\t\t\t\t\t<p>Un <b>service de navette saisonni\u00e8re<\/b> relie Marina di Bibbona au village de <b>Bibbona<\/b> et \u00e0 la <b>gare de Bolgheri<\/b>, avec des d\u00e9parts cal\u00e9s sur les horaires des trains. Il est ainsi possible d&rsquo;arriver \u00e0 l&rsquo;h\u00f4tel en train sans voiture : il suffit de descendre \u00e0 la gare de Bolgheri et de prendre la navette directement jusqu&rsquo;\u00e0 la station.<\/p>\n\t\t\t\t\t\t\t\t<\/div>\n\t\t\t\t<\/div>\n\t\t\t\t<div class=\"elementor-element elementor-element-e088f31 elementor-widget elementor-widget-heading\" data-id=\"e088f31\" data-element_type=\"widget\" data-e-type=\"widget\" data-widget_type=\"heading.default\">\n\t\t\t\t<div class=\"elementor-widget-container\">\n\t\t\t\t\t<h2 class=\"elementor-heading-title elementor-size-default\">Les lignes de bus c\u00f4ti\u00e8res<\/h2>\t\t\t\t<\/div>\n\t\t\t\t<\/div>\n\t\t\t\t<div class=\"elementor-element elementor-element-181df6f elementor-widget elementor-widget-text-editor\" data-id=\"181df6f\" data-element_type=\"widget\" data-e-type=\"widget\" data-widget_type=\"text-editor.default\">\n\t\t\t\t<div class=\"elementor-widget-container\">\n\t\t\t\t\t\t\t\t\t<p>La <b>ligne 115<\/b> relie Marina di Bibbona \u00e0 Cecina et aux autres localit\u00e9s c\u00f4ti\u00e8res tout au long de la saison. L&rsquo;arr\u00eat de bus le plus proche de l&rsquo;h\u00f4tel<b>, Via dei Melograni \/ Via dei Pini<\/b>, se trouve \u00e0 environ 4 minutes \u00e0 pied.<\/p>\n<p>La <b>ligne 125<\/b> est un <b>service saisonnier gratuit<\/b> qui circule entre Marina di Cecina et Marina di Bibbona pendant la saison estivale.<\/p>\n\t\t\t\t\t\t\t\t<\/div>\n\t\t\t\t<\/div>\n\t\t\t\t<div class=\"elementor-element elementor-element-4415cc0 elementor-widget elementor-widget-heading\" data-id=\"4415cc0\" data-element_type=\"widget\" data-e-type=\"widget\" data-widget_type=\"heading.default\">\n\t\t\t\t<div class=\"elementor-widget-container\">\n\t\t\t\t\t<h2 class=\"elementor-heading-title elementor-size-default\">Le bus nocturne \"Pisolo\"<\/h2>\t\t\t\t<\/div>\n\t\t\t\t<\/div>\n\t\t\t\t<div class=\"elementor-element elementor-element-0832155 elementor-widget elementor-widget-text-editor\" data-id=\"0832155\" data-element_type=\"widget\" data-e-type=\"widget\" data-widget_type=\"text-editor.default\">\n\t\t\t\t<div class=\"elementor-widget-container\">\n\t\t\t\t\t\t\t\t\t<p>Le <b>bus nocturne \u00ab\u00a0Pisolo\u00a0\u00bb<\/b> relie les stations baln\u00e9aires de Rosignano Marittimo \u00e0 San Vincenzo en soir\u00e9e, permettant de rejoindre les villes voisines pour d\u00eener ou assister \u00e0 des \u00e9v\u00e9nements sans avoir recours \u00e0 la voiture.<\/p>\n\t\t\t\t\t\t\t\t<\/div>\n\t\t\t\t<\/div>\n\t\t\t\t<\/div>\n\t\t\t\t\t<\/div>\n\t\t\t\t<\/div>\n\t\t<div class=\"elementor-element elementor-element-6c819a6 e-flex e-con-boxed e-con e-parent\" data-id=\"6c819a6\" data-element_type=\"container\" data-e-type=\"container\" data-settings=\"{&quot;background_background&quot;:&quot;classic&quot;}\">\n\t\t\t\t\t<div class=\"e-con-inner\">\n\t\t<div class=\"elementor-element elementor-element-993b381 e-con-full e-flex e-con e-child\" data-id=\"993b381\" data-element_type=\"container\" data-e-type=\"container\" data-settings=\"{&quot;background_background&quot;:&quot;classic&quot;}\">\n\t\t\t\t<\/div>\n\t\t<div class=\"elementor-element elementor-element-e707caf e-con-full e-flex e-con e-child\" data-id=\"e707caf\" data-element_type=\"container\" data-e-type=\"container\">\n\t\t\t\t<div class=\"elementor-element elementor-element-55313d9 elementor-widget elementor-widget-heading\" data-id=\"55313d9\" data-element_type=\"widget\" data-e-type=\"widget\" data-widget_type=\"heading.default\">\n\t\t\t\t<div class=\"elementor-widget-container\">\n\t\t\t\t\t<h2 class=\"elementor-heading-title elementor-size-default\">En train<\/h2>\t\t\t\t<\/div>\n\t\t\t\t<\/div>\n\t\t\t\t<div class=\"elementor-element elementor-element-e5947e5 elementor-widget elementor-widget-text-editor\" data-id=\"e5947e5\" data-element_type=\"widget\" data-e-type=\"widget\" data-widget_type=\"text-editor.default\">\n\t\t\t\t<div class=\"elementor-widget-container\">\n\t\t\t\t\t\t\t\t\t<p>Les gares les plus proches de Marina di Bibbona sont <b>Bolgheri<\/b> (environ 3 km) et <b>Cecina<\/b> (environ 10-12 km), toutes deux sur la ligne c\u00f4ti\u00e8re G\u00eanes-Rome desservie par les trains r\u00e9gionaux Trenitalia. Depuis les deux gares, la navette et les lignes de bus locales permettent de rejoindre Marina di Bibbona.<\/p>\n<p>Pour toutes les informations sur l&rsquo;acc\u00e8s \u00e0 l&rsquo;h\u00f4tel en train, consultez notre page d\u00e9di\u00e9e.<\/p>\n<p>\u2192 <a href=\"https:\/\/hotelmarinetta.it\/fr\/comment-venir-hotel\/\"><span style=\"text-decoration: underline;\">Comment nous rejoindre<\/span><\/a><\/p>\n\t\t\t\t\t\t\t\t<\/div>\n\t\t\t\t<\/div>\n\t\t\t\t<\/div>\n\t\t\t\t\t<\/div>\n\t\t\t\t<\/div>\n\t\t<div class=\"elementor-element elementor-element-a8e2d5e e-flex e-con-boxed e-con e-parent\" data-id=\"a8e2d5e\" data-element_type=\"container\" data-e-type=\"container\" data-settings=\"{&quot;background_background&quot;:&quot;classic&quot;}\">\n\t\t\t\t\t<div class=\"e-con-inner\">\n\t\t<div class=\"elementor-element elementor-element-fb59c91 e-con-full e-flex e-con e-child\" data-id=\"fb59c91\" data-element_type=\"container\" data-e-type=\"container\" data-settings=\"{&quot;background_background&quot;:&quot;classic&quot;}\">\n\t\t\t\t<\/div>\n\t\t<div class=\"elementor-element elementor-element-66f1297 e-con-full e-flex e-con e-child\" data-id=\"66f1297\" data-element_type=\"container\" data-e-type=\"container\">\n\t\t\t\t<div class=\"elementor-element elementor-element-d19f545 elementor-widget elementor-widget-heading\" data-id=\"d19f545\" data-element_type=\"widget\" data-e-type=\"widget\" data-widget_type=\"heading.default\">\n\t\t\t\t<div class=\"elementor-widget-container\">\n\t\t\t\t\t<h3 class=\"elementor-heading-title elementor-size-default\">En taxi<\/h3>\t\t\t\t<\/div>\n\t\t\t\t<\/div>\n\t\t\t\t<div class=\"elementor-element elementor-element-a9c7cf3 elementor-widget elementor-widget-text-editor\" data-id=\"a9c7cf3\" data-element_type=\"widget\" data-e-type=\"widget\" data-widget_type=\"text-editor.default\">\n\t\t\t\t<div class=\"elementor-widget-container\">\n\t\t\t\t\t\t\t\t\t<p>Des taxis sont disponibles depuis les gares de Bolgheri et de Cecina et peuvent \u00eatre r\u00e9serv\u00e9s \u00e0 l&rsquo;avance. La r\u00e9ception de l&rsquo;h\u00f4tel peut aider les clients \u00e0 organiser un taxi pour les arriv\u00e9es, les d\u00e9parts ou les excursions \u00e0 la journ\u00e9e.<span class=\"Apple-converted-space\">\u00a0<\/span><\/p>\n\t\t\t\t\t\t\t\t<\/div>\n\t\t\t\t<\/div>\n\t\t\t\t<div class=\"elementor-element elementor-element-1f94cef elementor-widget elementor-widget-heading\" data-id=\"1f94cef\" data-element_type=\"widget\" data-e-type=\"widget\" data-widget_type=\"heading.default\">\n\t\t\t\t<div class=\"elementor-widget-container\">\n\t\t\t\t\t<h3 class=\"elementor-heading-title elementor-size-default\">Location de voiture<\/h3>\t\t\t\t<\/div>\n\t\t\t\t<\/div>\n\t\t\t\t<div class=\"elementor-element elementor-element-13f1d87 elementor-widget elementor-widget-text-editor\" data-id=\"13f1d87\" data-element_type=\"widget\" data-e-type=\"widget\" data-widget_type=\"text-editor.default\">\n\t\t\t\t<div class=\"elementor-widget-container\">\n\t\t\t\t\t\t\t\t\t<p>Pour les clients qui souhaitent louer une voiture pour des excursions vers les villes d&rsquo;art ou pour explorer plus largement la C\u00f4te des \u00c9trusques, l&rsquo;h\u00f4tel propose la <b>location de voitures via Europcar<\/b>. Renseignez-vous \u00e0 la r\u00e9ception pour les tarifs et les disponibilit\u00e9s.<\/p>\n<p>\u2192 <span style=\"text-decoration: underline;\"><a href=\"https:\/\/hotelmarinetta.it\/fr\/location-voiture-europcar\/\">Location de voiture avec Europcar<\/a><\/span><\/p>\n\t\t\t\t\t\t\t\t<\/div>\n\t\t\t\t<\/div>\n\t\t\t\t<div class=\"elementor-element elementor-element-15503bf elementor-widget elementor-widget-heading\" data-id=\"15503bf\" data-element_type=\"widget\" data-e-type=\"widget\" data-widget_type=\"heading.default\">\n\t\t\t\t<div class=\"elementor-widget-container\">\n\t\t\t\t\t<h3 class=\"elementor-heading-title elementor-size-default\">Parking \u00e0 l'h\u00f4tel<\/h3>\t\t\t\t<\/div>\n\t\t\t\t<\/div>\n\t\t\t\t<div class=\"elementor-element elementor-element-7d82290 elementor-widget elementor-widget-text-editor\" data-id=\"7d82290\" data-element_type=\"widget\" data-e-type=\"widget\" data-widget_type=\"text-editor.default\">\n\t\t\t\t<div class=\"elementor-widget-container\">\n\t\t\t\t\t\t\t\t\t<p>Pour les clients arrivant en voiture, l&rsquo;h\u00f4tel propose un <b>parking ext\u00e9rieur gratuit pour 200 v\u00e9hicules<\/b>, avec des <b>bornes de recharge pour v\u00e9hicules \u00e9lectriques<\/b> disponibles sur place.<\/p>\n<p>La position centrale de l&rsquo;h\u00f4tel au sein de Marina di Bibbona signifie qu&rsquo;une fois gar\u00e9, la plupart des besoins quotidiens &#8211; plage, restaurants, commerces et transports locaux &#8211; sont \u00e0 distance de marche, ce qui permet de laisser la voiture stationn\u00e9e pendant toute la dur\u00e9e du s\u00e9jour.<\/p>\n\t\t\t\t\t\t\t\t<\/div>\n\t\t\t\t<\/div>\n\t\t\t\t<\/div>\n\t\t\t\t\t<\/div>\n\t\t\t\t<\/div>\n\t\t<div class=\"elementor-element elementor-element-60376c3 e-flex e-con-boxed e-con e-parent\" data-id=\"60376c3\" data-element_type=\"container\" data-e-type=\"container\" data-settings=\"{&quot;background_background&quot;:&quot;classic&quot;}\">\n\t\t\t\t\t<div class=\"e-con-inner\">\n\t\t<div class=\"elementor-element elementor-element-a4db174 e-con-full e-flex e-con e-child\" data-id=\"a4db174\" data-element_type=\"container\" data-e-type=\"container\">\n\t\t\t\t<div class=\"elementor-element elementor-element-6405dee elementor-widget elementor-widget-heading\" data-id=\"6405dee\" data-element_type=\"widget\" data-e-type=\"widget\" data-widget_type=\"heading.default\">\n\t\t\t\t<div class=\"elementor-widget-container\">\n\t\t\t\t\t<h2 class=\"elementor-heading-title elementor-size-default\">Questions fr\u00e9quemment pos\u00e9es<\/h2>\t\t\t\t<\/div>\n\t\t\t\t<\/div>\n\t\t\t\t<\/div>\n\t\t<div class=\"elementor-element elementor-element-627372c e-con-full e-flex e-con e-child\" data-id=\"627372c\" data-element_type=\"container\" data-e-type=\"container\">\n\t\t\t\t<div class=\"elementor-element elementor-element-508fb87 elementor-widget elementor-widget-n-accordion\" data-id=\"508fb87\" data-element_type=\"widget\" data-e-type=\"widget\" data-settings=\"{&quot;default_state&quot;:&quot;all_collapsed&quot;,&quot;max_items_expended&quot;:&quot;one&quot;,&quot;n_accordion_animation_duration&quot;:{&quot;unit&quot;:&quot;ms&quot;,&quot;size&quot;:400,&quot;sizes&quot;:[]}}\" data-widget_type=\"nested-accordion.default\">\n\t\t\t\t<div class=\"elementor-widget-container\">\n\t\t\t\t\t\t\t<div class=\"e-n-accordion\" aria-label=\"Accordion. Open links with Enter or Space, close with Escape, and navigate with Arrow Keys\">\n\t\t\t\t\t\t<details id=\"e-n-accordion-item-8440\" class=\"e-n-accordion-item\" >\n\t\t\t\t<summary class=\"e-n-accordion-item-title\" data-accordion-index=\"1\" tabindex=\"0\" aria-expanded=\"false\" aria-controls=\"e-n-accordion-item-8440\" >\n\t\t\t\t\t<span class='e-n-accordion-item-title-header'><h3 class=\"e-n-accordion-item-title-text\"> Est-il possible de rejoindre l'H\u00f4tel Marinetta sans voiture ?\u00a0 <\/h3><\/span>\n\t\t\t\t\t\t\t<span class='e-n-accordion-item-title-icon'>\n\t\t\t<span class='e-opened' ><i aria-hidden=\"true\" class=\"icon icon-chevron-up\"><\/i><\/span>\n\t\t\t<span class='e-closed'><i aria-hidden=\"true\" class=\"icon icon-chevron-down\"><\/i><\/span>\n\t\t<\/span>\n\n\t\t\t\t\t\t<\/summary>\n\t\t\t\t<div role=\"region\" aria-labelledby=\"e-n-accordion-item-8440\" class=\"elementor-element elementor-element-5175264 e-con-full e-flex e-con e-child\" data-id=\"5175264\" data-element_type=\"container\" data-e-type=\"container\">\n\t\t\t\t<div class=\"elementor-element elementor-element-3a1edcc elementor-widget elementor-widget-text-editor\" data-id=\"3a1edcc\" data-element_type=\"widget\" data-e-type=\"widget\" data-widget_type=\"text-editor.default\">\n\t\t\t\t<div class=\"elementor-widget-container\">\n\t\t\t\t\t\t\t\t\t<p>Oui. L&rsquo;h\u00f4tel est accessible en train jusqu&rsquo;\u00e0 Bolgheri ou Cecina, puis en navette saisonni\u00e8re ou en taxi. Pendant la saison estivale, le r\u00e9seau de bus local assure des liaisons r\u00e9guli\u00e8res le long de la c\u00f4te.<\/p>\n\t\t\t\t\t\t\t\t<\/div>\n\t\t\t\t<\/div>\n\t\t\t\t<\/div>\n\t\t\t\t\t<\/details>\n\t\t\t\t\t\t<details id=\"e-n-accordion-item-8441\" class=\"e-n-accordion-item\" >\n\t\t\t\t<summary class=\"e-n-accordion-item-title\" data-accordion-index=\"2\" tabindex=\"-1\" aria-expanded=\"false\" aria-controls=\"e-n-accordion-item-8441\" >\n\t\t\t\t\t<span class='e-n-accordion-item-title-header'><h3 class=\"e-n-accordion-item-title-text\"> Y a-t-il un train touristique \u00e0 Marina di Bibbona ? <\/h3><\/span>\n\t\t\t\t\t\t\t<span class='e-n-accordion-item-title-icon'>\n\t\t\t<span class='e-opened' ><i aria-hidden=\"true\" class=\"icon icon-chevron-up\"><\/i><\/span>\n\t\t\t<span class='e-closed'><i aria-hidden=\"true\" class=\"icon icon-chevron-down\"><\/i><\/span>\n\t\t<\/span>\n\n\t\t\t\t\t\t<\/summary>\n\t\t\t\t<div role=\"region\" aria-labelledby=\"e-n-accordion-item-8441\" class=\"elementor-element elementor-element-3e912a3 e-con-full e-flex e-con e-child\" data-id=\"3e912a3\" data-element_type=\"container\" data-e-type=\"container\">\n\t\t\t\t<div class=\"elementor-element elementor-element-a4fdca6 elementor-widget elementor-widget-text-editor\" data-id=\"a4fdca6\" data-element_type=\"widget\" data-e-type=\"widget\" data-widget_type=\"text-editor.default\">\n\t\t\t\t<div class=\"elementor-widget-container\">\n\t\t\t\t\t\t\t\t\t<p>Oui, un petit train touristique (trenino gommato) circule dans la station de mi-juin \u00e0 mi-septembre, reliant les principaux secteurs de Marina di Bibbona et les acc\u00e8s \u00e0 la plage. Il est accessible aux personnes \u00e0 mobilit\u00e9 r\u00e9duite.<\/p>\n\t\t\t\t\t\t\t\t<\/div>\n\t\t\t\t<\/div>\n\t\t\t\t<\/div>\n\t\t\t\t\t<\/details>\n\t\t\t\t\t\t<details id=\"e-n-accordion-item-8442\" class=\"e-n-accordion-item\" >\n\t\t\t\t<summary class=\"e-n-accordion-item-title\" data-accordion-index=\"3\" tabindex=\"-1\" aria-expanded=\"false\" aria-controls=\"e-n-accordion-item-8442\" >\n\t\t\t\t\t<span class='e-n-accordion-item-title-header'><h3 class=\"e-n-accordion-item-title-text\"> Puis-je aller \u00e0 Bolgheri sans voiture ? <\/h3><\/span>\n\t\t\t\t\t\t\t<span class='e-n-accordion-item-title-icon'>\n\t\t\t<span class='e-opened' ><i aria-hidden=\"true\" class=\"icon icon-chevron-up\"><\/i><\/span>\n\t\t\t<span class='e-closed'><i aria-hidden=\"true\" class=\"icon icon-chevron-down\"><\/i><\/span>\n\t\t<\/span>\n\n\t\t\t\t\t\t<\/summary>\n\t\t\t\t<div role=\"region\" aria-labelledby=\"e-n-accordion-item-8442\" class=\"elementor-element elementor-element-02b7c63 e-con-full e-flex e-con e-child\" data-id=\"02b7c63\" data-element_type=\"container\" data-e-type=\"container\">\n\t\t\t\t<div class=\"elementor-element elementor-element-28ff522 elementor-widget elementor-widget-text-editor\" data-id=\"28ff522\" data-element_type=\"widget\" data-e-type=\"widget\" data-widget_type=\"text-editor.default\">\n\t\t\t\t<div class=\"elementor-widget-container\">\n\t\t\t\t\t\t\t\t\t<p>Oui. La navette relie Marina di Bibbona au village de Bolgheri et \u00e0 la gare de Bolgheri, avec des d\u00e9parts cal\u00e9s sur les horaires des trains. Le service fonctionne de mi-juin \u00e0 mi-septembre.<\/p>\n\t\t\t\t\t\t\t\t<\/div>\n\t\t\t\t<\/div>\n\t\t\t\t<\/div>\n\t\t\t\t\t<\/details>\n\t\t\t\t\t\t<details id=\"e-n-accordion-item-8443\" class=\"e-n-accordion-item\" >\n\t\t\t\t<summary class=\"e-n-accordion-item-title\" data-accordion-index=\"4\" tabindex=\"-1\" aria-expanded=\"false\" aria-controls=\"e-n-accordion-item-8443\" >\n\t\t\t\t\t<span class='e-n-accordion-item-title-header'><h3 class=\"e-n-accordion-item-title-text\"> Y a-t-il des bus vers Cecina depuis Marina di Bibbona ? <\/h3><\/span>\n\t\t\t\t\t\t\t<span class='e-n-accordion-item-title-icon'>\n\t\t\t<span class='e-opened' ><i aria-hidden=\"true\" class=\"icon icon-chevron-up\"><\/i><\/span>\n\t\t\t<span class='e-closed'><i aria-hidden=\"true\" class=\"icon icon-chevron-down\"><\/i><\/span>\n\t\t<\/span>\n\n\t\t\t\t\t\t<\/summary>\n\t\t\t\t<div role=\"region\" aria-labelledby=\"e-n-accordion-item-8443\" class=\"elementor-element elementor-element-485c194 e-con-full e-flex e-con e-child\" data-id=\"485c194\" data-element_type=\"container\" data-e-type=\"container\">\n\t\t\t\t<div class=\"elementor-element elementor-element-176d217 elementor-widget elementor-widget-text-editor\" data-id=\"176d217\" data-element_type=\"widget\" data-e-type=\"widget\" data-widget_type=\"text-editor.default\">\n\t\t\t\t<div class=\"elementor-widget-container\">\n\t\t\t\t\t\t\t\t\t<p>Oui, la ligne 115 relie Marina di Bibbona \u00e0 Cecina tout au long de la saison. L&rsquo;arr\u00eat le plus proche de l&rsquo;h\u00f4tel est \u00e0 environ 4 minutes \u00e0 pied.<\/p>\n\t\t\t\t\t\t\t\t<\/div>\n\t\t\t\t<\/div>\n\t\t\t\t<\/div>\n\t\t\t\t\t<\/details>\n\t\t\t\t\t\t<details id=\"e-n-accordion-item-8444\" class=\"e-n-accordion-item\" >\n\t\t\t\t<summary class=\"e-n-accordion-item-title\" data-accordion-index=\"5\" tabindex=\"-1\" aria-expanded=\"false\" aria-controls=\"e-n-accordion-item-8444\" >\n\t\t\t\t\t<span class='e-n-accordion-item-title-header'><h3 class=\"e-n-accordion-item-title-text\"> L'h\u00f4tel dispose-t-il de v\u00e9los ? <\/h3><\/span>\n\t\t\t\t\t\t\t<span class='e-n-accordion-item-title-icon'>\n\t\t\t<span class='e-opened' ><i aria-hidden=\"true\" class=\"icon icon-chevron-up\"><\/i><\/span>\n\t\t\t<span class='e-closed'><i aria-hidden=\"true\" class=\"icon icon-chevron-down\"><\/i><\/span>\n\t\t<\/span>\n\n\t\t\t\t\t\t<\/summary>\n\t\t\t\t<div role=\"region\" aria-labelledby=\"e-n-accordion-item-8444\" class=\"elementor-element elementor-element-f9a4eda e-con-full e-flex e-con e-child\" data-id=\"f9a4eda\" data-element_type=\"container\" data-e-type=\"container\">\n\t\t\t\t<div class=\"elementor-element elementor-element-19d5ae9 elementor-widget elementor-widget-text-editor\" data-id=\"19d5ae9\" data-element_type=\"widget\" data-e-type=\"widget\" data-widget_type=\"text-editor.default\">\n\t\t\t\t<div class=\"elementor-widget-container\">\n\t\t\t\t\t\t\t\t\t<p>Oui, des v\u00e9los sont disponibles pour les clients pour des balades dans les environs. Renseignez-vous \u00e0 la r\u00e9ception pour la disponibilit\u00e9.<\/p>\n\t\t\t\t\t\t\t\t<\/div>\n\t\t\t\t<\/div>\n\t\t\t\t<\/div>\n\t\t\t\t\t<\/details>\n\t\t\t\t\t<\/div>\n\t\t\t\t\t<script type=\"application\/ld+json\">{\"@context\":\"https:\\\/\\\/schema.org\",\"@type\":\"FAQPage\",\"mainEntity\":[{\"@type\":\"Question\",\"name\":\"Est-il possible de rejoindre l'H\\u00f4tel Marinetta sans voiture ?\\u00a0\",\"acceptedAnswer\":{\"@type\":\"Answer\",\"text\":\"Oui. L&rsquo;h\\u00f4tel est accessible en train jusqu&rsquo;\\u00e0 Bolgheri ou Cecina, puis en navette saisonni\\u00e8re ou en taxi. Pendant la saison estivale, le r\\u00e9seau de bus local assure des liaisons r\\u00e9guli\\u00e8res le long de la c\\u00f4te.\"}},{\"@type\":\"Question\",\"name\":\"Y a-t-il un train touristique \\u00e0 Marina di Bibbona ?\",\"acceptedAnswer\":{\"@type\":\"Answer\",\"text\":\"Oui, un petit train touristique (trenino gommato) circule dans la station de mi-juin \\u00e0 mi-septembre, reliant les principaux secteurs de Marina di Bibbona et les acc\\u00e8s \\u00e0 la plage. Il est accessible aux personnes \\u00e0 mobilit\\u00e9 r\\u00e9duite.\"}},{\"@type\":\"Question\",\"name\":\"Puis-je aller \\u00e0 Bolgheri sans voiture ?\",\"acceptedAnswer\":{\"@type\":\"Answer\",\"text\":\"Oui. La navette relie Marina di Bibbona au village de Bolgheri et \\u00e0 la gare de Bolgheri, avec des d\\u00e9parts cal\\u00e9s sur les horaires des trains. Le service fonctionne de mi-juin \\u00e0 mi-septembre.\"}},{\"@type\":\"Question\",\"name\":\"Y a-t-il des bus vers Cecina depuis Marina di Bibbona ?\",\"acceptedAnswer\":{\"@type\":\"Answer\",\"text\":\"Oui, la ligne 115 relie Marina di Bibbona \\u00e0 Cecina tout au long de la saison. L&rsquo;arr\\u00eat le plus proche de l&rsquo;h\\u00f4tel est \\u00e0 environ 4 minutes \\u00e0 pied.\"}},{\"@type\":\"Question\",\"name\":\"L'h\\u00f4tel dispose-t-il de v\\u00e9los ?\",\"acceptedAnswer\":{\"@type\":\"Answer\",\"text\":\"Oui, des v\\u00e9los sont disponibles pour les clients pour des balades dans les environs. Renseignez-vous \\u00e0 la r\\u00e9ception pour la disponibilit\\u00e9.\"}}]}<\/script>\n\t\t\t\t\t\t\t<\/div>\n\t\t\t\t<\/div>\n\t\t\t\t<\/div>\n\t\t\t\t\t<\/div>\n\t\t\t\t<\/div>\n\t\t<div class=\"elementor-element elementor-element-2f96a66 e-flex e-con-boxed e-con e-parent\" data-id=\"2f96a66\" data-element_type=\"container\" data-e-type=\"container\">\n\t\t\t\t\t<div class=\"e-con-inner\">\n\t\t\t\t<div class=\"elementor-element elementor-element-4036687 elementor-widget elementor-widget-template\" data-id=\"4036687\" data-element_type=\"widget\" data-e-type=\"widget\" data-widget_type=\"template.default\">\n\t\t\t\t<div class=\"elementor-widget-container\">\n\t\t\t\t\t\t\t<div class=\"elementor-template\">\n\t\t\t\t\t<div data-elementor-type=\"container\" data-elementor-id=\"8041\" class=\"elementor elementor-8041 elementor-3036 elementor-3036\" data-elementor-post-type=\"elementor_library\">\n\t\t\t\t<div class=\"elementor-element elementor-element-2c920f57 e-flex e-con-boxed e-con e-parent\" data-id=\"2c920f57\" data-element_type=\"container\" data-e-type=\"container\" data-settings=\"{&quot;background_background&quot;:&quot;classic&quot;}\">\n\t\t\t\t\t<div class=\"e-con-inner\">\n\t\t\t\t<div class=\"elementor-element elementor-element-53510f33 elementor-widget elementor-widget-heading\" data-id=\"53510f33\" data-element_type=\"widget\" data-e-type=\"widget\" data-widget_type=\"heading.default\">\n\t\t\t\t<div class=\"elementor-widget-container\">\n\t\t\t\t\t<h2 class=\"elementor-heading-title elementor-size-default\">Vous aimerez peut-\u00eatre aussi<\/h2>\t\t\t\t<\/div>\n\t\t\t\t<\/div>\n\t\t\t\t<div class=\"elementor-element elementor-element-cee16cc elementor-grid-4 elementor-grid-tablet-2 elementor-grid-mobile-1 elementor-posts--thumbnail-top elementor-widget elementor-widget-posts\" data-id=\"cee16cc\" data-element_type=\"widget\" data-e-type=\"widget\" data-settings=\"{&quot;classic_columns&quot;:&quot;4&quot;,&quot;classic_columns_tablet&quot;:&quot;2&quot;,&quot;classic_columns_mobile&quot;:&quot;1&quot;,&quot;classic_row_gap&quot;:{&quot;unit&quot;:&quot;px&quot;,&quot;size&quot;:35,&quot;sizes&quot;:[]},&quot;classic_row_gap_tablet&quot;:{&quot;unit&quot;:&quot;px&quot;,&quot;size&quot;:&quot;&quot;,&quot;sizes&quot;:[]},&quot;classic_row_gap_mobile&quot;:{&quot;unit&quot;:&quot;px&quot;,&quot;size&quot;:&quot;&quot;,&quot;sizes&quot;:[]}}\" data-widget_type=\"posts.classic\">\n\t\t\t\t<div class=\"elementor-widget-container\">\n\t\t\t\t\t\t\t<div class=\"elementor-posts-container elementor-posts elementor-posts--skin-classic elementor-grid\" role=\"list\">\n\t\t\t\t<article class=\"elementor-post elementor-grid-item post-10509 post type-post status-publish format-standard has-post-thumbnail hentry category-blog\" role=\"listitem\">\n\t\t\t\t<a class=\"elementor-post__thumbnail__link\" href=\"https:\/\/hotelmarinetta.it\/fr\/blog\/excursions-journee-villes-art-toscane\/\" tabindex=\"-1\" >\n\t\t\t<div class=\"elementor-post__thumbnail\"><img fetchpriority=\"high\" decoding=\"async\" data-src=\"https:\/\/hotelmarinetta.it\/wp-content\/uploads\/2026\/06\/Pisa-02-768x512.jpg\" width=\"768\" height=\"512\" src=\"data:image\/gif;base64,R0lGODlhAQABAIAAAAAAAP\/\/\/yH5BAEAAAAALAAAAAABAAEAAAIBRAA7\" class=\"attachment-medium_large size-medium_large wp-image-10502 lazyload\" alt=\"Pisa\" \/><noscript><img decoding=\"async\" width=\"768\" height=\"512\" src=\"https:\/\/hotelmarinetta.it\/wp-content\/uploads\/2026\/06\/Pisa-02-768x512.jpg\" class=\"attachment-medium_large size-medium_large wp-image-10502\" alt=\"Pisa\" srcset=\"https:\/\/hotelmarinetta.it\/wp-content\/uploads\/2026\/06\/Pisa-02-768x512.jpg 768w, https:\/\/hotelmarinetta.it\/wp-content\/uploads\/2026\/06\/Pisa-02-300x200.jpg 300w, https:\/\/hotelmarinetta.it\/wp-content\/uploads\/2026\/06\/Pisa-02-1024x682.jpg 1024w, https:\/\/hotelmarinetta.it\/wp-content\/uploads\/2026\/06\/Pisa-02.jpg 1280w\" sizes=\"(max-width: 768px) 100vw, 768px\" \/><\/noscript><\/div>\n\t\t<\/a>\n\t\t\t\t<div class=\"elementor-post__text\">\n\t\t\t\t<h3 class=\"elementor-post__title\">\n\t\t\t<a href=\"https:\/\/hotelmarinetta.it\/fr\/blog\/excursions-journee-villes-art-toscane\/\" >\n\t\t\t\tExcursions et villes d&rsquo;art pr\u00e8s de l&rsquo;H\u00f4tel Marinetta\t\t\t<\/a>\n\t\t<\/h3>\n\t\t\t\t<div class=\"elementor-post__excerpt\">\n\t\t\t<p>Florence, Sienne, Volterra et plus encore : excursions \u00e0 la journ\u00e9e depuis la C\u00f4te des \u00c9trusques. Vins, randonn\u00e9es et villes d&rsquo;art \u00e0 port\u00e9e de route.<\/p>\n\t\t<\/div>\n\t\t\t\t<\/div>\n\t\t\t\t<\/article>\n\t\t\t\t<article class=\"elementor-post elementor-grid-item post-10444 post type-post status-publish format-standard has-post-thumbnail hentry category-blog\" role=\"listitem\">\n\t\t\t\t<a class=\"elementor-post__thumbnail__link\" href=\"https:\/\/hotelmarinetta.it\/fr\/blog\/thermes-sassetta-excursion\/\" tabindex=\"-1\" >\n\t\t\t<div class=\"elementor-post__thumbnail\"><img decoding=\"async\" data-src=\"https:\/\/hotelmarinetta.it\/wp-content\/uploads\/2026\/06\/Terme-Sassetta-01-768x346.jpg\" width=\"768\" height=\"346\" src=\"data:image\/gif;base64,R0lGODlhAQABAIAAAAAAAP\/\/\/yH5BAEAAAAALAAAAAABAAEAAAIBRAA7\" class=\"attachment-medium_large size-medium_large wp-image-10416 lazyload\" alt=\"Terme di Sassetta\" \/><noscript><img loading=\"lazy\" decoding=\"async\" width=\"768\" height=\"346\" src=\"https:\/\/hotelmarinetta.it\/wp-content\/uploads\/2026\/06\/Terme-Sassetta-01-768x346.jpg\" class=\"attachment-medium_large size-medium_large wp-image-10416\" alt=\"Terme di Sassetta\" srcset=\"https:\/\/hotelmarinetta.it\/wp-content\/uploads\/2026\/06\/Terme-Sassetta-01-768x346.jpg 768w, https:\/\/hotelmarinetta.it\/wp-content\/uploads\/2026\/06\/Terme-Sassetta-01-300x135.jpg 300w, https:\/\/hotelmarinetta.it\/wp-content\/uploads\/2026\/06\/Terme-Sassetta-01-1024x461.jpg 1024w, https:\/\/hotelmarinetta.it\/wp-content\/uploads\/2026\/06\/Terme-Sassetta-01.jpg 1400w\" sizes=\"(max-width: 768px) 100vw, 768px\" \/><\/noscript><\/div>\n\t\t<\/a>\n\t\t\t\t<div class=\"elementor-post__text\">\n\t\t\t\t<h3 class=\"elementor-post__title\">\n\t\t\t<a href=\"https:\/\/hotelmarinetta.it\/fr\/blog\/thermes-sassetta-excursion\/\" >\n\t\t\t\tExcursion aux Thermes de Sassetta depuis Marina di Bibbona\t\t\t<\/a>\n\t\t<\/h3>\n\t\t\t\t<div class=\"elementor-post__excerpt\">\n\t\t\t<p>Les Thermes de Sassetta \u00e0 40 minutes de l&rsquo;H\u00f4tel Marinetta : piscines thermales et nature en Val di Cornia. Une excursion parfaite sur la C\u00f4te des \u00c9trusques.<\/p>\n\t\t<\/div>\n\t\t\t\t<\/div>\n\t\t\t\t<\/article>\n\t\t\t\t<article class=\"elementor-post elementor-grid-item post-6396 post type-post status-publish format-standard has-post-thumbnail hentry category-blog\" role=\"listitem\">\n\t\t\t\t<a class=\"elementor-post__thumbnail__link\" href=\"https:\/\/hotelmarinetta.it\/fr\/blog\/villages-medievaux-toscane\/\" tabindex=\"-1\" >\n\t\t\t<div class=\"elementor-post__thumbnail\"><img loading=\"lazy\" decoding=\"async\" data-src=\"https:\/\/hotelmarinetta.it\/wp-content\/uploads\/2025\/07\/Costa-Etruschi-Borghi-768x512.jpg\" width=\"768\" height=\"512\" src=\"data:image\/gif;base64,R0lGODlhAQABAIAAAAAAAP\/\/\/yH5BAEAAAAALAAAAAABAAEAAAIBRAA7\" class=\"attachment-medium_large size-medium_large wp-image-6078 lazyload\" alt=\"Borghi\" \/><noscript><img loading=\"lazy\" decoding=\"async\" width=\"768\" height=\"512\" src=\"https:\/\/hotelmarinetta.it\/wp-content\/uploads\/2025\/07\/Costa-Etruschi-Borghi-768x512.jpg\" class=\"attachment-medium_large size-medium_large wp-image-6078\" alt=\"Borghi\" srcset=\"https:\/\/hotelmarinetta.it\/wp-content\/uploads\/2025\/07\/Costa-Etruschi-Borghi-768x512.jpg 768w, https:\/\/hotelmarinetta.it\/wp-content\/uploads\/2025\/07\/Costa-Etruschi-Borghi-300x200.jpg 300w, https:\/\/hotelmarinetta.it\/wp-content\/uploads\/2025\/07\/Costa-Etruschi-Borghi.jpg 1024w\" sizes=\"(max-width: 768px) 100vw, 768px\" \/><\/noscript><\/div>\n\t\t<\/a>\n\t\t\t\t<div class=\"elementor-post__text\">\n\t\t\t\t<h3 class=\"elementor-post__title\">\n\t\t\t<a href=\"https:\/\/hotelmarinetta.it\/fr\/blog\/villages-medievaux-toscane\/\" >\n\t\t\t\tVillages m\u00e9di\u00e9vaux \u00e0 visiter en Toscane\t\t\t<\/a>\n\t\t<\/h3>\n\t\t\t\t<div class=\"elementor-post__excerpt\">\n\t\t\t<p>Visitez les plus beaux villages m\u00e9di\u00e9vaux de Toscane avec l&rsquo;H\u00f4tel Marinetta, vivez l&rsquo;histoire parmi les ruelles et les vues, r\u00e9servez votre exp\u00e9rience maintenant.<\/p>\n\t\t<\/div>\n\t\t\t\t<\/div>\n\t\t\t\t<\/article>\n\t\t\t\t<article class=\"elementor-post elementor-grid-item post-7012 post type-post status-publish format-standard has-post-thumbnail hentry category-blog\" role=\"listitem\">\n\t\t\t\t<a class=\"elementor-post__thumbnail__link\" href=\"https:\/\/hotelmarinetta.it\/fr\/blog\/meilleur-cote-etruscques\/\" tabindex=\"-1\" >\n\t\t\t<div class=\"elementor-post__thumbnail\"><img loading=\"lazy\" decoding=\"async\" data-src=\"https:\/\/hotelmarinetta.it\/wp-content\/uploads\/2025\/07\/Hd-CostaEtruschi-768x432.jpg\" width=\"768\" height=\"432\" src=\"data:image\/gif;base64,R0lGODlhAQABAIAAAAAAAP\/\/\/yH5BAEAAAAALAAAAAABAAEAAAIBRAA7\" class=\"attachment-medium_large size-medium_large wp-image-6086 lazyload\" alt=\"Costa Etruschi\" \/><noscript><img loading=\"lazy\" decoding=\"async\" width=\"768\" height=\"432\" src=\"https:\/\/hotelmarinetta.it\/wp-content\/uploads\/2025\/07\/Hd-CostaEtruschi-768x432.jpg\" class=\"attachment-medium_large size-medium_large wp-image-6086\" alt=\"Costa Etruschi\" srcset=\"https:\/\/hotelmarinetta.it\/wp-content\/uploads\/2025\/07\/Hd-CostaEtruschi-768x432.jpg 768w, https:\/\/hotelmarinetta.it\/wp-content\/uploads\/2025\/07\/Hd-CostaEtruschi-300x169.jpg 300w, https:\/\/hotelmarinetta.it\/wp-content\/uploads\/2025\/07\/Hd-CostaEtruschi-1024x576.jpg 1024w, https:\/\/hotelmarinetta.it\/wp-content\/uploads\/2025\/07\/Hd-CostaEtruschi.jpg 1366w\" sizes=\"(max-width: 768px) 100vw, 768px\" \/><\/noscript><\/div>\n\t\t<\/a>\n\t\t\t\t<div class=\"elementor-post__text\">\n\t\t\t\t<h3 class=\"elementor-post__title\">\n\t\t\t<a href=\"https:\/\/hotelmarinetta.it\/fr\/blog\/meilleur-cote-etruscques\/\" >\n\t\t\t\tLe meilleur de la C\u00f4te des \u00c9trusques\t\t\t<\/a>\n\t\t<\/h3>\n\t\t\t\t<div class=\"elementor-post__excerpt\">\n\t\t\t<p>Venez d\u00e9couvrir la beaut\u00e9 de Marina di Bibbona et les meilleurs itin\u00e9raires de la c\u00f4te des \u00c9trusques.<\/p>\n\t\t<\/div>\n\t\t\t\t<\/div>\n\t\t\t\t<\/article>\n\t\t\t\t<article class=\"elementor-post elementor-grid-item post-6045 post type-post status-publish format-standard has-post-thumbnail hentry category-blog\" role=\"listitem\">\n\t\t\t\t<a class=\"elementor-post__thumbnail__link\" href=\"https:\/\/hotelmarinetta.it\/fr\/blog\/beautes-lucques-lucca-comics\/\" tabindex=\"-1\" >\n\t\t\t<div class=\"elementor-post__thumbnail\"><img loading=\"lazy\" decoding=\"async\" data-src=\"https:\/\/hotelmarinetta.it\/wp-content\/uploads\/2025\/07\/Hd-Lucca-768x432.jpg\" width=\"768\" height=\"432\" src=\"data:image\/gif;base64,R0lGODlhAQABAIAAAAAAAP\/\/\/yH5BAEAAAAALAAAAAABAAEAAAIBRAA7\" class=\"attachment-medium_large size-medium_large wp-image-6029 lazyload\" alt=\"Lucca\" \/><noscript><img loading=\"lazy\" decoding=\"async\" width=\"768\" height=\"432\" src=\"https:\/\/hotelmarinetta.it\/wp-content\/uploads\/2025\/07\/Hd-Lucca-768x432.jpg\" class=\"attachment-medium_large size-medium_large wp-image-6029\" alt=\"Lucca\" srcset=\"https:\/\/hotelmarinetta.it\/wp-content\/uploads\/2025\/07\/Hd-Lucca-768x432.jpg 768w, https:\/\/hotelmarinetta.it\/wp-content\/uploads\/2025\/07\/Hd-Lucca-300x169.jpg 300w, https:\/\/hotelmarinetta.it\/wp-content\/uploads\/2025\/07\/Hd-Lucca-1024x576.jpg 1024w, https:\/\/hotelmarinetta.it\/wp-content\/uploads\/2025\/07\/Hd-Lucca.jpg 1366w\" sizes=\"(max-width: 768px) 100vw, 768px\" \/><\/noscript><\/div>\n\t\t<\/a>\n\t\t\t\t<div class=\"elementor-post__text\">\n\t\t\t\t<h3 class=\"elementor-post__title\">\n\t\t\t<a href=\"https:\/\/hotelmarinetta.it\/fr\/blog\/beautes-lucques-lucca-comics\/\" >\n\t\t\t\tLes beaut\u00e9s de Lucques\t\t\t<\/a>\n\t\t<\/h3>\n\t\t\t\t<div class=\"elementor-post__excerpt\">\n\t\t\t<p>D\u00e9couvrez la beaut\u00e9 de Lucques avec l&rsquo;H\u00f4tel Marinetta, entre histoire et charme toscan, r\u00e9servez votre s\u00e9jour d\u00e8s maintenant.<\/p>\n\t\t<\/div>\n\t\t\t\t<\/div>\n\t\t\t\t<\/article>\n\t\t\t\t<article class=\"elementor-post elementor-grid-item post-6020 post type-post status-publish format-standard has-post-thumbnail hentry category-blog\" role=\"listitem\">\n\t\t\t\t<a class=\"elementor-post__thumbnail__link\" href=\"https:\/\/hotelmarinetta.it\/fr\/blog\/bolgheri-guide-terre-vin\/\" tabindex=\"-1\" >\n\t\t\t<div class=\"elementor-post__thumbnail\"><img loading=\"lazy\" decoding=\"async\" data-src=\"https:\/\/hotelmarinetta.it\/wp-content\/uploads\/2025\/07\/Hd-Bolgheri-768x432.jpg\" width=\"768\" height=\"432\" src=\"data:image\/gif;base64,R0lGODlhAQABAIAAAAAAAP\/\/\/yH5BAEAAAAALAAAAAABAAEAAAIBRAA7\" class=\"attachment-medium_large size-medium_large wp-image-5991 lazyload\" alt=\"Bolgheri\" \/><noscript><img loading=\"lazy\" decoding=\"async\" width=\"768\" height=\"432\" src=\"https:\/\/hotelmarinetta.it\/wp-content\/uploads\/2025\/07\/Hd-Bolgheri-768x432.jpg\" class=\"attachment-medium_large size-medium_large wp-image-5991\" alt=\"Bolgheri\" srcset=\"https:\/\/hotelmarinetta.it\/wp-content\/uploads\/2025\/07\/Hd-Bolgheri-768x432.jpg 768w, https:\/\/hotelmarinetta.it\/wp-content\/uploads\/2025\/07\/Hd-Bolgheri-300x169.jpg 300w, https:\/\/hotelmarinetta.it\/wp-content\/uploads\/2025\/07\/Hd-Bolgheri-1024x576.jpg 1024w, https:\/\/hotelmarinetta.it\/wp-content\/uploads\/2025\/07\/Hd-Bolgheri.jpg 1366w\" sizes=\"(max-width: 768px) 100vw, 768px\" \/><\/noscript><\/div>\n\t\t<\/a>\n\t\t\t\t<div class=\"elementor-post__text\">\n\t\t\t\t<h3 class=\"elementor-post__title\">\n\t\t\t<a href=\"https:\/\/hotelmarinetta.it\/fr\/blog\/bolgheri-guide-terre-vin\/\" >\n\t\t\t\tBolgheri: un Guide de la Terre du Vin\t\t\t<\/a>\n\t\t<\/h3>\n\t\t\t\t<div class=\"elementor-post__excerpt\">\n\t\t\t<p>Explorez Bolgheri et ses vins prestigieux avec notre guide exclusif depuis l\u2019H\u00f4tel Marinetta, r\u00e9servez votre aventure \u0153nologique aujourd\u2019hui.<\/p>\n\t\t<\/div>\n\t\t\t\t<\/div>\n\t\t\t\t<\/article>\n\t\t\t\t<\/div>\n\t\t\n\t\t\t\t\t\t<\/div>\n\t\t\t\t<\/div>\n\t\t\t\t\t<\/div>\n\t\t\t\t<\/div>\n\t\t\t\t<\/div>\n\t\t\t\t<\/div>\n\t\t\t\t\t\t<\/div>\n\t\t\t\t<\/div>\n\t\t\t\t\t<\/div>\n\t\t\t\t<\/div>\n\t\t\t\t<\/div>\n\t\t","protected":false},"excerpt":{"rendered":"<p>Train touristique, navette, pistes cyclables et plus encore : comment explorer la C\u00f4te des \u00c9trusques sans voiture depuis l&rsquo;H\u00f4tel Marinetta.<\/p>\n","protected":false},"author":1,"featured_media":4387,"comment_status":"closed","ping_status":"open","sticky":false,"template":"","format":"standard","meta":{"footnotes":""},"categories":[4],"tags":[],"class_list":["post-10573","post","type-post","status-publish","format-standard","has-post-thumbnail","hentry","category-blog"],"yoast_head":"<!-- This site is optimized with the Yoast SEO plugin v28.4 - https:\/\/yoast.com\/product\/yoast-seo-wordpress\/ -->\n<title>Se d\u00e9placer sans voiture \u00e0 Marina di Bibbona | H\u00f4tel Marinetta<\/title>\n<meta name=\"description\" content=\"Train touristique, navette, pistes cyclables et plus encore : comment explorer la C\u00f4te des \u00c9trusques sans voiture depuis l&#039;H\u00f4tel Marinetta.\" \/>\n<meta name=\"robots\" content=\"index, follow, max-snippet:-1, max-image-preview:large, max-video-preview:-1\" \/>\n<link rel=\"canonical\" href=\"https:\/\/hotelmarinetta.it\/fr\/blog\/se-deplacer-sans-voiture-cote-etrusque\/\" \/>\n<meta property=\"og:locale\" content=\"fr_FR\" \/>\n<meta property=\"og:type\" content=\"article\" \/>\n<meta property=\"og:title\" content=\"Se d\u00e9placer sans voiture \u00e0 Marina di Bibbona | H\u00f4tel Marinetta\" \/>\n<meta property=\"og:description\" content=\"Train touristique, navette, pistes cyclables et plus encore : comment explorer la C\u00f4te des \u00c9trusques sans voiture depuis l&#039;H\u00f4tel Marinetta.\" \/>\n<meta property=\"og:url\" content=\"https:\/\/hotelmarinetta.it\/fr\/blog\/se-deplacer-sans-voiture-cote-etrusque\/\" \/>\n<meta property=\"og:site_name\" content=\"Park Hotel Marinetta\" \/>\n<meta property=\"article:publisher\" content=\"https:\/\/www.facebook.com\/parkhotelmarinetta\" \/>\n<meta property=\"article:published_time\" content=\"2026-07-01T10:04:29+00:00\" \/>\n<meta property=\"article:modified_time\" content=\"2026-07-01T10:15:37+00:00\" \/>\n<meta property=\"og:image\" content=\"https:\/\/hotelmarinetta.it\/wp-content\/uploads\/2025\/05\/PHM-Parco-04.jpg\" \/>\n\t<meta property=\"og:image:width\" content=\"1440\" \/>\n\t<meta property=\"og:image:height\" content=\"958\" \/>\n\t<meta property=\"og:image:type\" content=\"image\/jpeg\" \/>\n<meta name=\"author\" content=\"fritumuv@gmail.com\" \/>\n<meta name=\"twitter:card\" content=\"summary_large_image\" \/>\n<meta name=\"twitter:label1\" content=\"\u00c9crit par\" \/>\n\t<meta name=\"twitter:data1\" content=\"fritumuv@gmail.com\" \/>\n\t<meta name=\"twitter:label2\" content=\"Dur\u00e9e de lecture estim\u00e9e\" \/>\n\t<meta name=\"twitter:data2\" content=\"5 minutes\" \/>\n<script type=\"application\/ld+json\" class=\"yoast-schema-graph\">{\"@context\":\"https:\\\/\\\/schema.org\",\"@graph\":[{\"@type\":\"Article\",\"@id\":\"https:\\\/\\\/hotelmarinetta.it\\\/fr\\\/blog\\\/se-deplacer-sans-voiture-cote-etrusque\\\/#article\",\"isPartOf\":{\"@id\":\"https:\\\/\\\/hotelmarinetta.it\\\/fr\\\/blog\\\/se-deplacer-sans-voiture-cote-etrusque\\\/\"},\"author\":{\"name\":\"fritumuv@gmail.com\",\"@id\":\"https:\\\/\\\/hotelmarinetta.it\\\/fr\\\/#\\\/schema\\\/person\\\/584739d367c8d0bcc9663ceab4b7a84a\"},\"headline\":\"Se d\u00e9placer sans voiture \u00e0 Marina di Bibbona\",\"datePublished\":\"2026-07-01T10:04:29+00:00\",\"dateModified\":\"2026-07-01T10:15:37+00:00\",\"mainEntityOfPage\":{\"@id\":\"https:\\\/\\\/hotelmarinetta.it\\\/fr\\\/blog\\\/se-deplacer-sans-voiture-cote-etrusque\\\/\"},\"wordCount\":1132,\"publisher\":{\"@id\":\"https:\\\/\\\/hotelmarinetta.it\\\/fr\\\/#organization\"},\"image\":{\"@id\":\"https:\\\/\\\/hotelmarinetta.it\\\/fr\\\/blog\\\/se-deplacer-sans-voiture-cote-etrusque\\\/#primaryimage\"},\"thumbnailUrl\":\"https:\\\/\\\/hotelmarinetta.it\\\/wp-content\\\/uploads\\\/2025\\\/05\\\/PHM-Parco-04.jpg\",\"articleSection\":[\"Blog\"],\"inLanguage\":\"fr-FR\"},{\"@type\":\"WebPage\",\"@id\":\"https:\\\/\\\/hotelmarinetta.it\\\/fr\\\/blog\\\/se-deplacer-sans-voiture-cote-etrusque\\\/\",\"url\":\"https:\\\/\\\/hotelmarinetta.it\\\/fr\\\/blog\\\/se-deplacer-sans-voiture-cote-etrusque\\\/\",\"name\":\"Se d\u00e9placer sans voiture \u00e0 Marina di Bibbona | H\u00f4tel Marinetta\",\"isPartOf\":{\"@id\":\"https:\\\/\\\/hotelmarinetta.it\\\/fr\\\/#website\"},\"primaryImageOfPage\":{\"@id\":\"https:\\\/\\\/hotelmarinetta.it\\\/fr\\\/blog\\\/se-deplacer-sans-voiture-cote-etrusque\\\/#primaryimage\"},\"image\":{\"@id\":\"https:\\\/\\\/hotelmarinetta.it\\\/fr\\\/blog\\\/se-deplacer-sans-voiture-cote-etrusque\\\/#primaryimage\"},\"thumbnailUrl\":\"https:\\\/\\\/hotelmarinetta.it\\\/wp-content\\\/uploads\\\/2025\\\/05\\\/PHM-Parco-04.jpg\",\"datePublished\":\"2026-07-01T10:04:29+00:00\",\"dateModified\":\"2026-07-01T10:15:37+00:00\",\"description\":\"Train touristique, navette, pistes cyclables et plus encore : comment explorer la C\u00f4te des \u00c9trusques sans voiture depuis l'H\u00f4tel Marinetta.\",\"breadcrumb\":{\"@id\":\"https:\\\/\\\/hotelmarinetta.it\\\/fr\\\/blog\\\/se-deplacer-sans-voiture-cote-etrusque\\\/#breadcrumb\"},\"inLanguage\":\"fr-FR\",\"potentialAction\":[{\"@type\":\"ReadAction\",\"target\":[\"https:\\\/\\\/hotelmarinetta.it\\\/fr\\\/blog\\\/se-deplacer-sans-voiture-cote-etrusque\\\/\"]}]},{\"@type\":\"ImageObject\",\"inLanguage\":\"fr-FR\",\"@id\":\"https:\\\/\\\/hotelmarinetta.it\\\/fr\\\/blog\\\/se-deplacer-sans-voiture-cote-etrusque\\\/#primaryimage\",\"url\":\"https:\\\/\\\/hotelmarinetta.it\\\/wp-content\\\/uploads\\\/2025\\\/05\\\/PHM-Parco-04.jpg\",\"contentUrl\":\"https:\\\/\\\/hotelmarinetta.it\\\/wp-content\\\/uploads\\\/2025\\\/05\\\/PHM-Parco-04.jpg\",\"width\":1440,\"height\":958,\"caption\":\"Parco\"},{\"@type\":\"BreadcrumbList\",\"@id\":\"https:\\\/\\\/hotelmarinetta.it\\\/fr\\\/blog\\\/se-deplacer-sans-voiture-cote-etrusque\\\/#breadcrumb\",\"itemListElement\":[{\"@type\":\"ListItem\",\"position\":1,\"name\":\"Home\",\"item\":\"https:\\\/\\\/hotelmarinetta.it\\\/fr\\\/\"},{\"@type\":\"ListItem\",\"position\":2,\"name\":\"Non cat\u00e9goris\u00e9\",\"item\":\"https:\\\/\\\/hotelmarinetta.it\\\/fr\\\/non-categorise\\\/\"},{\"@type\":\"ListItem\",\"position\":3,\"name\":\"Se d\u00e9placer sans voiture \u00e0 Marina di Bibbona\"}]},{\"@type\":\"WebSite\",\"@id\":\"https:\\\/\\\/hotelmarinetta.it\\\/fr\\\/#website\",\"url\":\"https:\\\/\\\/hotelmarinetta.it\\\/fr\\\/\",\"name\":\"Park Hotel Marinetta\",\"description\":\"Resort sul Mare in Toscana\",\"publisher\":{\"@id\":\"https:\\\/\\\/hotelmarinetta.it\\\/fr\\\/#organization\"},\"potentialAction\":[{\"@type\":\"SearchAction\",\"target\":{\"@type\":\"EntryPoint\",\"urlTemplate\":\"https:\\\/\\\/hotelmarinetta.it\\\/fr\\\/?s={search_term_string}\"},\"query-input\":{\"@type\":\"PropertyValueSpecification\",\"valueRequired\":true,\"valueName\":\"search_term_string\"}}],\"inLanguage\":\"fr-FR\"},{\"@type\":\"Organization\",\"@id\":\"https:\\\/\\\/hotelmarinetta.it\\\/fr\\\/#organization\",\"name\":\"Park Hotel Marinetta\",\"url\":\"https:\\\/\\\/hotelmarinetta.it\\\/fr\\\/\",\"logo\":{\"@type\":\"ImageObject\",\"inLanguage\":\"fr-FR\",\"@id\":\"https:\\\/\\\/hotelmarinetta.it\\\/fr\\\/#\\\/schema\\\/logo\\\/image\\\/\",\"url\":\"https:\\\/\\\/hotelmarinetta.it\\\/wp-content\\\/uploads\\\/2025\\\/05\\\/Logo-PHM-01.png\",\"contentUrl\":\"https:\\\/\\\/hotelmarinetta.it\\\/wp-content\\\/uploads\\\/2025\\\/05\\\/Logo-PHM-01.png\",\"width\":294,\"height\":89,\"caption\":\"Park Hotel Marinetta\"},\"image\":{\"@id\":\"https:\\\/\\\/hotelmarinetta.it\\\/fr\\\/#\\\/schema\\\/logo\\\/image\\\/\"},\"sameAs\":[\"https:\\\/\\\/www.facebook.com\\\/parkhotelmarinetta\",\"https:\\\/\\\/www.instagram.com\\\/parkhotelmarinetta\\\/\"]},{\"@type\":\"Person\",\"@id\":\"https:\\\/\\\/hotelmarinetta.it\\\/fr\\\/#\\\/schema\\\/person\\\/584739d367c8d0bcc9663ceab4b7a84a\",\"name\":\"fritumuv@gmail.com\",\"image\":{\"@type\":\"ImageObject\",\"inLanguage\":\"fr-FR\",\"@id\":\"https:\\\/\\\/secure.gravatar.com\\\/avatar\\\/528338bab8ff2f7ed85f42685fa7ed3aa659b49ba1c5d15c360680240df86410?s=96&d=mm&r=g\",\"url\":\"https:\\\/\\\/secure.gravatar.com\\\/avatar\\\/528338bab8ff2f7ed85f42685fa7ed3aa659b49ba1c5d15c360680240df86410?s=96&d=mm&r=g\",\"contentUrl\":\"https:\\\/\\\/secure.gravatar.com\\\/avatar\\\/528338bab8ff2f7ed85f42685fa7ed3aa659b49ba1c5d15c360680240df86410?s=96&d=mm&r=g\",\"caption\":\"fritumuv@gmail.com\"}}]}<\/script>\n<!-- \/ Yoast SEO plugin. -->","yoast_head_json":{"title":"Se d\u00e9placer sans voiture \u00e0 Marina di Bibbona | H\u00f4tel Marinetta","description":"Train touristique, navette, pistes cyclables et plus encore : comment explorer la C\u00f4te des \u00c9trusques sans voiture depuis l'H\u00f4tel Marinetta.","robots":{"index":"index","follow":"follow","max-snippet":"max-snippet:-1","max-image-preview":"max-image-preview:large","max-video-preview":"max-video-preview:-1"},"canonical":"https:\/\/hotelmarinetta.it\/fr\/blog\/se-deplacer-sans-voiture-cote-etrusque\/","og_locale":"fr_FR","og_type":"article","og_title":"Se d\u00e9placer sans voiture \u00e0 Marina di Bibbona | H\u00f4tel Marinetta","og_description":"Train touristique, navette, pistes cyclables et plus encore : comment explorer la C\u00f4te des \u00c9trusques sans voiture depuis l'H\u00f4tel Marinetta.","og_url":"https:\/\/hotelmarinetta.it\/fr\/blog\/se-deplacer-sans-voiture-cote-etrusque\/","og_site_name":"Park Hotel Marinetta","article_publisher":"https:\/\/www.facebook.com\/parkhotelmarinetta","article_published_time":"2026-07-01T10:04:29+00:00","article_modified_time":"2026-07-01T10:15:37+00:00","og_image":[{"width":1440,"height":958,"url":"https:\/\/hotelmarinetta.it\/wp-content\/uploads\/2025\/05\/PHM-Parco-04.jpg","type":"image\/jpeg"}],"author":"fritumuv@gmail.com","twitter_card":"summary_large_image","twitter_misc":{"\u00c9crit par":"fritumuv@gmail.com","Dur\u00e9e de lecture estim\u00e9e":"5 minutes"},"schema":{"@context":"https:\/\/schema.org","@graph":[{"@type":"Article","@id":"https:\/\/hotelmarinetta.it\/fr\/blog\/se-deplacer-sans-voiture-cote-etrusque\/#article","isPartOf":{"@id":"https:\/\/hotelmarinetta.it\/fr\/blog\/se-deplacer-sans-voiture-cote-etrusque\/"},"author":{"name":"fritumuv@gmail.com","@id":"https:\/\/hotelmarinetta.it\/fr\/#\/schema\/person\/584739d367c8d0bcc9663ceab4b7a84a"},"headline":"Se d\u00e9placer sans voiture \u00e0 Marina di Bibbona","datePublished":"2026-07-01T10:04:29+00:00","dateModified":"2026-07-01T10:15:37+00:00","mainEntityOfPage":{"@id":"https:\/\/hotelmarinetta.it\/fr\/blog\/se-deplacer-sans-voiture-cote-etrusque\/"},"wordCount":1132,"publisher":{"@id":"https:\/\/hotelmarinetta.it\/fr\/#organization"},"image":{"@id":"https:\/\/hotelmarinetta.it\/fr\/blog\/se-deplacer-sans-voiture-cote-etrusque\/#primaryimage"},"thumbnailUrl":"https:\/\/hotelmarinetta.it\/wp-content\/uploads\/2025\/05\/PHM-Parco-04.jpg","articleSection":["Blog"],"inLanguage":"fr-FR"},{"@type":"WebPage","@id":"https:\/\/hotelmarinetta.it\/fr\/blog\/se-deplacer-sans-voiture-cote-etrusque\/","url":"https:\/\/hotelmarinetta.it\/fr\/blog\/se-deplacer-sans-voiture-cote-etrusque\/","name":"Se d\u00e9placer sans voiture \u00e0 Marina di Bibbona | H\u00f4tel Marinetta","isPartOf":{"@id":"https:\/\/hotelmarinetta.it\/fr\/#website"},"primaryImageOfPage":{"@id":"https:\/\/hotelmarinetta.it\/fr\/blog\/se-deplacer-sans-voiture-cote-etrusque\/#primaryimage"},"image":{"@id":"https:\/\/hotelmarinetta.it\/fr\/blog\/se-deplacer-sans-voiture-cote-etrusque\/#primaryimage"},"thumbnailUrl":"https:\/\/hotelmarinetta.it\/wp-content\/uploads\/2025\/05\/PHM-Parco-04.jpg","datePublished":"2026-07-01T10:04:29+00:00","dateModified":"2026-07-01T10:15:37+00:00","description":"Train touristique, navette, pistes cyclables et plus encore : comment explorer la C\u00f4te des \u00c9trusques sans voiture depuis l'H\u00f4tel Marinetta.","breadcrumb":{"@id":"https:\/\/hotelmarinetta.it\/fr\/blog\/se-deplacer-sans-voiture-cote-etrusque\/#breadcrumb"},"inLanguage":"fr-FR","potentialAction":[{"@type":"ReadAction","target":["https:\/\/hotelmarinetta.it\/fr\/blog\/se-deplacer-sans-voiture-cote-etrusque\/"]}]},{"@type":"ImageObject","inLanguage":"fr-FR","@id":"https:\/\/hotelmarinetta.it\/fr\/blog\/se-deplacer-sans-voiture-cote-etrusque\/#primaryimage","url":"https:\/\/hotelmarinetta.it\/wp-content\/uploads\/2025\/05\/PHM-Parco-04.jpg","contentUrl":"https:\/\/hotelmarinetta.it\/wp-content\/uploads\/2025\/05\/PHM-Parco-04.jpg","width":1440,"height":958,"caption":"Parco"},{"@type":"BreadcrumbList","@id":"https:\/\/hotelmarinetta.it\/fr\/blog\/se-deplacer-sans-voiture-cote-etrusque\/#breadcrumb","itemListElement":[{"@type":"ListItem","position":1,"name":"Home","item":"https:\/\/hotelmarinetta.it\/fr\/"},{"@type":"ListItem","position":2,"name":"Non cat\u00e9goris\u00e9","item":"https:\/\/hotelmarinetta.it\/fr\/non-categorise\/"},{"@type":"ListItem","position":3,"name":"Se d\u00e9placer sans voiture \u00e0 Marina di Bibbona"}]},{"@type":"WebSite","@id":"https:\/\/hotelmarinetta.it\/fr\/#website","url":"https:\/\/hotelmarinetta.it\/fr\/","name":"Park Hotel Marinetta","description":"Resort sul Mare in Toscana","publisher":{"@id":"https:\/\/hotelmarinetta.it\/fr\/#organization"},"potentialAction":[{"@type":"SearchAction","target":{"@type":"EntryPoint","urlTemplate":"https:\/\/hotelmarinetta.it\/fr\/?s={search_term_string}"},"query-input":{"@type":"PropertyValueSpecification","valueRequired":true,"valueName":"search_term_string"}}],"inLanguage":"fr-FR"},{"@type":"Organization","@id":"https:\/\/hotelmarinetta.it\/fr\/#organization","name":"Park Hotel Marinetta","url":"https:\/\/hotelmarinetta.it\/fr\/","logo":{"@type":"ImageObject","inLanguage":"fr-FR","@id":"https:\/\/hotelmarinetta.it\/fr\/#\/schema\/logo\/image\/","url":"https:\/\/hotelmarinetta.it\/wp-content\/uploads\/2025\/05\/Logo-PHM-01.png","contentUrl":"https:\/\/hotelmarinetta.it\/wp-content\/uploads\/2025\/05\/Logo-PHM-01.png","width":294,"height":89,"caption":"Park Hotel Marinetta"},"image":{"@id":"https:\/\/hotelmarinetta.it\/fr\/#\/schema\/logo\/image\/"},"sameAs":["https:\/\/www.facebook.com\/parkhotelmarinetta","https:\/\/www.instagram.com\/parkhotelmarinetta\/"]},{"@type":"Person","@id":"https:\/\/hotelmarinetta.it\/fr\/#\/schema\/person\/584739d367c8d0bcc9663ceab4b7a84a","name":"fritumuv@gmail.com","image":{"@type":"ImageObject","inLanguage":"fr-FR","@id":"https:\/\/secure.gravatar.com\/avatar\/528338bab8ff2f7ed85f42685fa7ed3aa659b49ba1c5d15c360680240df86410?s=96&d=mm&r=g","url":"https:\/\/secure.gravatar.com\/avatar\/528338bab8ff2f7ed85f42685fa7ed3aa659b49ba1c5d15c360680240df86410?s=96&d=mm&r=g","contentUrl":"https:\/\/secure.gravatar.com\/avatar\/528338bab8ff2f7ed85f42685fa7ed3aa659b49ba1c5d15c360680240df86410?s=96&d=mm&r=g","caption":"fritumuv@gmail.com"}}]}},"_links":{"self":[{"href":"https:\/\/hotelmarinetta.it\/fr\/wp-json\/wp\/v2\/posts\/10573","targetHints":{"allow":["GET"]}}],"collection":[{"href":"https:\/\/hotelmarinetta.it\/fr\/wp-json\/wp\/v2\/posts"}],"about":[{"href":"https:\/\/hotelmarinetta.it\/fr\/wp-json\/wp\/v2\/types\/post"}],"author":[{"embeddable":true,"href":"https:\/\/hotelmarinetta.it\/fr\/wp-json\/wp\/v2\/users\/1"}],"replies":[{"embeddable":true,"href":"https:\/\/hotelmarinetta.it\/fr\/wp-json\/wp\/v2\/comments?post=10573"}],"version-history":[{"count":1,"href":"https:\/\/hotelmarinetta.it\/fr\/wp-json\/wp\/v2\/posts\/10573\/revisions"}],"predecessor-version":[{"id":10574,"href":"https:\/\/hotelmarinetta.it\/fr\/wp-json\/wp\/v2\/posts\/10573\/revisions\/10574"}],"wp:featuredmedia":[{"embeddable":true,"href":"https:\/\/hotelmarinetta.it\/fr\/wp-json\/wp\/v2\/media\/4387"}],"wp:attachment":[{"href":"https:\/\/hotelmarinetta.it\/fr\/wp-json\/wp\/v2\/media?parent=10573"}],"wp:term":[{"taxonomy":"category","embeddable":true,"href":"https:\/\/hotelmarinetta.it\/fr\/wp-json\/wp\/v2\/categories?post=10573"},{"taxonomy":"post_tag","embeddable":true,"href":"https:\/\/hotelmarinetta.it\/fr\/wp-json\/wp\/v2\/tags?post=10573"}],"curies":[{"name":"wp","href":"https:\/\/api.w.org\/{rel}","templated":true}]}}