{"id":10509,"date":"2026-06-30T16:46:04","date_gmt":"2026-06-30T14:46:04","guid":{"rendered":"https:\/\/hotelmarinetta.it\/non-categorise\/excursions-journee-villes-art-toscane\/"},"modified":"2026-06-30T17:01:15","modified_gmt":"2026-06-30T15:01:15","slug":"excursions-journee-villes-art-toscane","status":"publish","type":"post","link":"https:\/\/hotelmarinetta.it\/fr\/blog\/excursions-journee-villes-art-toscane\/","title":{"rendered":"Excursions et villes d&rsquo;art pr\u00e8s de l&rsquo;H\u00f4tel Marinetta"},"content":{"rendered":"\t\t<div data-elementor-type=\"wp-post\" data-elementor-id=\"10509\" class=\"elementor elementor-10509 elementor-10450\" data-elementor-post-type=\"post\">\n\t\t\t\t<div class=\"elementor-element elementor-element-bda4490 e-con-full e-flex e-con e-parent\" data-id=\"bda4490\" data-element_type=\"container\" data-e-type=\"container\" data-settings=\"{&quot;background_background&quot;:&quot;classic&quot;}\">\n\t\t<div class=\"elementor-element elementor-element-72895f1 e-con-full e-flex e-con e-child\" data-id=\"72895f1\" data-element_type=\"container\" data-e-type=\"container\" data-settings=\"{&quot;background_background&quot;:&quot;classic&quot;}\">\n\t\t\t\t<\/div>\n\t\t<div class=\"elementor-element elementor-element-0ac362d e-con-full e-flex e-con e-child\" data-id=\"0ac362d\" data-element_type=\"container\" data-e-type=\"container\">\n\t\t<div class=\"elementor-element elementor-element-69c2c64 e-con-full e-flex e-con e-child\" data-id=\"69c2c64\" data-element_type=\"container\" data-e-type=\"container\" data-settings=\"{&quot;background_background&quot;:&quot;classic&quot;}\">\n\t\t\t\t<div class=\"elementor-element elementor-element-0140737 elementor-widget elementor-widget-post-info\" data-id=\"0140737\" data-element_type=\"widget\" data-e-type=\"widget\" data-widget_type=\"post-info.default\">\n\t\t\t\t<div class=\"elementor-widget-container\">\n\t\t\t\t\t\t\t<ul class=\"elementor-inline-items elementor-icon-list-items elementor-post-info\">\n\t\t\t\t\t\t\t\t<li class=\"elementor-icon-list-item elementor-repeater-item-5ae60b7 elementor-inline-item\" itemprop=\"about\">\n\t\t\t\t\t\t\t\t\t\t\t\t\t<span class=\"elementor-icon-list-text elementor-post-info__item elementor-post-info__item--type-terms\">\n\t\t\t\t\t\t\t\t\t\t<span class=\"elementor-post-info__terms-list\">\n\t\t\t\t<span class=\"elementor-post-info__terms-list-item\">Blog<\/span>\t\t\t\t<\/span>\n\t\t\t\t\t<\/span>\n\t\t\t\t\t\t\t\t<\/li>\n\t\t\t\t<\/ul>\n\t\t\t\t\t\t<\/div>\n\t\t\t\t<\/div>\n\t\t\t\t<\/div>\n\t\t\t\t<div class=\"elementor-element elementor-element-25835a0 elementor-widget elementor-widget-heading\" data-id=\"25835a0\" data-element_type=\"widget\" data-e-type=\"widget\" data-widget_type=\"heading.default\">\n\t\t\t\t<div class=\"elementor-widget-container\">\n\t\t\t\t\t<h1 class=\"elementor-heading-title elementor-size-default\">Excursions et villes d&rsquo;art pr\u00e8s de l&rsquo;H\u00f4tel Marinetta<\/h1>\t\t\t\t<\/div>\n\t\t\t\t<\/div>\n\t\t\t\t<div class=\"elementor-element elementor-element-a6c65d9 elementor-widget elementor-widget-heading\" data-id=\"a6c65d9\" data-element_type=\"widget\" data-e-type=\"widget\" data-widget_type=\"heading.default\">\n\t\t\t\t<div class=\"elementor-widget-container\">\n\t\t\t\t\t<h2 class=\"elementor-heading-title elementor-size-default\">Florence, Sienne, Volterra et plus encore : excursions \u00e0 la journ\u00e9e depuis la C\u00f4te des \u00c9trusques. Vins, randonn\u00e9es et villes d'art \u00e0 port\u00e9e de route.<\/h2>\t\t\t\t<\/div>\n\t\t\t\t<\/div>\n\t\t\t\t<\/div>\n\t\t\t\t<\/div>\n\t\t<div class=\"elementor-element elementor-element-36a403f e-flex e-con-boxed e-con e-parent\" data-id=\"36a403f\" data-element_type=\"container\" data-e-type=\"container\">\n\t\t\t\t\t<div class=\"e-con-inner\">\n\t\t<div class=\"elementor-element elementor-element-33c9c99 e-con-full e-flex e-con e-child\" data-id=\"33c9c99\" data-element_type=\"container\" data-e-type=\"container\">\n\t\t\t\t<div class=\"elementor-element elementor-element-a47878b elementor-widget elementor-widget-text-editor\" data-id=\"a47878b\" data-element_type=\"widget\" data-e-type=\"widget\" data-widget_type=\"text-editor.default\">\n\t\t\t\t<div class=\"elementor-widget-container\">\n\t\t\t\t\t\t\t\t\t<p>Le Park Hotel Marinetta, \u00e0 Marina di Bibbona, est la base id\u00e9ale pour explorer certaines des plus belles <b>villes d&rsquo;art, des paysages et des exp\u00e9riences de Toscane<\/b>. Voici un guide des meilleures excursions \u00e0 la journ\u00e9e et des activit\u00e9s accessibles facilement depuis l&rsquo;h\u00f4tel.<\/p>\n\t\t\t\t\t\t\t\t<\/div>\n\t\t\t\t<\/div>\n\t\t\t\t<\/div>\n\t\t\t\t\t<\/div>\n\t\t\t\t<\/div>\n\t\t<div class=\"elementor-element elementor-element-efe08e5 e-flex e-con-boxed e-con e-parent\" data-id=\"efe08e5\" data-element_type=\"container\" data-e-type=\"container\" data-settings=\"{&quot;background_background&quot;:&quot;classic&quot;}\">\n\t\t\t\t\t<div class=\"e-con-inner\">\n\t\t<div class=\"elementor-element elementor-element-f9f65fc e-con-full e-flex e-con e-child\" data-id=\"f9f65fc\" data-element_type=\"container\" data-e-type=\"container\">\n\t\t\t\t<div class=\"elementor-element elementor-element-64270ba elementor-widget elementor-widget-heading\" data-id=\"64270ba\" data-element_type=\"widget\" data-e-type=\"widget\" data-widget_type=\"heading.default\">\n\t\t\t\t<div class=\"elementor-widget-container\">\n\t\t\t\t\t<h2 class=\"elementor-heading-title elementor-size-default\">Villes d'art \u00e0 port\u00e9e d'une journ\u00e9e<\/h2>\t\t\t\t<\/div>\n\t\t\t\t<\/div>\n\t\t\t\t<div class=\"elementor-element elementor-element-2bea2ea elementor-widget elementor-widget-text-editor\" data-id=\"2bea2ea\" data-element_type=\"widget\" data-e-type=\"widget\" data-widget_type=\"text-editor.default\">\n\t\t\t\t<div class=\"elementor-widget-container\">\n\t\t\t\t\t\t\t\t\t<p>L&rsquo;un des grands atouts d&rsquo;un s\u00e9jour sur la C\u00f4te des \u00c9trusques est sa <b>position centrale<\/b> sur le versant tyrrh\u00e9nien de la Toscane : plusieurs des <b>villes d&rsquo;art les plus c\u00e9l\u00e8bres d&rsquo;Italie sont accessibles en moins de deux heures de voiture<\/b>, ce qui en fait des destinations id\u00e9ales pour une excursion \u00e0 la journ\u00e9e, avec la plage et l&rsquo;h\u00f4tel comme base confortable \u00e0 laquelle revenir.<\/p>\n\t\t\t\t\t\t\t\t<\/div>\n\t\t\t\t<\/div>\n\t\t\t\t<\/div>\n\t\t\t\t\t<\/div>\n\t\t\t\t<\/div>\n\t\t<div class=\"elementor-element elementor-element-df6f9c0 e-flex e-con-boxed e-con e-parent\" data-id=\"df6f9c0\" data-element_type=\"container\" data-e-type=\"container\" data-settings=\"{&quot;background_background&quot;:&quot;classic&quot;}\">\n\t\t\t\t\t<div class=\"e-con-inner\">\n\t\t<div class=\"elementor-element elementor-element-b029106 e-con-full e-flex e-con e-child\" data-id=\"b029106\" data-element_type=\"container\" data-e-type=\"container\" data-settings=\"{&quot;background_background&quot;:&quot;classic&quot;}\">\n\t\t\t\t<\/div>\n\t\t<div class=\"elementor-element elementor-element-ced0c8f e-con-full e-flex e-con e-child\" data-id=\"ced0c8f\" data-element_type=\"container\" data-e-type=\"container\">\n\t\t\t\t<div class=\"elementor-element elementor-element-4e76ca9 elementor-widget elementor-widget-heading\" data-id=\"4e76ca9\" data-element_type=\"widget\" data-e-type=\"widget\" data-widget_type=\"heading.default\">\n\t\t\t\t<div class=\"elementor-widget-container\">\n\t\t\t\t\t<h3 class=\"elementor-heading-title elementor-size-default\">Florence<\/h3>\t\t\t\t<\/div>\n\t\t\t\t<\/div>\n\t\t\t\t<div class=\"elementor-element elementor-element-02494be elementor-widget elementor-widget-text-editor\" data-id=\"02494be\" data-element_type=\"widget\" data-e-type=\"widget\" data-widget_type=\"text-editor.default\">\n\t\t\t\t<div class=\"elementor-widget-container\">\n\t\t\t\t\t\t\t\t\t<p>Berceau de la Renaissance et l&rsquo;une des grandes villes d&rsquo;art du monde, Florence se trouve \u00e0 environ 140 km de Marina di Bibbona, soit 1h50 de route. Une seule journ\u00e9e suffit pour visiter la <b>Galerie des Offices<\/b>, le <b>D\u00f4me<\/b> et son <b>Baptist\u00e8re<\/b>, le <b>Ponte Vecchio<\/b> et le centre historique, class\u00e9 au Patrimoine mondial de l&rsquo;UNESCO. Pour les voyageurs sans voiture, Florence est accessible en train via Cecina ou Livourne.<\/p>\n\t\t\t\t\t\t\t\t<\/div>\n\t\t\t\t<\/div>\n\t\t\t\t<\/div>\n\t\t\t\t\t<\/div>\n\t\t\t\t<\/div>\n\t\t<div class=\"elementor-element elementor-element-67ef1e1 e-flex e-con-boxed e-con e-parent\" data-id=\"67ef1e1\" data-element_type=\"container\" data-e-type=\"container\" data-settings=\"{&quot;background_background&quot;:&quot;classic&quot;}\">\n\t\t\t\t\t<div class=\"e-con-inner\">\n\t\t<div class=\"elementor-element elementor-element-4d78f94 e-con-full e-flex e-con e-child\" data-id=\"4d78f94\" data-element_type=\"container\" data-e-type=\"container\" data-settings=\"{&quot;background_background&quot;:&quot;classic&quot;}\">\n\t\t\t\t<\/div>\n\t\t<div class=\"elementor-element elementor-element-92a380c e-con-full e-flex e-con e-child\" data-id=\"92a380c\" data-element_type=\"container\" data-e-type=\"container\">\n\t\t\t\t<div class=\"elementor-element elementor-element-e3c4c29 elementor-widget elementor-widget-heading\" data-id=\"e3c4c29\" data-element_type=\"widget\" data-e-type=\"widget\" data-widget_type=\"heading.default\">\n\t\t\t\t<div class=\"elementor-widget-container\">\n\t\t\t\t\t<h3 class=\"elementor-heading-title elementor-size-default\">Pise<\/h3>\t\t\t\t<\/div>\n\t\t\t\t<\/div>\n\t\t\t\t<div class=\"elementor-element elementor-element-341bc76 elementor-widget elementor-widget-text-editor\" data-id=\"341bc76\" data-element_type=\"widget\" data-e-type=\"widget\" data-widget_type=\"text-editor.default\">\n\t\t\t\t<div class=\"elementor-widget-container\">\n\t\t\t\t\t\t\t\t\t<p>C\u00e9l\u00e8bre dans le monde entier pour sa <b>Piazza dei Miracoli<\/b>, Pise se trouve \u00e0 environ 70 km de Marina di Bibbona, soit 1 heure de route. La <b>Tour pench\u00e9e<\/b>, la <b>Cath\u00e9drale<\/b> et le <b>Baptist\u00e8re<\/b> forment l&rsquo;un des ensembles architecturaux les plus embl\u00e9matiques d&rsquo;Italie. Le centre-ville est compact et se visite facilement \u00e0 pied en une demi-journ\u00e9e, ce qui laisse le temps de d\u00e9jeuner et de rentrer sur la c\u00f4te en soir\u00e9e. L&rsquo;a\u00e9roport de Pise est \u00e9galement le plus proche de l&rsquo;h\u00f4tel, ce qui en fait une \u00e9tape naturelle en d\u00e9but ou en fin de s\u00e9jour.<\/p>\n\t\t\t\t\t\t\t\t<\/div>\n\t\t\t\t<\/div>\n\t\t\t\t<\/div>\n\t\t\t\t\t<\/div>\n\t\t\t\t<\/div>\n\t\t<div class=\"elementor-element elementor-element-0af3e58 e-flex e-con-boxed e-con e-parent\" data-id=\"0af3e58\" data-element_type=\"container\" data-e-type=\"container\" data-settings=\"{&quot;background_background&quot;:&quot;classic&quot;}\">\n\t\t\t\t\t<div class=\"e-con-inner\">\n\t\t<div class=\"elementor-element elementor-element-4e230a6 e-con-full e-flex e-con e-child\" data-id=\"4e230a6\" data-element_type=\"container\" data-e-type=\"container\" data-settings=\"{&quot;background_background&quot;:&quot;classic&quot;}\">\n\t\t\t\t<\/div>\n\t\t<div class=\"elementor-element elementor-element-fbfb0d5 e-con-full e-flex e-con e-child\" data-id=\"fbfb0d5\" data-element_type=\"container\" data-e-type=\"container\">\n\t\t\t\t<div class=\"elementor-element elementor-element-822a408 elementor-widget elementor-widget-heading\" data-id=\"822a408\" data-element_type=\"widget\" data-e-type=\"widget\" data-widget_type=\"heading.default\">\n\t\t\t\t<div class=\"elementor-widget-container\">\n\t\t\t\t\t<h3 class=\"elementor-heading-title elementor-size-default\">Sienne<\/h3>\t\t\t\t<\/div>\n\t\t\t\t<\/div>\n\t\t\t\t<div class=\"elementor-element elementor-element-181df6f elementor-widget elementor-widget-text-editor\" data-id=\"181df6f\" data-element_type=\"widget\" data-e-type=\"widget\" data-widget_type=\"text-editor.default\">\n\t\t\t\t<div class=\"elementor-widget-container\">\n\t\t\t\t\t\t\t\t\t<p>Chef-d&rsquo;\u0153uvre m\u00e9di\u00e9val au c\u0153ur des collines des Crete Senesi, Sienne se trouve \u00e0 environ 120 km de Marina di Bibbona, soit 1h50 de route. La <b>Piazza del Campo<\/b>, la <b>Cath\u00e9drale<\/b> et le <b>Palazzo Pubblico<\/b> comptent parmi les plus beaux exemples d&rsquo;architecture gothique en Italie. Sienne se visite id\u00e9alement hors des mois de pointe estivaux, pour en profiter \u00e0 un rythme tranquille.<\/p>\n\t\t\t\t\t\t\t\t<\/div>\n\t\t\t\t<\/div>\n\t\t\t\t<\/div>\n\t\t\t\t\t<\/div>\n\t\t\t\t<\/div>\n\t\t<div class=\"elementor-element elementor-element-6c819a6 e-flex e-con-boxed e-con e-parent\" data-id=\"6c819a6\" data-element_type=\"container\" data-e-type=\"container\" data-settings=\"{&quot;background_background&quot;:&quot;classic&quot;}\">\n\t\t\t\t\t<div class=\"e-con-inner\">\n\t\t<div class=\"elementor-element elementor-element-993b381 e-con-full e-flex e-con e-child\" data-id=\"993b381\" data-element_type=\"container\" data-e-type=\"container\" data-settings=\"{&quot;background_background&quot;:&quot;classic&quot;}\">\n\t\t\t\t<\/div>\n\t\t<div class=\"elementor-element elementor-element-e707caf e-con-full e-flex e-con e-child\" data-id=\"e707caf\" data-element_type=\"container\" data-e-type=\"container\">\n\t\t\t\t<div class=\"elementor-element elementor-element-55313d9 elementor-widget elementor-widget-heading\" data-id=\"55313d9\" data-element_type=\"widget\" data-e-type=\"widget\" data-widget_type=\"heading.default\">\n\t\t\t\t<div class=\"elementor-widget-container\">\n\t\t\t\t\t<h3 class=\"elementor-heading-title elementor-size-default\">Volterra<\/h3>\t\t\t\t<\/div>\n\t\t\t\t<\/div>\n\t\t\t\t<div class=\"elementor-element elementor-element-e5947e5 elementor-widget elementor-widget-text-editor\" data-id=\"e5947e5\" data-element_type=\"widget\" data-e-type=\"widget\" data-widget_type=\"text-editor.default\">\n\t\t\t\t<div class=\"elementor-widget-container\">\n\t\t\t\t\t\t\t\t\t<p>L&rsquo;une des villes d&rsquo;art les plus fascinantes et les moins fr\u00e9quent\u00e9es de Toscane, Volterra se trouve \u00e0 environ 50 km de Marina di Bibbona, soit 50 minutes de route. Perch\u00e9e sur un promontoire spectaculaire, elle m\u00eale histoire \u00e9trusque, romaine et m\u00e9di\u00e9vale dans un cadre d&rsquo;une beaut\u00e9 extraordinaire. Le <b>Mus\u00e9e \u00e9trusque<\/b>, le <b>th\u00e9\u00e2tre romain<\/b> et les <b>ateliers d&rsquo;alb\u00e2tre<\/b> du centre historique en font une excursion d&rsquo;une demi-journ\u00e9e ou d&rsquo;une journ\u00e9e enti\u00e8re tr\u00e8s enrichissante. Sa proximit\u00e9 avec l&rsquo;h\u00f4tel en fait un choix excellent pour une sortie matinale sans se presser.<\/p>\n\t\t\t\t\t\t\t\t<\/div>\n\t\t\t\t<\/div>\n\t\t\t\t<\/div>\n\t\t\t\t\t<\/div>\n\t\t\t\t<\/div>\n\t\t<div class=\"elementor-element elementor-element-a8e2d5e e-flex e-con-boxed e-con e-parent\" data-id=\"a8e2d5e\" data-element_type=\"container\" data-e-type=\"container\" data-settings=\"{&quot;background_background&quot;:&quot;classic&quot;}\">\n\t\t\t\t\t<div class=\"e-con-inner\">\n\t\t<div class=\"elementor-element elementor-element-fb59c91 e-con-full e-flex e-con e-child\" data-id=\"fb59c91\" data-element_type=\"container\" data-e-type=\"container\" data-settings=\"{&quot;background_background&quot;:&quot;classic&quot;}\">\n\t\t\t\t<\/div>\n\t\t<div class=\"elementor-element elementor-element-66f1297 e-con-full e-flex e-con e-child\" data-id=\"66f1297\" data-element_type=\"container\" data-e-type=\"container\">\n\t\t\t\t<div class=\"elementor-element elementor-element-d19f545 elementor-widget elementor-widget-heading\" data-id=\"d19f545\" data-element_type=\"widget\" data-e-type=\"widget\" data-widget_type=\"heading.default\">\n\t\t\t\t<div class=\"elementor-widget-container\">\n\t\t\t\t\t<h3 class=\"elementor-heading-title elementor-size-default\">Lucques<\/h3>\t\t\t\t<\/div>\n\t\t\t\t<\/div>\n\t\t\t\t<div class=\"elementor-element elementor-element-a9c7cf3 elementor-widget elementor-widget-text-editor\" data-id=\"a9c7cf3\" data-element_type=\"widget\" data-e-type=\"widget\" data-widget_type=\"text-editor.default\">\n\t\t\t\t<div class=\"elementor-widget-container\">\n\t\t\t\t\t\t\t\t\t<p><b>L&rsquo;une des villes fortifi\u00e9es les mieux pr\u00e9serv\u00e9es de Toscane<\/b>, Lucques poss\u00e8de un remarquable anneau de remparts Renaissance encore intact, que l&rsquo;on peut parcourir enti\u00e8rement \u00e0 pied ou \u00e0 v\u00e9lo. \u00c0 environ 100 km de Marina di Bibbona, soit 1 heure de route, elle offre une alternative plus calme et plus intimiste \u00e0 Florence ou Sienne. La ville est particuli\u00e8rement agr\u00e9able au printemps et en automne.<\/p>\n\t\t\t\t\t\t\t\t<\/div>\n\t\t\t\t<\/div>\n\t\t\t\t<\/div>\n\t\t\t\t\t<\/div>\n\t\t\t\t<\/div>\n\t\t<div class=\"elementor-element elementor-element-7e105a8 e-flex e-con-boxed e-con e-parent\" data-id=\"7e105a8\" data-element_type=\"container\" data-e-type=\"container\" data-settings=\"{&quot;background_background&quot;:&quot;classic&quot;}\">\n\t\t\t\t\t<div class=\"e-con-inner\">\n\t\t<div class=\"elementor-element elementor-element-eac8111 e-con-full e-flex e-con e-child\" data-id=\"eac8111\" data-element_type=\"container\" data-e-type=\"container\" data-settings=\"{&quot;background_background&quot;:&quot;classic&quot;}\">\n\t\t\t\t<\/div>\n\t\t<div class=\"elementor-element elementor-element-2caeced e-con-full e-flex e-con e-child\" data-id=\"2caeced\" data-element_type=\"container\" data-e-type=\"container\">\n\t\t\t\t<div class=\"elementor-element elementor-element-c8170e8 elementor-widget elementor-widget-heading\" data-id=\"c8170e8\" data-element_type=\"widget\" data-e-type=\"widget\" data-widget_type=\"heading.default\">\n\t\t\t\t<div class=\"elementor-widget-container\">\n\t\t\t\t\t<h3 class=\"elementor-heading-title elementor-size-default\">San Gimignano<\/h3>\t\t\t\t<\/div>\n\t\t\t\t<\/div>\n\t\t\t\t<div class=\"elementor-element elementor-element-acda5fd elementor-widget elementor-widget-text-editor\" data-id=\"acda5fd\" data-element_type=\"widget\" data-e-type=\"widget\" data-widget_type=\"text-editor.default\">\n\t\t\t\t<div class=\"elementor-widget-container\">\n\t\t\t\t\t\t\t\t\t<p>Surnomm\u00e9e le \u00ab\u00a0<b>Manhattan du Moyen \u00c2ge<\/b>\u00a0\u00bb pour ses c\u00e9l\u00e8bres tours m\u00e9di\u00e9vales, San Gimignano se trouve \u00e0 environ 80 km de Marina di Bibbona, soit 1h30 de route. Class\u00e9e au Patrimoine mondial de l&rsquo;UNESCO, elle se visite id\u00e9alement t\u00f4t le matin pour \u00e9viter la foule. Le vin blanc Vernaccia di San Gimignano est l&rsquo;un des vins DOC les plus r\u00e9put\u00e9s d&rsquo;Italie et accompagne parfaitement un d\u00e9jeuner en ville.<\/p>\n\t\t\t\t\t\t\t\t<\/div>\n\t\t\t\t<\/div>\n\t\t\t\t<\/div>\n\t\t\t\t\t<\/div>\n\t\t\t\t<\/div>\n\t\t<div class=\"elementor-element elementor-element-8d459b1 e-flex e-con-boxed e-con e-parent\" data-id=\"8d459b1\" data-element_type=\"container\" data-e-type=\"container\" data-settings=\"{&quot;background_background&quot;:&quot;classic&quot;}\">\n\t\t\t\t\t<div class=\"e-con-inner\">\n\t\t<div class=\"elementor-element elementor-element-8f00cb8 e-con-full e-flex e-con e-child\" data-id=\"8f00cb8\" data-element_type=\"container\" data-e-type=\"container\">\n\t\t\t\t<div class=\"elementor-element elementor-element-8ca662a elementor-widget elementor-widget-heading\" data-id=\"8ca662a\" data-element_type=\"widget\" data-e-type=\"widget\" data-widget_type=\"heading.default\">\n\t\t\t\t<div class=\"elementor-widget-container\">\n\t\t\t\t\t<h2 class=\"elementor-heading-title elementor-size-default\">La C\u00f4te des \u00c9trusques : activit\u00e9s et attractions \u00e0 proximit\u00e9<\/h2>\t\t\t\t<\/div>\n\t\t\t\t<\/div>\n\t\t\t\t<div class=\"elementor-element elementor-element-54208e1 elementor-widget elementor-widget-text-editor\" data-id=\"54208e1\" data-element_type=\"widget\" data-e-type=\"widget\" data-widget_type=\"text-editor.default\">\n\t\t\t\t<div class=\"elementor-widget-container\">\n\t\t\t\t\t\t\t\t\t<p>Au-del\u00e0 des excursions vers les villes d&rsquo;art, le territoire imm\u00e9diat autour de Marina di Bibbona offre une richesse d&rsquo;activit\u00e9s et d&rsquo;exp\u00e9riences qui peuvent remplir un s\u00e9jour entier \u00e0 elles seules.<\/p>\n\t\t\t\t\t\t\t\t<\/div>\n\t\t\t\t<\/div>\n\t\t\t\t<\/div>\n\t\t\t\t\t<\/div>\n\t\t\t\t<\/div>\n\t\t<div class=\"elementor-element elementor-element-c31bb45 e-flex e-con-boxed e-con e-parent\" data-id=\"c31bb45\" data-element_type=\"container\" data-e-type=\"container\" data-settings=\"{&quot;background_background&quot;:&quot;classic&quot;}\">\n\t\t\t\t\t<div class=\"e-con-inner\">\n\t\t<div class=\"elementor-element elementor-element-eee09a6 e-con-full e-flex e-con e-child\" data-id=\"eee09a6\" data-element_type=\"container\" data-e-type=\"container\" data-settings=\"{&quot;background_background&quot;:&quot;slideshow&quot;,&quot;background_slideshow_gallery&quot;:[{&quot;id&quot;:5999,&quot;url&quot;:&quot;https:\\\/\\\/hotelmarinetta.it\\\/wp-content\\\/uploads\\\/2025\\\/07\\\/Castello-Bolgheri.jpg&quot;},{&quot;id&quot;:5991,&quot;url&quot;:&quot;https:\\\/\\\/hotelmarinetta.it\\\/wp-content\\\/uploads\\\/2025\\\/07\\\/Hd-Bolgheri.jpg&quot;},{&quot;id&quot;:4765,&quot;url&quot;:&quot;https:\\\/\\\/hotelmarinetta.it\\\/wp-content\\\/uploads\\\/2025\\\/06\\\/Hd-Sea.jpg&quot;},{&quot;id&quot;:4762,&quot;url&quot;:&quot;https:\\\/\\\/hotelmarinetta.it\\\/wp-content\\\/uploads\\\/2025\\\/06\\\/Hd-Park.jpg&quot;}],&quot;background_slideshow_loop&quot;:&quot;yes&quot;,&quot;background_slideshow_slide_duration&quot;:5000,&quot;background_slideshow_slide_transition&quot;:&quot;fade&quot;,&quot;background_slideshow_transition_duration&quot;:500}\">\n\t\t\t\t<\/div>\n\t\t<div class=\"elementor-element elementor-element-18345ef e-con-full e-flex e-con e-child\" data-id=\"18345ef\" data-element_type=\"container\" data-e-type=\"container\">\n\t\t\t\t<div class=\"elementor-element elementor-element-2f33865 elementor-widget elementor-widget-text-editor\" data-id=\"2f33865\" data-element_type=\"widget\" data-e-type=\"widget\" data-widget_type=\"text-editor.default\">\n\t\t\t\t<div class=\"elementor-widget-container\">\n\t\t\t\t\t\t\t\t\t<p>&nbsp;<\/p>\n<p>Le <b>village m\u00e9di\u00e9val de Bolgheri<\/b>, \u00e0 seulement 15 minutes de l&rsquo;h\u00f4tel, est le point de d\u00e9part pour des visites de domaines viticoles parmi les plus renomm\u00e9s d&rsquo;Italie. La pin\u00e8de c\u00f4ti\u00e8re, les collines de la Macchia della Magona et la campagne autour de Castagneto Carducci offrent d&rsquo;excellents <b>itin\u00e9raires pour la randonn\u00e9e, le v\u00e9lo et l&rsquo;\u00e9quitation<\/b>, \u00e0 tous les niveaux.<\/p>\n<p>Les ports de la C\u00f4te des \u00c9trusques sont la porte d&rsquo;entr\u00e9e vers les \u00eeles de l&rsquo;Archipel toscan, accessibles en <b>voilier<\/b> ou en <b>bateau<\/b> \u00e0 moteur pour une journ\u00e9e de baignade et d&rsquo;exploration. Sous la surface, les eaux limpides de la M\u00e9diterran\u00e9e rec\u00e8lent des \u00e9paves, des herbiers de posidonie et une riche biodiversit\u00e9 marine, id\u00e9aux pour la <b>plong\u00e9e<\/b>.<\/p>\n<p>Pour ceux qui pr\u00e9f\u00e8rent rester \u00e0 terre, les <b>parcs naturels prot\u00e9g\u00e9s de la Val di Cornia et l&rsquo;Oasis WWF de Bolgheri <\/b>offrent des paysages et une faune que l&rsquo;on ne trouve nulle part ailleurs sur la c\u00f4te toscane.<\/p>\n<p>Le service d&rsquo;expert local de l&rsquo;h\u00f4tel a s\u00e9lectionn\u00e9 plusieurs exp\u00e9riences dans la r\u00e9gion. Renseignez-vous \u00e0 la r\u00e9ception ou contactez-nous directement pour planifier votre journ\u00e9e id\u00e9ale.<\/p>\n<p>\u2192 <span style=\"text-decoration: underline;\"><a href=\"https:\/\/hotelmarinetta.it\/fr\/experiences\/\">D\u00e9couvrir toutes les exp\u00e9riences<\/a><\/span><\/p>\n\t\t\t\t\t\t\t\t<\/div>\n\t\t\t\t<\/div>\n\t\t\t\t<\/div>\n\t\t\t\t\t<\/div>\n\t\t\t\t<\/div>\n\t\t<div class=\"elementor-element elementor-element-bb43329 e-flex e-con-boxed e-con e-parent\" data-id=\"bb43329\" data-element_type=\"container\" data-e-type=\"container\" data-settings=\"{&quot;background_background&quot;:&quot;classic&quot;}\">\n\t\t\t\t\t<div class=\"e-con-inner\">\n\t\t<div class=\"elementor-element elementor-element-f67b9cc e-con-full e-flex e-con e-child\" data-id=\"f67b9cc\" data-element_type=\"container\" data-e-type=\"container\" data-settings=\"{&quot;background_background&quot;:&quot;classic&quot;}\">\n\t\t\t\t<\/div>\n\t\t<div class=\"elementor-element elementor-element-0b118a0 e-con-full e-flex e-con e-child\" data-id=\"0b118a0\" data-element_type=\"container\" data-e-type=\"container\">\n\t\t\t\t<div class=\"elementor-element elementor-element-b9a47e8 elementor-widget elementor-widget-heading\" data-id=\"b9a47e8\" data-element_type=\"widget\" data-e-type=\"widget\" data-widget_type=\"heading.default\">\n\t\t\t\t<div class=\"elementor-widget-container\">\n\t\t\t\t\t<h2 class=\"elementor-heading-title elementor-size-default\">Le Fort de Marina di Bibbona et l'histoire locale<\/h2>\t\t\t\t<\/div>\n\t\t\t\t<\/div>\n\t\t\t\t<div class=\"elementor-element elementor-element-aaf51e8 elementor-widget elementor-widget-text-editor\" data-id=\"aaf51e8\" data-element_type=\"widget\" data-e-type=\"widget\" data-widget_type=\"text-editor.default\">\n\t\t\t\t<div class=\"elementor-widget-container\">\n\t\t\t\t\t\t\t\t\t<p>Marina di Bibbona elle-m\u00eame a une histoire qui m\u00e9rite d&rsquo;\u00eatre explor\u00e9e. Le <b>Forte di Marina di Bibbona<\/b>, une tour de guet c\u00f4ti\u00e8re d&rsquo;origine m\u00e9dic\u00e9enne, se dresse \u00e0 l&rsquo;extr\u00e9mit\u00e9 nord de la plage et constitue l&rsquo;un des rep\u00e8res historiques les plus visibles de la zone. Construite dans le cadre du syst\u00e8me de tours de d\u00e9fense c\u00f4ti\u00e8re \u00e9rig\u00e9 par le Grand-Duch\u00e9 de Toscane pour surveiller la c\u00f4te tyrrh\u00e9nienne, elle se dresse aujourd&rsquo;hui entour\u00e9e du maquis naturel de la C\u00f4te des \u00c9trusques, et offre une agr\u00e9able courte promenade depuis l&rsquo;h\u00f4tel le long de la plage.<span class=\"Apple-converted-space\">\u00a0<\/span><\/p>\n<p>Le <b>village m\u00e9di\u00e9val de<\/b> <b>Bibbona<\/b>, \u00e0 quelques kilom\u00e8tres de la c\u00f4te, est un bourg tranquille avec un charmant centre historique, une petite \u00e9glise et des vues panoramiques sur les vignobles et les collines environnantes.<\/p>\n\t\t\t\t\t\t\t\t<\/div>\n\t\t\t\t<\/div>\n\t\t\t\t<\/div>\n\t\t\t\t\t<\/div>\n\t\t\t\t<\/div>\n\t\t<div class=\"elementor-element elementor-element-2f96a66 e-flex e-con-boxed e-con e-parent\" data-id=\"2f96a66\" data-element_type=\"container\" data-e-type=\"container\">\n\t\t\t\t\t<div class=\"e-con-inner\">\n\t\t\t\t<div class=\"elementor-element elementor-element-4036687 elementor-widget elementor-widget-template\" data-id=\"4036687\" data-element_type=\"widget\" data-e-type=\"widget\" data-widget_type=\"template.default\">\n\t\t\t\t<div class=\"elementor-widget-container\">\n\t\t\t\t\t\t\t<div class=\"elementor-template\">\n\t\t\t\t\t<div data-elementor-type=\"container\" data-elementor-id=\"8041\" class=\"elementor elementor-8041 elementor-3036 elementor-3036\" data-elementor-post-type=\"elementor_library\">\n\t\t\t\t<div class=\"elementor-element elementor-element-2c920f57 e-flex e-con-boxed e-con e-parent\" data-id=\"2c920f57\" data-element_type=\"container\" data-e-type=\"container\" data-settings=\"{&quot;background_background&quot;:&quot;classic&quot;}\">\n\t\t\t\t\t<div class=\"e-con-inner\">\n\t\t\t\t<div class=\"elementor-element elementor-element-53510f33 elementor-widget elementor-widget-heading\" data-id=\"53510f33\" data-element_type=\"widget\" data-e-type=\"widget\" data-widget_type=\"heading.default\">\n\t\t\t\t<div class=\"elementor-widget-container\">\n\t\t\t\t\t<h2 class=\"elementor-heading-title elementor-size-default\">Vous aimerez peut-\u00eatre aussi<\/h2>\t\t\t\t<\/div>\n\t\t\t\t<\/div>\n\t\t\t\t<div class=\"elementor-element elementor-element-cee16cc elementor-grid-4 elementor-grid-tablet-2 elementor-grid-mobile-1 elementor-posts--thumbnail-top elementor-widget elementor-widget-posts\" data-id=\"cee16cc\" data-element_type=\"widget\" data-e-type=\"widget\" data-settings=\"{&quot;classic_columns&quot;:&quot;4&quot;,&quot;classic_columns_tablet&quot;:&quot;2&quot;,&quot;classic_columns_mobile&quot;:&quot;1&quot;,&quot;classic_row_gap&quot;:{&quot;unit&quot;:&quot;px&quot;,&quot;size&quot;:35,&quot;sizes&quot;:[]},&quot;classic_row_gap_tablet&quot;:{&quot;unit&quot;:&quot;px&quot;,&quot;size&quot;:&quot;&quot;,&quot;sizes&quot;:[]},&quot;classic_row_gap_mobile&quot;:{&quot;unit&quot;:&quot;px&quot;,&quot;size&quot;:&quot;&quot;,&quot;sizes&quot;:[]}}\" data-widget_type=\"posts.classic\">\n\t\t\t\t<div class=\"elementor-widget-container\">\n\t\t\t\t\t\t\t<div class=\"elementor-posts-container elementor-posts elementor-posts--skin-classic elementor-grid\" role=\"list\">\n\t\t\t\t<article class=\"elementor-post elementor-grid-item post-10509 post type-post status-publish format-standard has-post-thumbnail hentry category-blog\" role=\"listitem\">\n\t\t\t\t<a class=\"elementor-post__thumbnail__link\" href=\"https:\/\/hotelmarinetta.it\/fr\/blog\/excursions-journee-villes-art-toscane\/\" tabindex=\"-1\" >\n\t\t\t<div class=\"elementor-post__thumbnail\"><img fetchpriority=\"high\" decoding=\"async\" data-src=\"https:\/\/hotelmarinetta.it\/wp-content\/uploads\/2026\/06\/Pisa-02-768x512.jpg\" width=\"768\" height=\"512\" src=\"data:image\/gif;base64,R0lGODlhAQABAIAAAAAAAP\/\/\/yH5BAEAAAAALAAAAAABAAEAAAIBRAA7\" class=\"attachment-medium_large size-medium_large wp-image-10502 lazyload\" alt=\"Pisa\" \/><noscript><img decoding=\"async\" width=\"768\" height=\"512\" src=\"https:\/\/hotelmarinetta.it\/wp-content\/uploads\/2026\/06\/Pisa-02-768x512.jpg\" class=\"attachment-medium_large size-medium_large wp-image-10502\" alt=\"Pisa\" srcset=\"https:\/\/hotelmarinetta.it\/wp-content\/uploads\/2026\/06\/Pisa-02-768x512.jpg 768w, https:\/\/hotelmarinetta.it\/wp-content\/uploads\/2026\/06\/Pisa-02-300x200.jpg 300w, https:\/\/hotelmarinetta.it\/wp-content\/uploads\/2026\/06\/Pisa-02-1024x682.jpg 1024w, https:\/\/hotelmarinetta.it\/wp-content\/uploads\/2026\/06\/Pisa-02.jpg 1280w\" sizes=\"(max-width: 768px) 100vw, 768px\" \/><\/noscript><\/div>\n\t\t<\/a>\n\t\t\t\t<div class=\"elementor-post__text\">\n\t\t\t\t<h3 class=\"elementor-post__title\">\n\t\t\t<a href=\"https:\/\/hotelmarinetta.it\/fr\/blog\/excursions-journee-villes-art-toscane\/\" >\n\t\t\t\tExcursions et villes d&rsquo;art pr\u00e8s de l&rsquo;H\u00f4tel Marinetta\t\t\t<\/a>\n\t\t<\/h3>\n\t\t\t\t<div class=\"elementor-post__excerpt\">\n\t\t\t<p>Florence, Sienne, Volterra et plus encore : excursions \u00e0 la journ\u00e9e depuis la C\u00f4te des \u00c9trusques. Vins, randonn\u00e9es et villes d&rsquo;art \u00e0 port\u00e9e de route.<\/p>\n\t\t<\/div>\n\t\t\t\t<\/div>\n\t\t\t\t<\/article>\n\t\t\t\t<article class=\"elementor-post elementor-grid-item post-10444 post type-post status-publish format-standard has-post-thumbnail hentry category-blog\" role=\"listitem\">\n\t\t\t\t<a class=\"elementor-post__thumbnail__link\" href=\"https:\/\/hotelmarinetta.it\/fr\/blog\/thermes-sassetta-excursion\/\" tabindex=\"-1\" >\n\t\t\t<div class=\"elementor-post__thumbnail\"><img decoding=\"async\" data-src=\"https:\/\/hotelmarinetta.it\/wp-content\/uploads\/2026\/06\/Terme-Sassetta-01-768x346.jpg\" width=\"768\" height=\"346\" src=\"data:image\/gif;base64,R0lGODlhAQABAIAAAAAAAP\/\/\/yH5BAEAAAAALAAAAAABAAEAAAIBRAA7\" class=\"attachment-medium_large size-medium_large wp-image-10416 lazyload\" alt=\"Terme di Sassetta\" \/><noscript><img loading=\"lazy\" decoding=\"async\" width=\"768\" height=\"346\" src=\"https:\/\/hotelmarinetta.it\/wp-content\/uploads\/2026\/06\/Terme-Sassetta-01-768x346.jpg\" class=\"attachment-medium_large size-medium_large wp-image-10416\" alt=\"Terme di Sassetta\" srcset=\"https:\/\/hotelmarinetta.it\/wp-content\/uploads\/2026\/06\/Terme-Sassetta-01-768x346.jpg 768w, https:\/\/hotelmarinetta.it\/wp-content\/uploads\/2026\/06\/Terme-Sassetta-01-300x135.jpg 300w, https:\/\/hotelmarinetta.it\/wp-content\/uploads\/2026\/06\/Terme-Sassetta-01-1024x461.jpg 1024w, https:\/\/hotelmarinetta.it\/wp-content\/uploads\/2026\/06\/Terme-Sassetta-01.jpg 1400w\" sizes=\"(max-width: 768px) 100vw, 768px\" \/><\/noscript><\/div>\n\t\t<\/a>\n\t\t\t\t<div class=\"elementor-post__text\">\n\t\t\t\t<h3 class=\"elementor-post__title\">\n\t\t\t<a href=\"https:\/\/hotelmarinetta.it\/fr\/blog\/thermes-sassetta-excursion\/\" >\n\t\t\t\tExcursion aux Thermes de Sassetta depuis Marina di Bibbona\t\t\t<\/a>\n\t\t<\/h3>\n\t\t\t\t<div class=\"elementor-post__excerpt\">\n\t\t\t<p>Les Thermes de Sassetta \u00e0 40 minutes de l&rsquo;H\u00f4tel Marinetta : piscines thermales et nature en Val di Cornia. Une excursion parfaite sur la C\u00f4te des \u00c9trusques.<\/p>\n\t\t<\/div>\n\t\t\t\t<\/div>\n\t\t\t\t<\/article>\n\t\t\t\t<article class=\"elementor-post elementor-grid-item post-6396 post type-post status-publish format-standard has-post-thumbnail hentry category-blog\" role=\"listitem\">\n\t\t\t\t<a class=\"elementor-post__thumbnail__link\" href=\"https:\/\/hotelmarinetta.it\/fr\/blog\/villages-medievaux-toscane\/\" tabindex=\"-1\" >\n\t\t\t<div class=\"elementor-post__thumbnail\"><img loading=\"lazy\" decoding=\"async\" data-src=\"https:\/\/hotelmarinetta.it\/wp-content\/uploads\/2025\/07\/Costa-Etruschi-Borghi-768x512.jpg\" width=\"768\" height=\"512\" src=\"data:image\/gif;base64,R0lGODlhAQABAIAAAAAAAP\/\/\/yH5BAEAAAAALAAAAAABAAEAAAIBRAA7\" class=\"attachment-medium_large size-medium_large wp-image-6078 lazyload\" alt=\"Borghi\" \/><noscript><img loading=\"lazy\" decoding=\"async\" width=\"768\" height=\"512\" src=\"https:\/\/hotelmarinetta.it\/wp-content\/uploads\/2025\/07\/Costa-Etruschi-Borghi-768x512.jpg\" class=\"attachment-medium_large size-medium_large wp-image-6078\" alt=\"Borghi\" srcset=\"https:\/\/hotelmarinetta.it\/wp-content\/uploads\/2025\/07\/Costa-Etruschi-Borghi-768x512.jpg 768w, https:\/\/hotelmarinetta.it\/wp-content\/uploads\/2025\/07\/Costa-Etruschi-Borghi-300x200.jpg 300w, https:\/\/hotelmarinetta.it\/wp-content\/uploads\/2025\/07\/Costa-Etruschi-Borghi.jpg 1024w\" sizes=\"(max-width: 768px) 100vw, 768px\" \/><\/noscript><\/div>\n\t\t<\/a>\n\t\t\t\t<div class=\"elementor-post__text\">\n\t\t\t\t<h3 class=\"elementor-post__title\">\n\t\t\t<a href=\"https:\/\/hotelmarinetta.it\/fr\/blog\/villages-medievaux-toscane\/\" >\n\t\t\t\tVillages m\u00e9di\u00e9vaux \u00e0 visiter en Toscane\t\t\t<\/a>\n\t\t<\/h3>\n\t\t\t\t<div class=\"elementor-post__excerpt\">\n\t\t\t<p>Visitez les plus beaux villages m\u00e9di\u00e9vaux de Toscane avec l&rsquo;H\u00f4tel Marinetta, vivez l&rsquo;histoire parmi les ruelles et les vues, r\u00e9servez votre exp\u00e9rience maintenant.<\/p>\n\t\t<\/div>\n\t\t\t\t<\/div>\n\t\t\t\t<\/article>\n\t\t\t\t<article class=\"elementor-post elementor-grid-item post-7012 post type-post status-publish format-standard has-post-thumbnail hentry category-blog\" role=\"listitem\">\n\t\t\t\t<a class=\"elementor-post__thumbnail__link\" href=\"https:\/\/hotelmarinetta.it\/fr\/blog\/meilleur-cote-etruscques\/\" tabindex=\"-1\" >\n\t\t\t<div class=\"elementor-post__thumbnail\"><img loading=\"lazy\" decoding=\"async\" data-src=\"https:\/\/hotelmarinetta.it\/wp-content\/uploads\/2025\/07\/Hd-CostaEtruschi-768x432.jpg\" width=\"768\" height=\"432\" src=\"data:image\/gif;base64,R0lGODlhAQABAIAAAAAAAP\/\/\/yH5BAEAAAAALAAAAAABAAEAAAIBRAA7\" class=\"attachment-medium_large size-medium_large wp-image-6086 lazyload\" alt=\"Costa Etruschi\" \/><noscript><img loading=\"lazy\" decoding=\"async\" width=\"768\" height=\"432\" src=\"https:\/\/hotelmarinetta.it\/wp-content\/uploads\/2025\/07\/Hd-CostaEtruschi-768x432.jpg\" class=\"attachment-medium_large size-medium_large wp-image-6086\" alt=\"Costa Etruschi\" srcset=\"https:\/\/hotelmarinetta.it\/wp-content\/uploads\/2025\/07\/Hd-CostaEtruschi-768x432.jpg 768w, https:\/\/hotelmarinetta.it\/wp-content\/uploads\/2025\/07\/Hd-CostaEtruschi-300x169.jpg 300w, https:\/\/hotelmarinetta.it\/wp-content\/uploads\/2025\/07\/Hd-CostaEtruschi-1024x576.jpg 1024w, https:\/\/hotelmarinetta.it\/wp-content\/uploads\/2025\/07\/Hd-CostaEtruschi.jpg 1366w\" sizes=\"(max-width: 768px) 100vw, 768px\" \/><\/noscript><\/div>\n\t\t<\/a>\n\t\t\t\t<div class=\"elementor-post__text\">\n\t\t\t\t<h3 class=\"elementor-post__title\">\n\t\t\t<a href=\"https:\/\/hotelmarinetta.it\/fr\/blog\/meilleur-cote-etruscques\/\" >\n\t\t\t\tLe meilleur de la C\u00f4te des \u00c9trusques\t\t\t<\/a>\n\t\t<\/h3>\n\t\t\t\t<div class=\"elementor-post__excerpt\">\n\t\t\t<p>Venez d\u00e9couvrir la beaut\u00e9 de Marina di Bibbona et les meilleurs itin\u00e9raires de la c\u00f4te des \u00c9trusques.<\/p>\n\t\t<\/div>\n\t\t\t\t<\/div>\n\t\t\t\t<\/article>\n\t\t\t\t<article class=\"elementor-post elementor-grid-item post-6045 post type-post status-publish format-standard has-post-thumbnail hentry category-blog\" role=\"listitem\">\n\t\t\t\t<a class=\"elementor-post__thumbnail__link\" href=\"https:\/\/hotelmarinetta.it\/fr\/blog\/beautes-lucques-lucca-comics\/\" tabindex=\"-1\" >\n\t\t\t<div class=\"elementor-post__thumbnail\"><img loading=\"lazy\" decoding=\"async\" data-src=\"https:\/\/hotelmarinetta.it\/wp-content\/uploads\/2025\/07\/Hd-Lucca-768x432.jpg\" width=\"768\" height=\"432\" src=\"data:image\/gif;base64,R0lGODlhAQABAIAAAAAAAP\/\/\/yH5BAEAAAAALAAAAAABAAEAAAIBRAA7\" class=\"attachment-medium_large size-medium_large wp-image-6029 lazyload\" alt=\"Lucca\" \/><noscript><img loading=\"lazy\" decoding=\"async\" width=\"768\" height=\"432\" src=\"https:\/\/hotelmarinetta.it\/wp-content\/uploads\/2025\/07\/Hd-Lucca-768x432.jpg\" class=\"attachment-medium_large size-medium_large wp-image-6029\" alt=\"Lucca\" srcset=\"https:\/\/hotelmarinetta.it\/wp-content\/uploads\/2025\/07\/Hd-Lucca-768x432.jpg 768w, https:\/\/hotelmarinetta.it\/wp-content\/uploads\/2025\/07\/Hd-Lucca-300x169.jpg 300w, https:\/\/hotelmarinetta.it\/wp-content\/uploads\/2025\/07\/Hd-Lucca-1024x576.jpg 1024w, https:\/\/hotelmarinetta.it\/wp-content\/uploads\/2025\/07\/Hd-Lucca.jpg 1366w\" sizes=\"(max-width: 768px) 100vw, 768px\" \/><\/noscript><\/div>\n\t\t<\/a>\n\t\t\t\t<div class=\"elementor-post__text\">\n\t\t\t\t<h3 class=\"elementor-post__title\">\n\t\t\t<a href=\"https:\/\/hotelmarinetta.it\/fr\/blog\/beautes-lucques-lucca-comics\/\" >\n\t\t\t\tLes beaut\u00e9s de Lucques\t\t\t<\/a>\n\t\t<\/h3>\n\t\t\t\t<div class=\"elementor-post__excerpt\">\n\t\t\t<p>D\u00e9couvrez la beaut\u00e9 de Lucques avec l&rsquo;H\u00f4tel Marinetta, entre histoire et charme toscan, r\u00e9servez votre s\u00e9jour d\u00e8s maintenant.<\/p>\n\t\t<\/div>\n\t\t\t\t<\/div>\n\t\t\t\t<\/article>\n\t\t\t\t<article class=\"elementor-post elementor-grid-item post-6020 post type-post status-publish format-standard has-post-thumbnail hentry category-blog\" role=\"listitem\">\n\t\t\t\t<a class=\"elementor-post__thumbnail__link\" href=\"https:\/\/hotelmarinetta.it\/fr\/blog\/bolgheri-guide-terre-vin\/\" tabindex=\"-1\" >\n\t\t\t<div class=\"elementor-post__thumbnail\"><img loading=\"lazy\" decoding=\"async\" data-src=\"https:\/\/hotelmarinetta.it\/wp-content\/uploads\/2025\/07\/Hd-Bolgheri-768x432.jpg\" width=\"768\" height=\"432\" src=\"data:image\/gif;base64,R0lGODlhAQABAIAAAAAAAP\/\/\/yH5BAEAAAAALAAAAAABAAEAAAIBRAA7\" class=\"attachment-medium_large size-medium_large wp-image-5991 lazyload\" alt=\"Bolgheri\" \/><noscript><img loading=\"lazy\" decoding=\"async\" width=\"768\" height=\"432\" src=\"https:\/\/hotelmarinetta.it\/wp-content\/uploads\/2025\/07\/Hd-Bolgheri-768x432.jpg\" class=\"attachment-medium_large size-medium_large wp-image-5991\" alt=\"Bolgheri\" srcset=\"https:\/\/hotelmarinetta.it\/wp-content\/uploads\/2025\/07\/Hd-Bolgheri-768x432.jpg 768w, https:\/\/hotelmarinetta.it\/wp-content\/uploads\/2025\/07\/Hd-Bolgheri-300x169.jpg 300w, https:\/\/hotelmarinetta.it\/wp-content\/uploads\/2025\/07\/Hd-Bolgheri-1024x576.jpg 1024w, https:\/\/hotelmarinetta.it\/wp-content\/uploads\/2025\/07\/Hd-Bolgheri.jpg 1366w\" sizes=\"(max-width: 768px) 100vw, 768px\" \/><\/noscript><\/div>\n\t\t<\/a>\n\t\t\t\t<div class=\"elementor-post__text\">\n\t\t\t\t<h3 class=\"elementor-post__title\">\n\t\t\t<a href=\"https:\/\/hotelmarinetta.it\/fr\/blog\/bolgheri-guide-terre-vin\/\" >\n\t\t\t\tBolgheri: un Guide de la Terre du Vin\t\t\t<\/a>\n\t\t<\/h3>\n\t\t\t\t<div class=\"elementor-post__excerpt\">\n\t\t\t<p>Explorez Bolgheri et ses vins prestigieux avec notre guide exclusif depuis l\u2019H\u00f4tel Marinetta, r\u00e9servez votre aventure \u0153nologique aujourd\u2019hui.<\/p>\n\t\t<\/div>\n\t\t\t\t<\/div>\n\t\t\t\t<\/article>\n\t\t\t\t<\/div>\n\t\t\n\t\t\t\t\t\t<\/div>\n\t\t\t\t<\/div>\n\t\t\t\t\t<\/div>\n\t\t\t\t<\/div>\n\t\t\t\t<\/div>\n\t\t\t\t<\/div>\n\t\t\t\t\t\t<\/div>\n\t\t\t\t<\/div>\n\t\t\t\t\t<\/div>\n\t\t\t\t<\/div>\n\t\t\t\t<\/div>\n\t\t","protected":false},"excerpt":{"rendered":"<p>Florence, Sienne, Volterra et plus encore : excursions \u00e0 la journ\u00e9e depuis la C\u00f4te des \u00c9trusques. Vins, randonn\u00e9es et villes d&rsquo;art \u00e0 port\u00e9e de route.<\/p>\n","protected":false},"author":1,"featured_media":10502,"comment_status":"closed","ping_status":"open","sticky":false,"template":"","format":"standard","meta":{"footnotes":""},"categories":[50],"tags":[],"class_list":["post-10509","post","type-post","status-publish","format-standard","has-post-thumbnail","hentry","category-blog"],"yoast_head":"<!-- This site is optimized with the Yoast SEO plugin v28.4 - https:\/\/yoast.com\/product\/yoast-seo-wordpress\/ -->\n<title>Excursions \u00e0 la journ\u00e9e pr\u00e8s de Marina di Bibbona | H\u00f4tel Marinetta<\/title>\n<meta name=\"description\" content=\"Florence, Sienne, Volterra et plus encore : excursions \u00e0 la journ\u00e9e depuis la C\u00f4te des \u00c9trusques. Vins, randonn\u00e9es et villes d&#039;art \u00e0 port\u00e9e de route.\" \/>\n<meta name=\"robots\" content=\"index, follow, max-snippet:-1, max-image-preview:large, max-video-preview:-1\" \/>\n<link rel=\"canonical\" href=\"https:\/\/hotelmarinetta.it\/fr\/blog\/excursions-journee-villes-art-toscane\/\" \/>\n<meta property=\"og:locale\" content=\"fr_FR\" \/>\n<meta property=\"og:type\" content=\"article\" \/>\n<meta property=\"og:title\" content=\"Excursions \u00e0 la journ\u00e9e pr\u00e8s de Marina di Bibbona | H\u00f4tel Marinetta\" \/>\n<meta property=\"og:description\" content=\"Florence, Sienne, Volterra et plus encore : excursions \u00e0 la journ\u00e9e depuis la C\u00f4te des \u00c9trusques. Vins, randonn\u00e9es et villes d&#039;art \u00e0 port\u00e9e de route.\" \/>\n<meta property=\"og:url\" content=\"https:\/\/hotelmarinetta.it\/fr\/blog\/excursions-journee-villes-art-toscane\/\" \/>\n<meta property=\"og:site_name\" content=\"Park Hotel Marinetta\" \/>\n<meta property=\"article:publisher\" content=\"https:\/\/www.facebook.com\/parkhotelmarinetta\" \/>\n<meta property=\"article:published_time\" content=\"2026-06-30T14:46:04+00:00\" \/>\n<meta property=\"article:modified_time\" content=\"2026-06-30T15:01:15+00:00\" \/>\n<meta property=\"og:image\" content=\"https:\/\/hotelmarinetta.it\/wp-content\/uploads\/2026\/06\/Pisa-02.jpg\" \/>\n\t<meta property=\"og:image:width\" content=\"1280\" \/>\n\t<meta property=\"og:image:height\" content=\"853\" \/>\n\t<meta property=\"og:image:type\" content=\"image\/jpeg\" \/>\n<meta name=\"author\" content=\"fritumuv@gmail.com\" \/>\n<meta name=\"twitter:card\" content=\"summary_large_image\" \/>\n<meta name=\"twitter:label1\" content=\"\u00c9crit par\" \/>\n\t<meta name=\"twitter:data1\" content=\"fritumuv@gmail.com\" \/>\n\t<meta name=\"twitter:label2\" content=\"Dur\u00e9e de lecture estim\u00e9e\" \/>\n\t<meta name=\"twitter:data2\" content=\"5 minutes\" \/>\n<script type=\"application\/ld+json\" class=\"yoast-schema-graph\">{\"@context\":\"https:\\\/\\\/schema.org\",\"@graph\":[{\"@type\":\"Article\",\"@id\":\"https:\\\/\\\/hotelmarinetta.it\\\/fr\\\/blog\\\/excursions-journee-villes-art-toscane\\\/#article\",\"isPartOf\":{\"@id\":\"https:\\\/\\\/hotelmarinetta.it\\\/fr\\\/blog\\\/excursions-journee-villes-art-toscane\\\/\"},\"author\":{\"name\":\"fritumuv@gmail.com\",\"@id\":\"https:\\\/\\\/hotelmarinetta.it\\\/fr\\\/#\\\/schema\\\/person\\\/584739d367c8d0bcc9663ceab4b7a84a\"},\"headline\":\"Excursions et villes d&rsquo;art pr\u00e8s de l&rsquo;H\u00f4tel Marinetta\",\"datePublished\":\"2026-06-30T14:46:04+00:00\",\"dateModified\":\"2026-06-30T15:01:15+00:00\",\"mainEntityOfPage\":{\"@id\":\"https:\\\/\\\/hotelmarinetta.it\\\/fr\\\/blog\\\/excursions-journee-villes-art-toscane\\\/\"},\"wordCount\":1081,\"publisher\":{\"@id\":\"https:\\\/\\\/hotelmarinetta.it\\\/fr\\\/#organization\"},\"image\":{\"@id\":\"https:\\\/\\\/hotelmarinetta.it\\\/fr\\\/blog\\\/excursions-journee-villes-art-toscane\\\/#primaryimage\"},\"thumbnailUrl\":\"https:\\\/\\\/hotelmarinetta.it\\\/wp-content\\\/uploads\\\/2026\\\/06\\\/Pisa-02.jpg\",\"articleSection\":[\"Blog\"],\"inLanguage\":\"fr-FR\"},{\"@type\":\"WebPage\",\"@id\":\"https:\\\/\\\/hotelmarinetta.it\\\/fr\\\/blog\\\/excursions-journee-villes-art-toscane\\\/\",\"url\":\"https:\\\/\\\/hotelmarinetta.it\\\/fr\\\/blog\\\/excursions-journee-villes-art-toscane\\\/\",\"name\":\"Excursions \u00e0 la journ\u00e9e pr\u00e8s de Marina di Bibbona | H\u00f4tel Marinetta\",\"isPartOf\":{\"@id\":\"https:\\\/\\\/hotelmarinetta.it\\\/fr\\\/#website\"},\"primaryImageOfPage\":{\"@id\":\"https:\\\/\\\/hotelmarinetta.it\\\/fr\\\/blog\\\/excursions-journee-villes-art-toscane\\\/#primaryimage\"},\"image\":{\"@id\":\"https:\\\/\\\/hotelmarinetta.it\\\/fr\\\/blog\\\/excursions-journee-villes-art-toscane\\\/#primaryimage\"},\"thumbnailUrl\":\"https:\\\/\\\/hotelmarinetta.it\\\/wp-content\\\/uploads\\\/2026\\\/06\\\/Pisa-02.jpg\",\"datePublished\":\"2026-06-30T14:46:04+00:00\",\"dateModified\":\"2026-06-30T15:01:15+00:00\",\"description\":\"Florence, Sienne, Volterra et plus encore : excursions \u00e0 la journ\u00e9e depuis la C\u00f4te des \u00c9trusques. Vins, randonn\u00e9es et villes d'art \u00e0 port\u00e9e de route.\",\"breadcrumb\":{\"@id\":\"https:\\\/\\\/hotelmarinetta.it\\\/fr\\\/blog\\\/excursions-journee-villes-art-toscane\\\/#breadcrumb\"},\"inLanguage\":\"fr-FR\",\"potentialAction\":[{\"@type\":\"ReadAction\",\"target\":[\"https:\\\/\\\/hotelmarinetta.it\\\/fr\\\/blog\\\/excursions-journee-villes-art-toscane\\\/\"]}]},{\"@type\":\"ImageObject\",\"inLanguage\":\"fr-FR\",\"@id\":\"https:\\\/\\\/hotelmarinetta.it\\\/fr\\\/blog\\\/excursions-journee-villes-art-toscane\\\/#primaryimage\",\"url\":\"https:\\\/\\\/hotelmarinetta.it\\\/wp-content\\\/uploads\\\/2026\\\/06\\\/Pisa-02.jpg\",\"contentUrl\":\"https:\\\/\\\/hotelmarinetta.it\\\/wp-content\\\/uploads\\\/2026\\\/06\\\/Pisa-02.jpg\",\"width\":1280,\"height\":853,\"caption\":\"Pisa\"},{\"@type\":\"BreadcrumbList\",\"@id\":\"https:\\\/\\\/hotelmarinetta.it\\\/fr\\\/blog\\\/excursions-journee-villes-art-toscane\\\/#breadcrumb\",\"itemListElement\":[{\"@type\":\"ListItem\",\"position\":1,\"name\":\"Home\",\"item\":\"https:\\\/\\\/hotelmarinetta.it\\\/fr\\\/\"},{\"@type\":\"ListItem\",\"position\":2,\"name\":\"Non cat\u00e9goris\u00e9\",\"item\":\"https:\\\/\\\/hotelmarinetta.it\\\/fr\\\/non-categorise\\\/\"},{\"@type\":\"ListItem\",\"position\":3,\"name\":\"Excursions et villes d&#8217;art pr\u00e8s de l&#8217;H\u00f4tel Marinetta\"}]},{\"@type\":\"WebSite\",\"@id\":\"https:\\\/\\\/hotelmarinetta.it\\\/fr\\\/#website\",\"url\":\"https:\\\/\\\/hotelmarinetta.it\\\/fr\\\/\",\"name\":\"Park Hotel Marinetta\",\"description\":\"Resort sul Mare in Toscana\",\"publisher\":{\"@id\":\"https:\\\/\\\/hotelmarinetta.it\\\/fr\\\/#organization\"},\"potentialAction\":[{\"@type\":\"SearchAction\",\"target\":{\"@type\":\"EntryPoint\",\"urlTemplate\":\"https:\\\/\\\/hotelmarinetta.it\\\/fr\\\/?s={search_term_string}\"},\"query-input\":{\"@type\":\"PropertyValueSpecification\",\"valueRequired\":true,\"valueName\":\"search_term_string\"}}],\"inLanguage\":\"fr-FR\"},{\"@type\":\"Organization\",\"@id\":\"https:\\\/\\\/hotelmarinetta.it\\\/fr\\\/#organization\",\"name\":\"Park Hotel Marinetta\",\"url\":\"https:\\\/\\\/hotelmarinetta.it\\\/fr\\\/\",\"logo\":{\"@type\":\"ImageObject\",\"inLanguage\":\"fr-FR\",\"@id\":\"https:\\\/\\\/hotelmarinetta.it\\\/fr\\\/#\\\/schema\\\/logo\\\/image\\\/\",\"url\":\"https:\\\/\\\/hotelmarinetta.it\\\/wp-content\\\/uploads\\\/2025\\\/05\\\/Logo-PHM-01.png\",\"contentUrl\":\"https:\\\/\\\/hotelmarinetta.it\\\/wp-content\\\/uploads\\\/2025\\\/05\\\/Logo-PHM-01.png\",\"width\":294,\"height\":89,\"caption\":\"Park Hotel Marinetta\"},\"image\":{\"@id\":\"https:\\\/\\\/hotelmarinetta.it\\\/fr\\\/#\\\/schema\\\/logo\\\/image\\\/\"},\"sameAs\":[\"https:\\\/\\\/www.facebook.com\\\/parkhotelmarinetta\",\"https:\\\/\\\/www.instagram.com\\\/parkhotelmarinetta\\\/\"]},{\"@type\":\"Person\",\"@id\":\"https:\\\/\\\/hotelmarinetta.it\\\/fr\\\/#\\\/schema\\\/person\\\/584739d367c8d0bcc9663ceab4b7a84a\",\"name\":\"fritumuv@gmail.com\",\"image\":{\"@type\":\"ImageObject\",\"inLanguage\":\"fr-FR\",\"@id\":\"https:\\\/\\\/secure.gravatar.com\\\/avatar\\\/528338bab8ff2f7ed85f42685fa7ed3aa659b49ba1c5d15c360680240df86410?s=96&d=mm&r=g\",\"url\":\"https:\\\/\\\/secure.gravatar.com\\\/avatar\\\/528338bab8ff2f7ed85f42685fa7ed3aa659b49ba1c5d15c360680240df86410?s=96&d=mm&r=g\",\"contentUrl\":\"https:\\\/\\\/secure.gravatar.com\\\/avatar\\\/528338bab8ff2f7ed85f42685fa7ed3aa659b49ba1c5d15c360680240df86410?s=96&d=mm&r=g\",\"caption\":\"fritumuv@gmail.com\"}}]}<\/script>\n<!-- \/ Yoast SEO plugin. -->","yoast_head_json":{"title":"Excursions \u00e0 la journ\u00e9e pr\u00e8s de Marina di Bibbona | H\u00f4tel Marinetta","description":"Florence, Sienne, Volterra et plus encore : excursions \u00e0 la journ\u00e9e depuis la C\u00f4te des \u00c9trusques. Vins, randonn\u00e9es et villes d'art \u00e0 port\u00e9e de route.","robots":{"index":"index","follow":"follow","max-snippet":"max-snippet:-1","max-image-preview":"max-image-preview:large","max-video-preview":"max-video-preview:-1"},"canonical":"https:\/\/hotelmarinetta.it\/fr\/blog\/excursions-journee-villes-art-toscane\/","og_locale":"fr_FR","og_type":"article","og_title":"Excursions \u00e0 la journ\u00e9e pr\u00e8s de Marina di Bibbona | H\u00f4tel Marinetta","og_description":"Florence, Sienne, Volterra et plus encore : excursions \u00e0 la journ\u00e9e depuis la C\u00f4te des \u00c9trusques. Vins, randonn\u00e9es et villes d'art \u00e0 port\u00e9e de route.","og_url":"https:\/\/hotelmarinetta.it\/fr\/blog\/excursions-journee-villes-art-toscane\/","og_site_name":"Park Hotel Marinetta","article_publisher":"https:\/\/www.facebook.com\/parkhotelmarinetta","article_published_time":"2026-06-30T14:46:04+00:00","article_modified_time":"2026-06-30T15:01:15+00:00","og_image":[{"width":1280,"height":853,"url":"https:\/\/hotelmarinetta.it\/wp-content\/uploads\/2026\/06\/Pisa-02.jpg","type":"image\/jpeg"}],"author":"fritumuv@gmail.com","twitter_card":"summary_large_image","twitter_misc":{"\u00c9crit par":"fritumuv@gmail.com","Dur\u00e9e de lecture estim\u00e9e":"5 minutes"},"schema":{"@context":"https:\/\/schema.org","@graph":[{"@type":"Article","@id":"https:\/\/hotelmarinetta.it\/fr\/blog\/excursions-journee-villes-art-toscane\/#article","isPartOf":{"@id":"https:\/\/hotelmarinetta.it\/fr\/blog\/excursions-journee-villes-art-toscane\/"},"author":{"name":"fritumuv@gmail.com","@id":"https:\/\/hotelmarinetta.it\/fr\/#\/schema\/person\/584739d367c8d0bcc9663ceab4b7a84a"},"headline":"Excursions et villes d&rsquo;art pr\u00e8s de l&rsquo;H\u00f4tel Marinetta","datePublished":"2026-06-30T14:46:04+00:00","dateModified":"2026-06-30T15:01:15+00:00","mainEntityOfPage":{"@id":"https:\/\/hotelmarinetta.it\/fr\/blog\/excursions-journee-villes-art-toscane\/"},"wordCount":1081,"publisher":{"@id":"https:\/\/hotelmarinetta.it\/fr\/#organization"},"image":{"@id":"https:\/\/hotelmarinetta.it\/fr\/blog\/excursions-journee-villes-art-toscane\/#primaryimage"},"thumbnailUrl":"https:\/\/hotelmarinetta.it\/wp-content\/uploads\/2026\/06\/Pisa-02.jpg","articleSection":["Blog"],"inLanguage":"fr-FR"},{"@type":"WebPage","@id":"https:\/\/hotelmarinetta.it\/fr\/blog\/excursions-journee-villes-art-toscane\/","url":"https:\/\/hotelmarinetta.it\/fr\/blog\/excursions-journee-villes-art-toscane\/","name":"Excursions \u00e0 la journ\u00e9e pr\u00e8s de Marina di Bibbona | H\u00f4tel Marinetta","isPartOf":{"@id":"https:\/\/hotelmarinetta.it\/fr\/#website"},"primaryImageOfPage":{"@id":"https:\/\/hotelmarinetta.it\/fr\/blog\/excursions-journee-villes-art-toscane\/#primaryimage"},"image":{"@id":"https:\/\/hotelmarinetta.it\/fr\/blog\/excursions-journee-villes-art-toscane\/#primaryimage"},"thumbnailUrl":"https:\/\/hotelmarinetta.it\/wp-content\/uploads\/2026\/06\/Pisa-02.jpg","datePublished":"2026-06-30T14:46:04+00:00","dateModified":"2026-06-30T15:01:15+00:00","description":"Florence, Sienne, Volterra et plus encore : excursions \u00e0 la journ\u00e9e depuis la C\u00f4te des \u00c9trusques. Vins, randonn\u00e9es et villes d'art \u00e0 port\u00e9e de route.","breadcrumb":{"@id":"https:\/\/hotelmarinetta.it\/fr\/blog\/excursions-journee-villes-art-toscane\/#breadcrumb"},"inLanguage":"fr-FR","potentialAction":[{"@type":"ReadAction","target":["https:\/\/hotelmarinetta.it\/fr\/blog\/excursions-journee-villes-art-toscane\/"]}]},{"@type":"ImageObject","inLanguage":"fr-FR","@id":"https:\/\/hotelmarinetta.it\/fr\/blog\/excursions-journee-villes-art-toscane\/#primaryimage","url":"https:\/\/hotelmarinetta.it\/wp-content\/uploads\/2026\/06\/Pisa-02.jpg","contentUrl":"https:\/\/hotelmarinetta.it\/wp-content\/uploads\/2026\/06\/Pisa-02.jpg","width":1280,"height":853,"caption":"Pisa"},{"@type":"BreadcrumbList","@id":"https:\/\/hotelmarinetta.it\/fr\/blog\/excursions-journee-villes-art-toscane\/#breadcrumb","itemListElement":[{"@type":"ListItem","position":1,"name":"Home","item":"https:\/\/hotelmarinetta.it\/fr\/"},{"@type":"ListItem","position":2,"name":"Non cat\u00e9goris\u00e9","item":"https:\/\/hotelmarinetta.it\/fr\/non-categorise\/"},{"@type":"ListItem","position":3,"name":"Excursions et villes d&#8217;art pr\u00e8s de l&#8217;H\u00f4tel Marinetta"}]},{"@type":"WebSite","@id":"https:\/\/hotelmarinetta.it\/fr\/#website","url":"https:\/\/hotelmarinetta.it\/fr\/","name":"Park Hotel Marinetta","description":"Resort sul Mare in Toscana","publisher":{"@id":"https:\/\/hotelmarinetta.it\/fr\/#organization"},"potentialAction":[{"@type":"SearchAction","target":{"@type":"EntryPoint","urlTemplate":"https:\/\/hotelmarinetta.it\/fr\/?s={search_term_string}"},"query-input":{"@type":"PropertyValueSpecification","valueRequired":true,"valueName":"search_term_string"}}],"inLanguage":"fr-FR"},{"@type":"Organization","@id":"https:\/\/hotelmarinetta.it\/fr\/#organization","name":"Park Hotel Marinetta","url":"https:\/\/hotelmarinetta.it\/fr\/","logo":{"@type":"ImageObject","inLanguage":"fr-FR","@id":"https:\/\/hotelmarinetta.it\/fr\/#\/schema\/logo\/image\/","url":"https:\/\/hotelmarinetta.it\/wp-content\/uploads\/2025\/05\/Logo-PHM-01.png","contentUrl":"https:\/\/hotelmarinetta.it\/wp-content\/uploads\/2025\/05\/Logo-PHM-01.png","width":294,"height":89,"caption":"Park Hotel Marinetta"},"image":{"@id":"https:\/\/hotelmarinetta.it\/fr\/#\/schema\/logo\/image\/"},"sameAs":["https:\/\/www.facebook.com\/parkhotelmarinetta","https:\/\/www.instagram.com\/parkhotelmarinetta\/"]},{"@type":"Person","@id":"https:\/\/hotelmarinetta.it\/fr\/#\/schema\/person\/584739d367c8d0bcc9663ceab4b7a84a","name":"fritumuv@gmail.com","image":{"@type":"ImageObject","inLanguage":"fr-FR","@id":"https:\/\/secure.gravatar.com\/avatar\/528338bab8ff2f7ed85f42685fa7ed3aa659b49ba1c5d15c360680240df86410?s=96&d=mm&r=g","url":"https:\/\/secure.gravatar.com\/avatar\/528338bab8ff2f7ed85f42685fa7ed3aa659b49ba1c5d15c360680240df86410?s=96&d=mm&r=g","contentUrl":"https:\/\/secure.gravatar.com\/avatar\/528338bab8ff2f7ed85f42685fa7ed3aa659b49ba1c5d15c360680240df86410?s=96&d=mm&r=g","caption":"fritumuv@gmail.com"}}]}},"_links":{"self":[{"href":"https:\/\/hotelmarinetta.it\/fr\/wp-json\/wp\/v2\/posts\/10509","targetHints":{"allow":["GET"]}}],"collection":[{"href":"https:\/\/hotelmarinetta.it\/fr\/wp-json\/wp\/v2\/posts"}],"about":[{"href":"https:\/\/hotelmarinetta.it\/fr\/wp-json\/wp\/v2\/types\/post"}],"author":[{"embeddable":true,"href":"https:\/\/hotelmarinetta.it\/fr\/wp-json\/wp\/v2\/users\/1"}],"replies":[{"embeddable":true,"href":"https:\/\/hotelmarinetta.it\/fr\/wp-json\/wp\/v2\/comments?post=10509"}],"version-history":[{"count":1,"href":"https:\/\/hotelmarinetta.it\/fr\/wp-json\/wp\/v2\/posts\/10509\/revisions"}],"predecessor-version":[{"id":10510,"href":"https:\/\/hotelmarinetta.it\/fr\/wp-json\/wp\/v2\/posts\/10509\/revisions\/10510"}],"wp:featuredmedia":[{"embeddable":true,"href":"https:\/\/hotelmarinetta.it\/fr\/wp-json\/wp\/v2\/media\/10502"}],"wp:attachment":[{"href":"https:\/\/hotelmarinetta.it\/fr\/wp-json\/wp\/v2\/media?parent=10509"}],"wp:term":[{"taxonomy":"category","embeddable":true,"href":"https:\/\/hotelmarinetta.it\/fr\/wp-json\/wp\/v2\/categories?post=10509"},{"taxonomy":"post_tag","embeddable":true,"href":"https:\/\/hotelmarinetta.it\/fr\/wp-json\/wp\/v2\/tags?post=10509"}],"curies":[{"name":"wp","href":"https:\/\/api.w.org\/{rel}","templated":true}]}}