{"id":6394,"date":"2025-07-04T09:31:41","date_gmt":"2025-07-04T07:31:41","guid":{"rendered":"https:\/\/hotelmarinetta.it\/nicht-kategorisiert\/mittelalterliche-dorfer-toskana\/"},"modified":"2025-07-08T17:06:50","modified_gmt":"2025-07-08T15:06:50","slug":"mittelalterliche-dorfer-toskana","status":"publish","type":"post","link":"https:\/\/hotelmarinetta.it\/de\/blog\/mittelalterliche-dorfer-toskana\/","title":{"rendered":"Mittelalterliche D\u00f6rfer in der Toskana"},"content":{"rendered":"\t\t<div data-elementor-type=\"wp-post\" data-elementor-id=\"6394\" class=\"elementor elementor-6394 elementor-6150\" data-elementor-post-type=\"post\">\n\t\t\t\t<div class=\"elementor-element elementor-element-bda4490 e-con-full e-flex e-con e-parent\" data-id=\"bda4490\" data-element_type=\"container\" data-e-type=\"container\" data-settings=\"{&quot;background_background&quot;:&quot;classic&quot;}\">\n\t\t<div class=\"elementor-element elementor-element-72895f1 e-con-full e-flex e-con e-child\" data-id=\"72895f1\" data-element_type=\"container\" data-e-type=\"container\" data-settings=\"{&quot;background_background&quot;:&quot;classic&quot;}\">\n\t\t\t\t<\/div>\n\t\t<div class=\"elementor-element elementor-element-0ac362d e-con-full e-flex e-con e-child\" data-id=\"0ac362d\" data-element_type=\"container\" data-e-type=\"container\">\n\t\t<div class=\"elementor-element elementor-element-69c2c64 e-con-full e-flex e-con e-child\" data-id=\"69c2c64\" data-element_type=\"container\" data-e-type=\"container\" data-settings=\"{&quot;background_background&quot;:&quot;classic&quot;}\">\n\t\t\t\t<div class=\"elementor-element elementor-element-0140737 elementor-widget elementor-widget-post-info\" data-id=\"0140737\" data-element_type=\"widget\" data-e-type=\"widget\" data-widget_type=\"post-info.default\">\n\t\t\t\t<div class=\"elementor-widget-container\">\n\t\t\t\t\t\t\t<ul class=\"elementor-inline-items elementor-icon-list-items elementor-post-info\">\n\t\t\t\t\t\t\t\t<li class=\"elementor-icon-list-item elementor-repeater-item-5ae60b7 elementor-inline-item\" itemprop=\"about\">\n\t\t\t\t\t\t\t\t\t\t\t\t\t<span class=\"elementor-icon-list-text elementor-post-info__item elementor-post-info__item--type-terms\">\n\t\t\t\t\t\t\t\t\t\t<span class=\"elementor-post-info__terms-list\">\n\t\t\t\t<span class=\"elementor-post-info__terms-list-item\">Blog<\/span>\t\t\t\t<\/span>\n\t\t\t\t\t<\/span>\n\t\t\t\t\t\t\t\t<\/li>\n\t\t\t\t<\/ul>\n\t\t\t\t\t\t<\/div>\n\t\t\t\t<\/div>\n\t\t\t\t<\/div>\n\t\t\t\t<div class=\"elementor-element elementor-element-25835a0 elementor-widget elementor-widget-heading\" data-id=\"25835a0\" data-element_type=\"widget\" data-e-type=\"widget\" data-widget_type=\"heading.default\">\n\t\t\t\t<div class=\"elementor-widget-container\">\n\t\t\t\t\t<h1 class=\"elementor-heading-title elementor-size-default\">Mittelalterliche D\u00f6rfer in der Toskana<\/h1>\t\t\t\t<\/div>\n\t\t\t\t<\/div>\n\t\t\t\t<div class=\"elementor-element elementor-element-a6c65d9 elementor-widget elementor-widget-heading\" data-id=\"a6c65d9\" data-element_type=\"widget\" data-e-type=\"widget\" data-widget_type=\"heading.default\">\n\t\t\t\t<div class=\"elementor-widget-container\">\n\t\t\t\t\t<h2 class=\"elementor-heading-title elementor-size-default\">Besuchen Sie mit dem Hotel Marinetta die sch\u00f6nsten mittelalterlichen D\u00f6rfer der Toskana, erleben Sie Geschichte zwischen Gassen und Aussichten, buchen Sie Ihr Erlebnis jetzt.<\/h2>\t\t\t\t<\/div>\n\t\t\t\t<\/div>\n\t\t\t\t<\/div>\n\t\t\t\t<\/div>\n\t\t<div class=\"elementor-element elementor-element-36a403f e-flex e-con-boxed e-con e-parent\" data-id=\"36a403f\" data-element_type=\"container\" data-e-type=\"container\">\n\t\t\t\t\t<div class=\"e-con-inner\">\n\t\t<div class=\"elementor-element elementor-element-33c9c99 e-con-full e-flex e-con e-child\" data-id=\"33c9c99\" data-element_type=\"container\" data-e-type=\"container\">\n\t\t\t\t<div class=\"elementor-element elementor-element-a47878b elementor-widget elementor-widget-text-editor\" data-id=\"a47878b\" data-element_type=\"widget\" data-e-type=\"widget\" data-widget_type=\"text-editor.default\">\n\t\t\t\t<div class=\"elementor-widget-container\">\n\t\t\t\t\t\t\t\t\t<p>Die mittelalterlichen D\u00f6rfer, die sich an die H\u00fcgel schmiegen und reich an tausendj\u00e4hriger Geschichte sind, haben gepflasterte Stra\u00dfen, schmucke Kirchen, turmbewehrte Pal\u00e4ste, Pfarrkirchen und Burgen, die eine vergangene Zeit, die hier so nah scheint, wieder zum Leben erwecken. Zu ihren F\u00fc\u00dfen das Meer, die Seele der Etruskerk\u00fcste und stets pr\u00e4sent, lebt in der Geschichte dieses Gebiets, in seinen Landschaften, f\u00e4rbt die Sonnenunterg\u00e4nge und erf\u00fcllt die Luft mit seinem berauschenden Duft.<\/p>\n<p>Es ist ein lebendiges und vitales Meer, bev\u00f6lkert von einer kostbaren Fauna. Seine Str\u00e4nde gehen in Pinienw\u00e4lder und Linden- und Tamariskenhaine \u00fcber, deren D\u00fcfte sich mit dem Geruch des Salzes vermischen. Und die mediterrane Macchia mit ihren charakteristischen Tomboli reicht bis an den Strand und vereinigt sich fast mit dem kristallklaren Meer.<\/p>\n\t\t\t\t\t\t\t\t<\/div>\n\t\t\t\t<\/div>\n\t\t\t\t<div class=\"elementor-element elementor-element-521c170 elementor-widget-divider--view-line elementor-widget elementor-widget-divider\" data-id=\"521c170\" data-element_type=\"widget\" data-e-type=\"widget\" data-widget_type=\"divider.default\">\n\t\t\t\t<div class=\"elementor-widget-container\">\n\t\t\t\t\t\t\t<div class=\"elementor-divider\">\n\t\t\t<span class=\"elementor-divider-separator\">\n\t\t\t\t\t\t<\/span>\n\t\t<\/div>\n\t\t\t\t\t\t<\/div>\n\t\t\t\t<\/div>\n\t\t\t\t<\/div>\n\t\t\t\t\t<\/div>\n\t\t\t\t<\/div>\n\t\t<div class=\"elementor-element elementor-element-efe08e5 e-flex e-con-boxed e-con e-parent\" data-id=\"efe08e5\" data-element_type=\"container\" data-e-type=\"container\" data-settings=\"{&quot;background_background&quot;:&quot;classic&quot;}\">\n\t\t\t\t\t<div class=\"e-con-inner\">\n\t\t<div class=\"elementor-element elementor-element-6219165 e-con-full e-flex e-con e-child\" data-id=\"6219165\" data-element_type=\"container\" data-e-type=\"container\" data-settings=\"{&quot;background_background&quot;:&quot;classic&quot;}\">\n\t\t\t\t<\/div>\n\t\t<div class=\"elementor-element elementor-element-f9f65fc e-con-full e-flex e-con e-child\" data-id=\"f9f65fc\" data-element_type=\"container\" data-e-type=\"container\">\n\t\t\t\t<div class=\"elementor-element elementor-element-64270ba elementor-widget elementor-widget-heading\" data-id=\"64270ba\" data-element_type=\"widget\" data-e-type=\"widget\" data-widget_type=\"heading.default\">\n\t\t\t\t<div class=\"elementor-widget-container\">\n\t\t\t\t\t<h2 class=\"elementor-heading-title elementor-size-default\">Montescudaio<\/h2>\t\t\t\t<\/div>\n\t\t\t\t<\/div>\n\t\t\t\t<div class=\"elementor-element elementor-element-2bea2ea elementor-widget elementor-widget-text-editor\" data-id=\"2bea2ea\" data-element_type=\"widget\" data-e-type=\"widget\" data-widget_type=\"text-editor.default\">\n\t\t\t\t<div class=\"elementor-widget-container\">\n\t\t\t\t\t\t\t\t\t<p>Das Dorf Montescudaio liegt eingebettet in die \u00dcberreste seiner alten Stadtmauer. Spuren seiner mittelalterlichen Vergangenheit sind noch heute in den gepflasterten Gassen und den rustikalen H\u00e4usern sichtbar.<\/p>\n<p>Die Stadtmauern zeigen die alten T\u00fcrme, darunter den Torre Guardiola, von dem aus man einen herrlichen Blick auf das Val di Cecina genie\u00dft.<\/p>\n<p>Montescudaio geh\u00f6rt zum Nationalen Verband der Weinst\u00e4dte und verf\u00fcgt \u00fcber eine eigene DOC, die die Gemeinden des Val di Cecina mit Ausnahme von Volterra umfasst. 1968 wurde das Weinfest (erstes Oktoberwochenende) ins Leben gerufen, und 1977 erhielt der Wein die kontrollierte Ursprungsbezeichnung mit zwei Sorten: einem Rotwein auf Basis von Sangiovese, Trebbiano, Malvasia und anderen Sorten und einem Wei\u00dfwein auf Basis von Trebbiano, Malvasia und Vermentino, der auch als trockener, halbtrockener oder s\u00fc\u00dfer Vin Santo hergestellt werden kann.<\/p>\n<p>Montescudaio ist nicht nur die Stadt des Weins, sondern auch die Stadt des Brotes, des klassischen ungesalzenen toskanischen Brotes, das im Holzofen gebacken wird.<\/p>\n\t\t\t\t\t\t\t\t<\/div>\n\t\t\t\t<\/div>\n\t\t\t\t<\/div>\n\t\t\t\t\t<\/div>\n\t\t\t\t<\/div>\n\t\t<div class=\"elementor-element elementor-element-67ef1e1 e-flex e-con-boxed e-con e-parent\" data-id=\"67ef1e1\" data-element_type=\"container\" data-e-type=\"container\" data-settings=\"{&quot;background_background&quot;:&quot;classic&quot;}\">\n\t\t\t\t\t<div class=\"e-con-inner\">\n\t\t<div class=\"elementor-element elementor-element-4d78f94 e-con-full e-flex e-con e-child\" data-id=\"4d78f94\" data-element_type=\"container\" data-e-type=\"container\" data-settings=\"{&quot;background_background&quot;:&quot;classic&quot;}\">\n\t\t\t\t<\/div>\n\t\t<div class=\"elementor-element elementor-element-92a380c e-con-full e-flex e-con e-child\" data-id=\"92a380c\" data-element_type=\"container\" data-e-type=\"container\">\n\t\t\t\t<div class=\"elementor-element elementor-element-e3c4c29 elementor-widget elementor-widget-heading\" data-id=\"e3c4c29\" data-element_type=\"widget\" data-e-type=\"widget\" data-widget_type=\"heading.default\">\n\t\t\t\t<div class=\"elementor-widget-container\">\n\t\t\t\t\t<h2 class=\"elementor-heading-title elementor-size-default\">Guardistallo<\/h2>\t\t\t\t<\/div>\n\t\t\t\t<\/div>\n\t\t\t\t<div class=\"elementor-element elementor-element-341bc76 elementor-widget elementor-widget-text-editor\" data-id=\"341bc76\" data-element_type=\"widget\" data-e-type=\"widget\" data-widget_type=\"text-editor.default\">\n\t\t\t\t<div class=\"elementor-widget-container\">\n\t\t\t\t\t\t\t\t\t<p>Anfang des 20. Jahrhunderts wurden Gr\u00e4ber aus der Jungsteinzeit (3000\u20132000 v. Chr.) gefunden, die haupts\u00e4chlich \u00c4xte, Kupferdolche und Pfeilspitzen enthielten, was darauf hindeutet, dass das Gebiet bereits in pr\u00e4historischer Zeit bewohnt war. Die Funde werden im Guarnacci-Museum im nahegelegenen Volterra aufbewahrt. Der Ortsname Guardistallo wurde erstmals 1144 erw\u00e4hnt und leitet sich von den germanischen W\u00f6rtern warda (\u201eW\u00e4chter\u201c) und stall (\u201eOrt\u201c) ab, was wahrscheinlich \u201eWachplatz\u201c bedeutet. Die strategische Lage zwischen dem Meer und den gr\u00fcnen H\u00fcgeln macht Guardistallo zum idealen Ort f\u00fcr einen Urlaub, bei dem sich entspannte Tage am Meer mit Ausfl\u00fcgen ins Landesinnere in engem Kontakt mit der Natur abwechseln. Die Gegend wird besonders f\u00fcr ihr Oliven\u00f6l gesch\u00e4tzt, dem im Fr\u00fchling die Sagra della Crogiantina gewidmet ist, bei der das \u00d6l roh direkt auf Brot genossen wird. Guardistallo ist auch die Stadt der tausend Weihnachtskrippen, die in der Weihnachtszeit von den Einwohnern und Sch\u00fclern in der Altstadt aufgestellt werden.<\/p>\n\t\t\t\t\t\t\t\t<\/div>\n\t\t\t\t<\/div>\n\t\t\t\t<\/div>\n\t\t\t\t\t<\/div>\n\t\t\t\t<\/div>\n\t\t<div class=\"elementor-element elementor-element-0af3e58 e-flex e-con-boxed e-con e-parent\" data-id=\"0af3e58\" data-element_type=\"container\" data-e-type=\"container\" data-settings=\"{&quot;background_background&quot;:&quot;classic&quot;}\">\n\t\t\t\t\t<div class=\"e-con-inner\">\n\t\t<div class=\"elementor-element elementor-element-4e230a6 e-con-full e-flex e-con e-child\" data-id=\"4e230a6\" data-element_type=\"container\" data-e-type=\"container\" data-settings=\"{&quot;background_background&quot;:&quot;classic&quot;}\">\n\t\t\t\t<\/div>\n\t\t<div class=\"elementor-element elementor-element-fbfb0d5 e-con-full e-flex e-con e-child\" data-id=\"fbfb0d5\" data-element_type=\"container\" data-e-type=\"container\">\n\t\t\t\t<div class=\"elementor-element elementor-element-822a408 elementor-widget elementor-widget-heading\" data-id=\"822a408\" data-element_type=\"widget\" data-e-type=\"widget\" data-widget_type=\"heading.default\">\n\t\t\t\t<div class=\"elementor-widget-container\">\n\t\t\t\t\t<h2 class=\"elementor-heading-title elementor-size-default\">Casale Marittimo<\/h2>\t\t\t\t<\/div>\n\t\t\t\t<\/div>\n\t\t\t\t<div class=\"elementor-element elementor-element-181df6f elementor-widget elementor-widget-text-editor\" data-id=\"181df6f\" data-element_type=\"widget\" data-e-type=\"widget\" data-widget_type=\"text-editor.default\">\n\t\t\t\t<div class=\"elementor-widget-container\">\n\t\t\t\t\t\t\t\t\t<p>Casale Marittimo liegt auf einem H\u00fcgel oberhalb des Cecina-Tals. Das Meer ist nur 12 Kilometer entfernt, und die Inseln des Toskanischen Archipels sind von der K\u00fcste aus deutlich zu sehen. Rund um die Stadt und zwischen ihr und dem Meer erstreckt sich eine \u00fcppige Landwirtschaft, die Getreide, \u00d6l, Honig und einen erlesenen Wein, den DOC Montescudaio, hervorbringt. Die Stadt liegt an der Weinstra\u00dfe \u201eStrada del Vino Costa degli Etruschi\u201c, die die Geschichte einer Gegend erz\u00e4hlt, die von etruskisch-r\u00f6mischen Ruinen und mittelalterlichen D\u00f6rfern, bewaldeten H\u00fcgeln, bebauten Feldern und H\u00e4ngen gepr\u00e4gt ist \u2013 Landschaften, die das Gr\u00fcn der Vegetation mit dem Blau des Meeres verbinden und ein Angebot an nat\u00fcrlichen und schmackhaften Lebensmitteln bieten. In der Umgebung brachten j\u00fcngste arch\u00e4ologische Ausgrabungen die \u00dcberreste eines etruskischen Dorfes aus dem 7. Jahrhundert v. Chr. sowie die Nekropole von Casa Nocera, einen Komplex mit Grabst\u00e4tten etruskischer Kriegerf\u00fcrsten, ans Licht. Das mittelalterliche Dorf entstand um das Jahr 1000. Die Spuren seiner Geschichte sind im historischen Zentrum sichtbar, das mit seinen Steingeb\u00e4uden, der Burg (deren \u00dcberreste in das Stadtgef\u00fcge integriert sind) und der halbkreisf\u00f6rmigen Ringstruktur der aufeinanderfolgenden Mauern nahezu intakt geblieben ist. Es ist eine der St\u00e4dte im Val di Cecina, die den Grundriss der mittelalterlichen Burg am besten bewahrt haben. Das Erscheinungsbild des mittelalterlichen Dorfes ist gut erhalten, und das Bewusstsein f\u00fcr historische Werte hat dazu gef\u00fchrt, dass einige Modernisierungen aus den 1960er Jahren entfernt wurden, wie beispielsweise die Asphaltdecke der Stra\u00dfen, die 1989 entfernt wurde und das alte Sandsteinpflaster freilegte.<\/p>\n\t\t\t\t\t\t\t\t<\/div>\n\t\t\t\t<\/div>\n\t\t\t\t<\/div>\n\t\t\t\t\t<\/div>\n\t\t\t\t<\/div>\n\t\t<div class=\"elementor-element elementor-element-6454279 e-flex e-con-boxed e-con e-parent\" data-id=\"6454279\" data-element_type=\"container\" data-e-type=\"container\" data-settings=\"{&quot;background_background&quot;:&quot;classic&quot;}\">\n\t\t\t\t\t<div class=\"e-con-inner\">\n\t\t<div class=\"elementor-element elementor-element-593846c e-con-full e-flex e-con e-child\" data-id=\"593846c\" data-element_type=\"container\" data-e-type=\"container\" data-settings=\"{&quot;background_background&quot;:&quot;classic&quot;}\">\n\t\t\t\t<\/div>\n\t\t<div class=\"elementor-element elementor-element-13fdfa7 e-con-full e-flex e-con e-child\" data-id=\"13fdfa7\" data-element_type=\"container\" data-e-type=\"container\">\n\t\t\t\t<div class=\"elementor-element elementor-element-8359af6 elementor-widget elementor-widget-heading\" data-id=\"8359af6\" data-element_type=\"widget\" data-e-type=\"widget\" data-widget_type=\"heading.default\">\n\t\t\t\t<div class=\"elementor-widget-container\">\n\t\t\t\t\t<h2 class=\"elementor-heading-title elementor-size-default\">Montenero<\/h2>\t\t\t\t<\/div>\n\t\t\t\t<\/div>\n\t\t\t\t<div class=\"elementor-element elementor-element-19e8604 elementor-widget elementor-widget-text-editor\" data-id=\"19e8604\" data-element_type=\"widget\" data-e-type=\"widget\" data-widget_type=\"text-editor.default\">\n\t\t\t\t<div class=\"elementor-widget-container\">\n\t\t\t\t\t\t\t\t\t<p>Auf einem H\u00fcgel mit Blick auf das Meer und den Hafen von Livorno gelegen, ist es einer der ber\u00fchmtesten Orte der Toskana, insbesondere aufgrund seines ber\u00fchmten Heiligtums, das der Madonna delle Grazie gewidmet ist. Der Legende nach fand ein verkr\u00fcppelter Hirte um 1345 ein wundert\u00e4tiges Bild, das darum bat, auf den H\u00fcgel von Montenero gebracht zu werden. Als der Hirte die Stimme h\u00f6rte, tat er, was ihm aufgetragen wurde, und als er den Gipfel des H\u00fcgels erreichte, war er geheilt. Seitdem ist dieses Bild der Madonna f\u00fcr alle, die sich ihm zuwenden, eine Quelle der Verehrung und Gnade. Das dort entstandene Heiligtum ist Ziel zahlreicher Pilgerfahrten und Besuche. Dem Betrachter er\u00f6ffnen sich bezaubernde Ausblicke. Von hier aus schweift der Blick zum Meloria-Felsen, der f\u00fcr den Verrat des Grafen Ugolino (1284) und die ber\u00fchmte Schlacht zwischen Genua und Pisa bekannt ist, aber auch zur Ebene von Livorno mit seinem Hafen und dem von Pisa. Im S\u00fcden kann man die Inseln Elba, Korsika und Sardinien sehen: Die Sonnenunterg\u00e4nge sind wundersch\u00f6n. Der Name \u201eMontenero\u201c geht auf einen alten Ruf zur\u00fcck, der besagte, dass dieser Ort ein dunkler Berg sei, vielleicht weil er von schroffen Bergr\u00fccken bedeckt und von Banditen heimgesucht wurde, die hier aller Wahrscheinlichkeit nach auf die Ankunft der Schiffe warteten, um anzugreifen.<\/p>\n\t\t\t\t\t\t\t\t<\/div>\n\t\t\t\t<\/div>\n\t\t\t\t<\/div>\n\t\t\t\t\t<\/div>\n\t\t\t\t<\/div>\n\t\t<div class=\"elementor-element elementor-element-1ad2f67 e-flex e-con-boxed e-con e-parent\" data-id=\"1ad2f67\" data-element_type=\"container\" data-e-type=\"container\" data-settings=\"{&quot;background_background&quot;:&quot;classic&quot;}\">\n\t\t\t\t\t<div class=\"e-con-inner\">\n\t\t<div class=\"elementor-element elementor-element-03963a5 e-con-full e-flex e-con e-child\" data-id=\"03963a5\" data-element_type=\"container\" data-e-type=\"container\" data-settings=\"{&quot;background_background&quot;:&quot;classic&quot;}\">\n\t\t\t\t<\/div>\n\t\t<div class=\"elementor-element elementor-element-dc0e12a e-con-full e-flex e-con e-child\" data-id=\"dc0e12a\" data-element_type=\"container\" data-e-type=\"container\">\n\t\t\t\t<div class=\"elementor-element elementor-element-c5b64d2 elementor-widget elementor-widget-heading\" data-id=\"c5b64d2\" data-element_type=\"widget\" data-e-type=\"widget\" data-widget_type=\"heading.default\">\n\t\t\t\t<div class=\"elementor-widget-container\">\n\t\t\t\t\t<h2 class=\"elementor-heading-title elementor-size-default\">Bibbona<\/h2>\t\t\t\t<\/div>\n\t\t\t\t<\/div>\n\t\t\t\t<div class=\"elementor-element elementor-element-341f376 elementor-widget elementor-widget-text-editor\" data-id=\"341f376\" data-element_type=\"widget\" data-e-type=\"widget\" data-widget_type=\"text-editor.default\">\n\t\t\t\t<div class=\"elementor-widget-container\">\n\t\t\t\t\t\t\t\t\t<p>Eingebettet in eine nat\u00fcrliche Umgebung von seltener Sch\u00f6nheit, besitzt Bibbona den Charme eines alten mittelalterlichen Dorfes, eingebettet in das Gr\u00fcn der W\u00e4lder und der Landschaft.<br \/>Es bewahrt die architektonische Struktur der alten bewohnten Festung. Im historischen Zentrum, wo sich charakteristische mittelalterliche Gassen und Pl\u00e4tze kreuzen, ist die Pieve di San Ilario aus dem 11. Jahrhundert mit ihrer urspr\u00fcnglichen Trapezform aufgrund ihrer Sch\u00f6nheit von besonderem Interesse.<br \/>Man sagt, Bibbona sei eine der st\u00e4rksten Burgen der Maremma gewesen, umgeben von Mauern mit T\u00fcrmen und gesch\u00fctzt durch einen tiefen Wassergraben.<br \/>So pr\u00e4sentiert es sich, wenn man das Labyrinth mittelalterlicher Gassen betritt, in dem Geb\u00e4udetypen aus verschiedenen Epochen und die Kirche San Ilario aus dem 11. Jahrhundert auftauchen.<br \/>Bibbona ist ein bevorzugtes Ziel f\u00fcr Radtourismus, sowohl auf der Stra\u00dfe als auch mit dem Mountainbike. Der Champion Paolo Bettini wurde hier geboren und lebt hier, und der \u201eGran Fondo Costa degli Etruschi\u201c findet hier statt.<\/p>\n\t\t\t\t\t\t\t\t<\/div>\n\t\t\t\t<\/div>\n\t\t\t\t<\/div>\n\t\t\t\t\t<\/div>\n\t\t\t\t<\/div>\n\t\t<div class=\"elementor-element elementor-element-44dee14 e-flex e-con-boxed e-con e-parent\" data-id=\"44dee14\" data-element_type=\"container\" data-e-type=\"container\" data-settings=\"{&quot;background_background&quot;:&quot;classic&quot;}\">\n\t\t\t\t\t<div class=\"e-con-inner\">\n\t\t<div class=\"elementor-element elementor-element-c356b8a e-con-full e-flex e-con e-child\" data-id=\"c356b8a\" data-element_type=\"container\" data-e-type=\"container\" data-settings=\"{&quot;background_background&quot;:&quot;classic&quot;}\">\n\t\t\t\t<\/div>\n\t\t<div class=\"elementor-element elementor-element-0e2b326 e-con-full e-flex e-con e-child\" data-id=\"0e2b326\" data-element_type=\"container\" data-e-type=\"container\">\n\t\t\t\t<div class=\"elementor-element elementor-element-7d32de3 elementor-widget elementor-widget-heading\" data-id=\"7d32de3\" data-element_type=\"widget\" data-e-type=\"widget\" data-widget_type=\"heading.default\">\n\t\t\t\t<div class=\"elementor-widget-container\">\n\t\t\t\t\t<h2 class=\"elementor-heading-title elementor-size-default\">Bolgheri<\/h2>\t\t\t\t<\/div>\n\t\t\t\t<\/div>\n\t\t\t\t<div class=\"elementor-element elementor-element-9da8d57 elementor-widget elementor-widget-text-editor\" data-id=\"9da8d57\" data-element_type=\"widget\" data-e-type=\"widget\" data-widget_type=\"text-editor.default\">\n\t\t\t\t<div class=\"elementor-widget-container\">\n\t\t\t\t\t\t\t\t\t<p>Verewigt durch die Verse von Giosu\u00e8 Carducci in dem Gedicht \u201eDavanti a San Guido\u201c: \u201eIch zipressiere hoch oben in Bolgheri und schietti van da San Guido in doppelten Filaren\u2026\u201c, verstr\u00f6mt dieses alte Dorf einen einzigartigen Charme.<br \/>Nur einen Steinwurf vom Meer entfernt, eingebettet in eine Landschaft voller Weinreben und Olivenb\u00e4ume, besticht das St\u00e4dtchen mit seiner beispielhaften architektonischen Harmonie durch die rote Backsteinburg, von der aus man ins Dorf gelangt, gepflasterte Gassen und alte, mit Geranien geschm\u00fcckte Steingeb\u00e4ude.<br \/>Goldene Sonnenunterg\u00e4nge und Schwalbenfl\u00fcge beleben den Himmel.<br \/>Kunsthandwerksbetriebe, Weinhandlungen, Tavernen und bekannte Restaurants bieten typische Produkte und die gastronomische Tradition dieses Landes an, begleitet von den herrlichen Weinen der DOC Bolgheri.<\/p>\n\t\t\t\t\t\t\t\t<\/div>\n\t\t\t\t<\/div>\n\t\t\t\t<\/div>\n\t\t\t\t\t<\/div>\n\t\t\t\t<\/div>\n\t\t<div class=\"elementor-element elementor-element-cf389b4 e-flex e-con-boxed e-con e-parent\" data-id=\"cf389b4\" data-element_type=\"container\" data-e-type=\"container\" data-settings=\"{&quot;background_background&quot;:&quot;classic&quot;}\">\n\t\t\t\t\t<div class=\"e-con-inner\">\n\t\t<div class=\"elementor-element elementor-element-7f51f13 e-con-full e-flex e-con e-child\" data-id=\"7f51f13\" data-element_type=\"container\" data-e-type=\"container\" data-settings=\"{&quot;background_background&quot;:&quot;classic&quot;}\">\n\t\t\t\t<\/div>\n\t\t<div class=\"elementor-element elementor-element-0b582cb e-con-full e-flex e-con e-child\" data-id=\"0b582cb\" data-element_type=\"container\" data-e-type=\"container\">\n\t\t\t\t<div class=\"elementor-element elementor-element-6700a6d elementor-widget elementor-widget-heading\" data-id=\"6700a6d\" data-element_type=\"widget\" data-e-type=\"widget\" data-widget_type=\"heading.default\">\n\t\t\t\t<div class=\"elementor-widget-container\">\n\t\t\t\t\t<h2 class=\"elementor-heading-title elementor-size-default\">Castagneto Carducci<\/h2>\t\t\t\t<\/div>\n\t\t\t\t<\/div>\n\t\t\t\t<div class=\"elementor-element elementor-element-bb39723 elementor-widget elementor-widget-text-editor\" data-id=\"bb39723\" data-element_type=\"widget\" data-e-type=\"widget\" data-widget_type=\"text-editor.default\">\n\t\t\t\t<div class=\"elementor-widget-container\">\n\t\t\t\t\t\t\t\t\t<p>Eingebettet in eine nat\u00fcrliche Umgebung von seltener Sch\u00f6nheit, besitzt Bibbona den Charme eines alten mittelalterlichen Dorfes, eingebettet in das Gr\u00fcn der W\u00e4lder und der Landschaft.<br \/>Es bewahrt die architektonische Struktur der alten bewohnten Festung. Im historischen Zentrum, wo sich charakteristische mittelalterliche Gassen und Pl\u00e4tze kreuzen, ist die Pieve di San Ilario aus dem 11. Jahrhundert mit ihrer urspr\u00fcnglichen Trapezform aufgrund ihrer Sch\u00f6nheit von besonderem Interesse.<br \/>Man sagt, Bibbona sei eine der st\u00e4rksten Burgen der Maremma gewesen, umgeben von Mauern mit T\u00fcrmen und gesch\u00fctzt durch einen tiefen Wassergraben.<br \/>So pr\u00e4sentiert es sich, wenn man das Labyrinth mittelalterlicher Gassen betritt, in dem Geb\u00e4udetypen aus verschiedenen Epochen und die Kirche San Ilario aus dem 11. Jahrhundert auftauchen.<br \/>Bibbona ist ein bevorzugtes Ziel f\u00fcr Radtourismus, sowohl auf der Stra\u00dfe als auch mit dem Mountainbike. Der Champion Paolo Bettini wurde hier geboren und lebt hier, und der \u201eGran Fondo Costa degli Etruschi\u201c findet hier statt.<\/p>\n\t\t\t\t\t\t\t\t<\/div>\n\t\t\t\t<\/div>\n\t\t\t\t<\/div>\n\t\t\t\t\t<\/div>\n\t\t\t\t<\/div>\n\t\t<div class=\"elementor-element elementor-element-a097153 e-flex e-con-boxed e-con e-parent\" data-id=\"a097153\" data-element_type=\"container\" data-e-type=\"container\" data-settings=\"{&quot;background_background&quot;:&quot;classic&quot;}\">\n\t\t\t\t\t<div class=\"e-con-inner\">\n\t\t<div class=\"elementor-element elementor-element-7feb1b6 e-con-full e-flex e-con e-child\" data-id=\"7feb1b6\" data-element_type=\"container\" data-e-type=\"container\" data-settings=\"{&quot;background_background&quot;:&quot;classic&quot;}\">\n\t\t\t\t<\/div>\n\t\t<div class=\"elementor-element elementor-element-7f4d8ea e-con-full e-flex e-con e-child\" data-id=\"7f4d8ea\" data-element_type=\"container\" data-e-type=\"container\">\n\t\t\t\t<div class=\"elementor-element elementor-element-ffc9dfb elementor-widget elementor-widget-heading\" data-id=\"ffc9dfb\" data-element_type=\"widget\" data-e-type=\"widget\" data-widget_type=\"heading.default\">\n\t\t\t\t<div class=\"elementor-widget-container\">\n\t\t\t\t\t<h2 class=\"elementor-heading-title elementor-size-default\">Sassetta<\/h2>\t\t\t\t<\/div>\n\t\t\t\t<\/div>\n\t\t\t\t<div class=\"elementor-element elementor-element-2176e1f elementor-widget elementor-widget-text-editor\" data-id=\"2176e1f\" data-element_type=\"widget\" data-e-type=\"widget\" data-widget_type=\"text-editor.default\">\n\t\t\t\t<div class=\"elementor-widget-container\">\n\t\t\t\t\t\t\t\t\t<p>Sassetta, ein kleines und charmantes historisches Dorf an der Etruskerk\u00fcste mit einer alten mittelalterlichen Burg, bewahrt Zeugnisse seiner Vergangenheit, wie beispielsweise den Palast der Familie Ramirez di Montalvo.<br \/>In den gr\u00fcnen W\u00e4ldern, reich an Wanderwegen und Pfaden zum Wandern, Radfahren und Reiten, florieren der Agrotourismus und der Verkauf typischer Produkte. K\u00f6stliche und unverf\u00e4lschte Gerichte, begleitet von den hervorragenden Weinen der Etruskerk\u00fcste, pr\u00e4gen die Gastronomie von Sassetta, die bei den Herbstfesten im Mittelpunkt steht.<br \/>Die Stadt ist einer der wichtigsten Produzenten von Bruy\u00e8reholz, dem Holz, das zur Herstellung von Pfeifen ben\u00f6tigt wird. Das f\u00fcr die Herstellung von Skizzen und Tellern verwendete Bruy\u00e8reholz stammt ausschlie\u00dflich aus Italien und wird aus sorgf\u00e4ltig ausgew\u00e4hlten H\u00f6lzern hochwertiger St\u00e4mme gewonnen.<\/p>\n\t\t\t\t\t\t\t\t<\/div>\n\t\t\t\t<\/div>\n\t\t\t\t<\/div>\n\t\t\t\t\t<\/div>\n\t\t\t\t<\/div>\n\t\t<div class=\"elementor-element elementor-element-e06b661 e-flex e-con-boxed e-con e-parent\" data-id=\"e06b661\" data-element_type=\"container\" data-e-type=\"container\" data-settings=\"{&quot;background_background&quot;:&quot;classic&quot;}\">\n\t\t\t\t\t<div class=\"e-con-inner\">\n\t\t<div class=\"elementor-element elementor-element-968e994 e-con-full e-flex e-con e-child\" data-id=\"968e994\" data-element_type=\"container\" data-e-type=\"container\" data-settings=\"{&quot;background_background&quot;:&quot;classic&quot;}\">\n\t\t\t\t<\/div>\n\t\t<div class=\"elementor-element elementor-element-99365ae e-con-full e-flex e-con e-child\" data-id=\"99365ae\" data-element_type=\"container\" data-e-type=\"container\">\n\t\t\t\t<div class=\"elementor-element elementor-element-27e9574 elementor-widget elementor-widget-heading\" data-id=\"27e9574\" data-element_type=\"widget\" data-e-type=\"widget\" data-widget_type=\"heading.default\">\n\t\t\t\t<div class=\"elementor-widget-container\">\n\t\t\t\t\t<h2 class=\"elementor-heading-title elementor-size-default\">Suvereto<\/h2>\t\t\t\t<\/div>\n\t\t\t\t<\/div>\n\t\t\t\t<div class=\"elementor-element elementor-element-22c5145 elementor-widget elementor-widget-text-editor\" data-id=\"22c5145\" data-element_type=\"widget\" data-e-type=\"widget\" data-widget_type=\"text-editor.default\">\n\t\t\t\t<div class=\"elementor-widget-container\">\n\t\t\t\t\t\t\t\t\t<p>Suvereto, ein pr\u00e4chtiges mittelalterliches Dorf, dessen Urspr\u00fcnge bis vor das Jahr 1000 zur\u00fcckreichen, liegt an den H\u00e4ngen der H\u00fcgel mit Blick auf das Meer und die Etruskerk\u00fcste, im gr\u00fcnen Tal des Cornia, reich an Geschichte und Kunst. Es ist ein wahres Juwel.<br \/>Innerhalb der alten Mauern umschlie\u00dft die Stadt gepflasterte Gassen mit Blick auf Steinh\u00e4user, historische Geb\u00e4ude, eindrucksvolle Kirchen und schattige Kreuzg\u00e4nge.<br \/>Die alten Traditionen Suveretos leben in den seit Generationen \u00fcberlieferten Handwerken weiter. Die Arbeit im Wald, auf dem Land und bei den Handwerkern zeugt von einer jahrhundertealten Geschichte des Engagements und der Forschung: K\u00f6hler, Korker, Zimmerleute, Schmiede, Strohflechter, B\u00e4cker: eine reiche Handwerkstradition, die sich heute vor allem in der Eisen- und Holzverarbeitung widerspiegelt.<br \/>Eine f\u00fcnfeckige Mauer mit acht T\u00fcrmen umschlie\u00dft das pr\u00e4chtige historische Zentrum von Suvereto. Die Rocca, einst die Garnison der Burg, steht auf dem H\u00fcgel \u00fcber der Stadt.<\/p>\n\t\t\t\t\t\t\t\t<\/div>\n\t\t\t\t<\/div>\n\t\t\t\t<\/div>\n\t\t\t\t\t<\/div>\n\t\t\t\t<\/div>\n\t\t<div class=\"elementor-element elementor-element-2f96a66 e-flex e-con-boxed e-con e-parent\" data-id=\"2f96a66\" data-element_type=\"container\" data-e-type=\"container\">\n\t\t\t\t\t<div class=\"e-con-inner\">\n\t\t\t\t<div class=\"elementor-element elementor-element-4036687 elementor-widget elementor-widget-template\" data-id=\"4036687\" data-element_type=\"widget\" data-e-type=\"widget\" data-widget_type=\"template.default\">\n\t\t\t\t<div class=\"elementor-widget-container\">\n\t\t\t\t\t\t\t<div class=\"elementor-template\">\n\t\t\t\t\t<div data-elementor-type=\"container\" data-elementor-id=\"8043\" class=\"elementor elementor-8043 elementor-3036 elementor-3036\" data-elementor-post-type=\"elementor_library\">\n\t\t\t\t<div class=\"elementor-element elementor-element-2c920f57 e-flex e-con-boxed e-con e-parent\" data-id=\"2c920f57\" data-element_type=\"container\" data-e-type=\"container\" data-settings=\"{&quot;background_background&quot;:&quot;classic&quot;}\">\n\t\t\t\t\t<div class=\"e-con-inner\">\n\t\t\t\t<div class=\"elementor-element elementor-element-53510f33 elementor-widget elementor-widget-heading\" data-id=\"53510f33\" data-element_type=\"widget\" data-e-type=\"widget\" data-widget_type=\"heading.default\">\n\t\t\t\t<div class=\"elementor-widget-container\">\n\t\t\t\t\t<h2 class=\"elementor-heading-title elementor-size-default\">Das k\u00f6nnte Ihnen auch gefallen<\/h2>\t\t\t\t<\/div>\n\t\t\t\t<\/div>\n\t\t\t\t<div class=\"elementor-element elementor-element-cee16cc elementor-grid-4 elementor-grid-tablet-2 elementor-grid-mobile-1 elementor-posts--thumbnail-top elementor-widget elementor-widget-posts\" data-id=\"cee16cc\" data-element_type=\"widget\" data-e-type=\"widget\" data-settings=\"{&quot;classic_columns&quot;:&quot;4&quot;,&quot;classic_columns_tablet&quot;:&quot;2&quot;,&quot;classic_columns_mobile&quot;:&quot;1&quot;,&quot;classic_row_gap&quot;:{&quot;unit&quot;:&quot;px&quot;,&quot;size&quot;:35,&quot;sizes&quot;:[]},&quot;classic_row_gap_tablet&quot;:{&quot;unit&quot;:&quot;px&quot;,&quot;size&quot;:&quot;&quot;,&quot;sizes&quot;:[]},&quot;classic_row_gap_mobile&quot;:{&quot;unit&quot;:&quot;px&quot;,&quot;size&quot;:&quot;&quot;,&quot;sizes&quot;:[]}}\" data-widget_type=\"posts.classic\">\n\t\t\t\t<div class=\"elementor-widget-container\">\n\t\t\t\t\t\t\t<div class=\"elementor-posts-container elementor-posts elementor-posts--skin-classic elementor-grid\" role=\"list\">\n\t\t\t\t<article class=\"elementor-post elementor-grid-item post-6390 post type-post status-publish format-standard has-post-thumbnail hentry category-blog\" role=\"listitem\">\n\t\t\t\t<a class=\"elementor-post__thumbnail__link\" href=\"https:\/\/hotelmarinetta.it\/de\/blog\/beste-stadte-toskana\/\" tabindex=\"-1\" >\n\t\t\t<div class=\"elementor-post__thumbnail\"><img fetchpriority=\"high\" decoding=\"async\" data-src=\"https:\/\/hotelmarinetta.it\/wp-content\/uploads\/2025\/07\/Pisa-01-768x512.jpg\" width=\"768\" height=\"512\" src=\"data:image\/gif;base64,R0lGODlhAQABAIAAAAAAAP\/\/\/yH5BAEAAAAALAAAAAABAAEAAAIBRAA7\" class=\"attachment-medium_large size-medium_large wp-image-6329 lazyload\" alt=\"Pisa\" \/><noscript><img decoding=\"async\" width=\"768\" height=\"512\" src=\"https:\/\/hotelmarinetta.it\/wp-content\/uploads\/2025\/07\/Pisa-01-768x512.jpg\" class=\"attachment-medium_large size-medium_large wp-image-6329\" alt=\"Pisa\" srcset=\"https:\/\/hotelmarinetta.it\/wp-content\/uploads\/2025\/07\/Pisa-01-768x512.jpg 768w, https:\/\/hotelmarinetta.it\/wp-content\/uploads\/2025\/07\/Pisa-01-300x200.jpg 300w, https:\/\/hotelmarinetta.it\/wp-content\/uploads\/2025\/07\/Pisa-01-1024x683.jpg 1024w, https:\/\/hotelmarinetta.it\/wp-content\/uploads\/2025\/07\/Pisa-01.jpg 1440w\" sizes=\"(max-width: 768px) 100vw, 768px\" \/><\/noscript><\/div>\n\t\t<\/a>\n\t\t\t\t<div class=\"elementor-post__text\">\n\t\t\t\t<h3 class=\"elementor-post__title\">\n\t\t\t<a href=\"https:\/\/hotelmarinetta.it\/de\/blog\/beste-stadte-toskana\/\" >\n\t\t\t\tDie besten St\u00e4dte in der Toskana\t\t\t<\/a>\n\t\t<\/h3>\n\t\t\t\t<div class=\"elementor-post__excerpt\">\n\t\t\t<p>Entdecken Sie mit dem Hotel Marinetta die sch\u00f6nsten St\u00e4dte der Toskana. Kunst, Kultur und Geschichte erwarten Sie.<\/p>\n\t\t<\/div>\n\t\t\t\t<\/div>\n\t\t\t\t<\/article>\n\t\t\t\t<article class=\"elementor-post elementor-grid-item post-6223 post type-post status-publish format-standard has-post-thumbnail hentry category-blog\" role=\"listitem\">\n\t\t\t\t<a class=\"elementor-post__thumbnail__link\" href=\"https:\/\/hotelmarinetta.it\/de\/blog\/die-macchia-della-magona\/\" tabindex=\"-1\" >\n\t\t\t<div class=\"elementor-post__thumbnail\"><img decoding=\"async\" data-src=\"https:\/\/hotelmarinetta.it\/wp-content\/uploads\/2025\/07\/Macchia-Magona-768x512.jpg\" width=\"768\" height=\"512\" src=\"data:image\/gif;base64,R0lGODlhAQABAIAAAAAAAP\/\/\/yH5BAEAAAAALAAAAAABAAEAAAIBRAA7\" class=\"attachment-medium_large size-medium_large wp-image-6216 lazyload\" alt=\"Macchia Magona\" \/><noscript><img loading=\"lazy\" decoding=\"async\" width=\"768\" height=\"512\" src=\"https:\/\/hotelmarinetta.it\/wp-content\/uploads\/2025\/07\/Macchia-Magona-768x512.jpg\" class=\"attachment-medium_large size-medium_large wp-image-6216\" alt=\"Macchia Magona\" srcset=\"https:\/\/hotelmarinetta.it\/wp-content\/uploads\/2025\/07\/Macchia-Magona-768x512.jpg 768w, https:\/\/hotelmarinetta.it\/wp-content\/uploads\/2025\/07\/Macchia-Magona-300x200.jpg 300w, https:\/\/hotelmarinetta.it\/wp-content\/uploads\/2025\/07\/Macchia-Magona-1024x683.jpg 1024w, https:\/\/hotelmarinetta.it\/wp-content\/uploads\/2025\/07\/Macchia-Magona.jpg 1152w\" sizes=\"(max-width: 768px) 100vw, 768px\" \/><\/noscript><\/div>\n\t\t<\/a>\n\t\t\t\t<div class=\"elementor-post__text\">\n\t\t\t\t<h3 class=\"elementor-post__title\">\n\t\t\t<a href=\"https:\/\/hotelmarinetta.it\/de\/blog\/die-macchia-della-magona\/\" >\n\t\t\t\tMacchia Della Magona: F\u00fchrer zum Reservat\t\t\t<\/a>\n\t\t<\/h3>\n\t\t\t\t<div class=\"elementor-post__excerpt\">\n\t\t\t<p>Erkunden Sie das Naturschutzgebiet Macchia della Magona mit einem F\u00fchrer des Hotels Marinetta; unber\u00fchrte Natur und Ausblicke erwarten Sie.<\/p>\n\t\t<\/div>\n\t\t\t\t<\/div>\n\t\t\t\t<\/article>\n\t\t\t\t<article class=\"elementor-post elementor-grid-item post-6394 post type-post status-publish format-standard has-post-thumbnail hentry category-blog\" role=\"listitem\">\n\t\t\t\t<a class=\"elementor-post__thumbnail__link\" href=\"https:\/\/hotelmarinetta.it\/de\/blog\/mittelalterliche-dorfer-toskana\/\" tabindex=\"-1\" >\n\t\t\t<div class=\"elementor-post__thumbnail\"><img loading=\"lazy\" decoding=\"async\" data-src=\"https:\/\/hotelmarinetta.it\/wp-content\/uploads\/2025\/07\/Costa-Etruschi-Borghi-768x512.jpg\" width=\"768\" height=\"512\" src=\"data:image\/gif;base64,R0lGODlhAQABAIAAAAAAAP\/\/\/yH5BAEAAAAALAAAAAABAAEAAAIBRAA7\" class=\"attachment-medium_large size-medium_large wp-image-6079 lazyload\" alt=\"Borghi\" \/><noscript><img loading=\"lazy\" decoding=\"async\" width=\"768\" height=\"512\" src=\"https:\/\/hotelmarinetta.it\/wp-content\/uploads\/2025\/07\/Costa-Etruschi-Borghi-768x512.jpg\" class=\"attachment-medium_large size-medium_large wp-image-6079\" alt=\"Borghi\" srcset=\"https:\/\/hotelmarinetta.it\/wp-content\/uploads\/2025\/07\/Costa-Etruschi-Borghi-768x512.jpg 768w, https:\/\/hotelmarinetta.it\/wp-content\/uploads\/2025\/07\/Costa-Etruschi-Borghi-300x200.jpg 300w, https:\/\/hotelmarinetta.it\/wp-content\/uploads\/2025\/07\/Costa-Etruschi-Borghi.jpg 1024w\" sizes=\"(max-width: 768px) 100vw, 768px\" \/><\/noscript><\/div>\n\t\t<\/a>\n\t\t\t\t<div class=\"elementor-post__text\">\n\t\t\t\t<h3 class=\"elementor-post__title\">\n\t\t\t<a href=\"https:\/\/hotelmarinetta.it\/de\/blog\/mittelalterliche-dorfer-toskana\/\" >\n\t\t\t\tMittelalterliche D\u00f6rfer in der Toskana\t\t\t<\/a>\n\t\t<\/h3>\n\t\t\t\t<div class=\"elementor-post__excerpt\">\n\t\t\t<p>Besuchen Sie mit dem Hotel Marinetta die sch\u00f6nsten mittelalterlichen D\u00f6rfer der Toskana, erleben Sie Geschichte zwischen Gassen und Aussichten, buchen Sie Ihr Erlebnis jetzt.<\/p>\n\t\t<\/div>\n\t\t\t\t<\/div>\n\t\t\t\t<\/article>\n\t\t\t\t<article class=\"elementor-post elementor-grid-item post-6091 post type-post status-publish format-standard has-post-thumbnail hentry category-blog\" role=\"listitem\">\n\t\t\t\t<a class=\"elementor-post__thumbnail__link\" href=\"https:\/\/hotelmarinetta.it\/de\/blog\/beste-etruskischen-kuste\/\" tabindex=\"-1\" >\n\t\t\t<div class=\"elementor-post__thumbnail\"><img loading=\"lazy\" decoding=\"async\" data-src=\"https:\/\/hotelmarinetta.it\/wp-content\/uploads\/2025\/07\/Hd-CostaEtruschi-768x432.jpg\" width=\"768\" height=\"432\" src=\"data:image\/gif;base64,R0lGODlhAQABAIAAAAAAAP\/\/\/yH5BAEAAAAALAAAAAABAAEAAAIBRAA7\" class=\"attachment-medium_large size-medium_large wp-image-6087 lazyload\" alt=\"Costa Etruschi\" \/><noscript><img loading=\"lazy\" decoding=\"async\" width=\"768\" height=\"432\" src=\"https:\/\/hotelmarinetta.it\/wp-content\/uploads\/2025\/07\/Hd-CostaEtruschi-768x432.jpg\" class=\"attachment-medium_large size-medium_large wp-image-6087\" alt=\"Costa Etruschi\" srcset=\"https:\/\/hotelmarinetta.it\/wp-content\/uploads\/2025\/07\/Hd-CostaEtruschi-768x432.jpg 768w, https:\/\/hotelmarinetta.it\/wp-content\/uploads\/2025\/07\/Hd-CostaEtruschi-300x169.jpg 300w, https:\/\/hotelmarinetta.it\/wp-content\/uploads\/2025\/07\/Hd-CostaEtruschi-1024x576.jpg 1024w, https:\/\/hotelmarinetta.it\/wp-content\/uploads\/2025\/07\/Hd-CostaEtruschi.jpg 1366w\" sizes=\"(max-width: 768px) 100vw, 768px\" \/><\/noscript><\/div>\n\t\t<\/a>\n\t\t\t\t<div class=\"elementor-post__text\">\n\t\t\t\t<h3 class=\"elementor-post__title\">\n\t\t\t<a href=\"https:\/\/hotelmarinetta.it\/de\/blog\/beste-etruskischen-kuste\/\" >\n\t\t\t\tDie beste Etruskische K\u00fcste Entdecken\t\t\t<\/a>\n\t\t<\/h3>\n\t\t\t\t<div class=\"elementor-post__excerpt\">\n\t\t\t<p>Entdecken Sie die sch\u00f6nste etruskische K\u00fcste mit atemberaubenden Ausblicken, Geschichte und Natur, jetzt entdecken.<\/p>\n\t\t<\/div>\n\t\t\t\t<\/div>\n\t\t\t\t<\/article>\n\t\t\t\t<article class=\"elementor-post elementor-grid-item post-6995 post type-post status-publish format-standard has-post-thumbnail hentry category-blog\" role=\"listitem\">\n\t\t\t\t<a class=\"elementor-post__thumbnail__link\" href=\"https:\/\/hotelmarinetta.it\/de\/blog\/sehenswurdigkeiten-lucca-und-lucca-comics\/\" tabindex=\"-1\" >\n\t\t\t<div class=\"elementor-post__thumbnail\"><img loading=\"lazy\" decoding=\"async\" data-src=\"https:\/\/hotelmarinetta.it\/wp-content\/uploads\/2025\/07\/Hd-Lucca-768x432.jpg\" width=\"768\" height=\"432\" src=\"data:image\/gif;base64,R0lGODlhAQABAIAAAAAAAP\/\/\/yH5BAEAAAAALAAAAAABAAEAAAIBRAA7\" class=\"attachment-medium_large size-medium_large wp-image-6030 lazyload\" alt=\"Lucca\" \/><noscript><img loading=\"lazy\" decoding=\"async\" width=\"768\" height=\"432\" src=\"https:\/\/hotelmarinetta.it\/wp-content\/uploads\/2025\/07\/Hd-Lucca-768x432.jpg\" class=\"attachment-medium_large size-medium_large wp-image-6030\" alt=\"Lucca\" srcset=\"https:\/\/hotelmarinetta.it\/wp-content\/uploads\/2025\/07\/Hd-Lucca-768x432.jpg 768w, https:\/\/hotelmarinetta.it\/wp-content\/uploads\/2025\/07\/Hd-Lucca-300x169.jpg 300w, https:\/\/hotelmarinetta.it\/wp-content\/uploads\/2025\/07\/Hd-Lucca-1024x576.jpg 1024w, https:\/\/hotelmarinetta.it\/wp-content\/uploads\/2025\/07\/Hd-Lucca.jpg 1366w\" sizes=\"(max-width: 768px) 100vw, 768px\" \/><\/noscript><\/div>\n\t\t<\/a>\n\t\t\t\t<div class=\"elementor-post__text\">\n\t\t\t\t<h3 class=\"elementor-post__title\">\n\t\t\t<a href=\"https:\/\/hotelmarinetta.it\/de\/blog\/sehenswurdigkeiten-lucca-und-lucca-comics\/\" >\n\t\t\t\tBesuch in Lucca: Was es zu sehen gibt\t\t\t<\/a>\n\t\t<\/h3>\n\t\t\t\t<div class=\"elementor-post__excerpt\">\n\t\t\t<p>Lassen Sie sich von Lucca mit seinen historischen Mauern, Pl\u00e4tzen und Gesch\u00e4ften verzaubern. Entdecken Sie den toskanischen Charme des Hotels Marinetta.<\/p>\n\t\t<\/div>\n\t\t\t\t<\/div>\n\t\t\t\t<\/article>\n\t\t\t\t<article class=\"elementor-post elementor-grid-item post-6016 post type-post status-publish format-standard has-post-thumbnail hentry category-blog\" role=\"listitem\">\n\t\t\t\t<a class=\"elementor-post__thumbnail__link\" href=\"https:\/\/hotelmarinetta.it\/de\/blog\/bolgheri-reisefuehrer-durch-land-weins\/\" tabindex=\"-1\" >\n\t\t\t<div class=\"elementor-post__thumbnail\"><img loading=\"lazy\" decoding=\"async\" data-src=\"https:\/\/hotelmarinetta.it\/wp-content\/uploads\/2025\/07\/Hd-Bolgheri-768x432.jpg\" width=\"768\" height=\"432\" src=\"data:image\/gif;base64,R0lGODlhAQABAIAAAAAAAP\/\/\/yH5BAEAAAAALAAAAAABAAEAAAIBRAA7\" class=\"attachment-medium_large size-medium_large wp-image-5992 lazyload\" alt=\"Bolgheri\" \/><noscript><img loading=\"lazy\" decoding=\"async\" width=\"768\" height=\"432\" src=\"https:\/\/hotelmarinetta.it\/wp-content\/uploads\/2025\/07\/Hd-Bolgheri-768x432.jpg\" class=\"attachment-medium_large size-medium_large wp-image-5992\" alt=\"Bolgheri\" srcset=\"https:\/\/hotelmarinetta.it\/wp-content\/uploads\/2025\/07\/Hd-Bolgheri-768x432.jpg 768w, https:\/\/hotelmarinetta.it\/wp-content\/uploads\/2025\/07\/Hd-Bolgheri-300x169.jpg 300w, https:\/\/hotelmarinetta.it\/wp-content\/uploads\/2025\/07\/Hd-Bolgheri-1024x576.jpg 1024w, https:\/\/hotelmarinetta.it\/wp-content\/uploads\/2025\/07\/Hd-Bolgheri.jpg 1366w\" sizes=\"(max-width: 768px) 100vw, 768px\" \/><\/noscript><\/div>\n\t\t<\/a>\n\t\t\t\t<div class=\"elementor-post__text\">\n\t\t\t\t<h3 class=\"elementor-post__title\">\n\t\t\t<a href=\"https:\/\/hotelmarinetta.it\/de\/blog\/bolgheri-reisefuehrer-durch-land-weins\/\" >\n\t\t\t\tBolgheri und Wein in der Toskana\t\t\t<\/a>\n\t\t<\/h3>\n\t\t\t\t<div class=\"elementor-post__excerpt\">\n\t\t\t<p>Bolgheri: Reisef\u00fchrer durch das Weinland. Erkunden Sie Bolgheri und seine Weinkultur mit unserem Reisef\u00fchrer, genie\u00dfen Sie die besten Weine der Region.<\/p>\n\t\t<\/div>\n\t\t\t\t<\/div>\n\t\t\t\t<\/article>\n\t\t\t\t<\/div>\n\t\t\n\t\t\t\t\t\t<\/div>\n\t\t\t\t<\/div>\n\t\t\t\t\t<\/div>\n\t\t\t\t<\/div>\n\t\t\t\t<\/div>\n\t\t\t\t<\/div>\n\t\t\t\t\t\t<\/div>\n\t\t\t\t<\/div>\n\t\t\t\t\t<\/div>\n\t\t\t\t<\/div>\n\t\t\t\t<\/div>\n\t\t","protected":false},"excerpt":{"rendered":"<p>Besuchen Sie mit dem Hotel Marinetta die sch\u00f6nsten mittelalterlichen D\u00f6rfer der Toskana, erleben Sie Geschichte zwischen Gassen und Aussichten, buchen Sie Ihr Erlebnis jetzt.<\/p>\n","protected":false},"author":1,"featured_media":6079,"comment_status":"closed","ping_status":"open","sticky":false,"template":"","format":"standard","meta":{"footnotes":""},"categories":[48],"tags":[],"class_list":["post-6394","post","type-post","status-publish","format-standard","has-post-thumbnail","hentry","category-blog"],"yoast_head":"<!-- This site is optimized with the Yoast SEO plugin v28.4 - https:\/\/yoast.com\/product\/yoast-seo-wordpress\/ -->\n<title>Mittelalterliche D\u00f6rfer in der Toskana | Hotel Marinetta<\/title>\n<meta name=\"description\" content=\"Besuchen Sie mit dem Hotel Marinetta die sch\u00f6nsten mittelalterlichen D\u00f6rfer der Toskana, erleben Sie Geschichte zwischen Gassen und Aussichten, buchen Sie Ihr Erlebnis jetzt.\" \/>\n<meta name=\"robots\" content=\"index, follow, max-snippet:-1, max-image-preview:large, max-video-preview:-1\" \/>\n<link rel=\"canonical\" href=\"https:\/\/hotelmarinetta.it\/de\/blog\/mittelalterliche-dorfer-toskana\/\" \/>\n<meta property=\"og:locale\" content=\"de_DE\" \/>\n<meta property=\"og:type\" content=\"article\" \/>\n<meta property=\"og:title\" content=\"Mittelalterliche D\u00f6rfer in der Toskana | Hotel Marinetta\" \/>\n<meta property=\"og:description\" content=\"Besuchen Sie mit dem Hotel Marinetta die sch\u00f6nsten mittelalterlichen D\u00f6rfer der Toskana, erleben Sie Geschichte zwischen Gassen und Aussichten, buchen Sie Ihr Erlebnis jetzt.\" \/>\n<meta property=\"og:url\" content=\"https:\/\/hotelmarinetta.it\/de\/blog\/mittelalterliche-dorfer-toskana\/\" \/>\n<meta property=\"og:site_name\" content=\"Park Hotel Marinetta\" \/>\n<meta property=\"article:publisher\" content=\"https:\/\/www.facebook.com\/parkhotelmarinetta\" \/>\n<meta property=\"article:published_time\" content=\"2025-07-04T07:31:41+00:00\" \/>\n<meta property=\"article:modified_time\" content=\"2025-07-08T15:06:50+00:00\" \/>\n<meta property=\"og:image\" content=\"https:\/\/hotelmarinetta.it\/wp-content\/uploads\/2025\/07\/Costa-Etruschi-Borghi.jpg\" \/>\n\t<meta property=\"og:image:width\" content=\"1024\" \/>\n\t<meta property=\"og:image:height\" content=\"683\" \/>\n\t<meta property=\"og:image:type\" content=\"image\/jpeg\" \/>\n<meta name=\"author\" content=\"fritumuv@gmail.com\" \/>\n<meta name=\"twitter:card\" content=\"summary_large_image\" \/>\n<meta name=\"twitter:label1\" content=\"Verfasst von\" \/>\n\t<meta name=\"twitter:data1\" content=\"fritumuv@gmail.com\" \/>\n\t<meta name=\"twitter:label2\" content=\"Gesch\u00e4tzte Lesezeit\" \/>\n\t<meta name=\"twitter:data2\" content=\"8\u00a0Minuten\" \/>\n<script type=\"application\/ld+json\" class=\"yoast-schema-graph\">{\"@context\":\"https:\\\/\\\/schema.org\",\"@graph\":[{\"@type\":\"Article\",\"@id\":\"https:\\\/\\\/hotelmarinetta.it\\\/de\\\/blog\\\/mittelalterliche-dorfer-toskana\\\/#article\",\"isPartOf\":{\"@id\":\"https:\\\/\\\/hotelmarinetta.it\\\/de\\\/blog\\\/mittelalterliche-dorfer-toskana\\\/\"},\"author\":{\"name\":\"fritumuv@gmail.com\",\"@id\":\"https:\\\/\\\/hotelmarinetta.it\\\/de\\\/#\\\/schema\\\/person\\\/584739d367c8d0bcc9663ceab4b7a84a\"},\"headline\":\"Mittelalterliche D\u00f6rfer in der Toskana\",\"datePublished\":\"2025-07-04T07:31:41+00:00\",\"dateModified\":\"2025-07-08T15:06:50+00:00\",\"mainEntityOfPage\":{\"@id\":\"https:\\\/\\\/hotelmarinetta.it\\\/de\\\/blog\\\/mittelalterliche-dorfer-toskana\\\/\"},\"wordCount\":1690,\"publisher\":{\"@id\":\"https:\\\/\\\/hotelmarinetta.it\\\/de\\\/#organization\"},\"image\":{\"@id\":\"https:\\\/\\\/hotelmarinetta.it\\\/de\\\/blog\\\/mittelalterliche-dorfer-toskana\\\/#primaryimage\"},\"thumbnailUrl\":\"https:\\\/\\\/hotelmarinetta.it\\\/wp-content\\\/uploads\\\/2025\\\/07\\\/Costa-Etruschi-Borghi.jpg\",\"articleSection\":[\"Blog\"],\"inLanguage\":\"de\"},{\"@type\":\"WebPage\",\"@id\":\"https:\\\/\\\/hotelmarinetta.it\\\/de\\\/blog\\\/mittelalterliche-dorfer-toskana\\\/\",\"url\":\"https:\\\/\\\/hotelmarinetta.it\\\/de\\\/blog\\\/mittelalterliche-dorfer-toskana\\\/\",\"name\":\"Mittelalterliche D\u00f6rfer in der Toskana | Hotel Marinetta\",\"isPartOf\":{\"@id\":\"https:\\\/\\\/hotelmarinetta.it\\\/de\\\/#website\"},\"primaryImageOfPage\":{\"@id\":\"https:\\\/\\\/hotelmarinetta.it\\\/de\\\/blog\\\/mittelalterliche-dorfer-toskana\\\/#primaryimage\"},\"image\":{\"@id\":\"https:\\\/\\\/hotelmarinetta.it\\\/de\\\/blog\\\/mittelalterliche-dorfer-toskana\\\/#primaryimage\"},\"thumbnailUrl\":\"https:\\\/\\\/hotelmarinetta.it\\\/wp-content\\\/uploads\\\/2025\\\/07\\\/Costa-Etruschi-Borghi.jpg\",\"datePublished\":\"2025-07-04T07:31:41+00:00\",\"dateModified\":\"2025-07-08T15:06:50+00:00\",\"description\":\"Besuchen Sie mit dem Hotel Marinetta die sch\u00f6nsten mittelalterlichen D\u00f6rfer der Toskana, erleben Sie Geschichte zwischen Gassen und Aussichten, buchen Sie Ihr Erlebnis jetzt.\",\"breadcrumb\":{\"@id\":\"https:\\\/\\\/hotelmarinetta.it\\\/de\\\/blog\\\/mittelalterliche-dorfer-toskana\\\/#breadcrumb\"},\"inLanguage\":\"de\",\"potentialAction\":[{\"@type\":\"ReadAction\",\"target\":[\"https:\\\/\\\/hotelmarinetta.it\\\/de\\\/blog\\\/mittelalterliche-dorfer-toskana\\\/\"]}]},{\"@type\":\"ImageObject\",\"inLanguage\":\"de\",\"@id\":\"https:\\\/\\\/hotelmarinetta.it\\\/de\\\/blog\\\/mittelalterliche-dorfer-toskana\\\/#primaryimage\",\"url\":\"https:\\\/\\\/hotelmarinetta.it\\\/wp-content\\\/uploads\\\/2025\\\/07\\\/Costa-Etruschi-Borghi.jpg\",\"contentUrl\":\"https:\\\/\\\/hotelmarinetta.it\\\/wp-content\\\/uploads\\\/2025\\\/07\\\/Costa-Etruschi-Borghi.jpg\",\"width\":1024,\"height\":683,\"caption\":\"Borghi\"},{\"@type\":\"BreadcrumbList\",\"@id\":\"https:\\\/\\\/hotelmarinetta.it\\\/de\\\/blog\\\/mittelalterliche-dorfer-toskana\\\/#breadcrumb\",\"itemListElement\":[{\"@type\":\"ListItem\",\"position\":1,\"name\":\"Home\",\"item\":\"https:\\\/\\\/hotelmarinetta.it\\\/de\\\/\"},{\"@type\":\"ListItem\",\"position\":2,\"name\":\"Blog\",\"item\":\"https:\\\/\\\/hotelmarinetta.it\\\/de\\\/blog\\\/\"},{\"@type\":\"ListItem\",\"position\":3,\"name\":\"Mittelalterliche D\u00f6rfer in der Toskana\"}]},{\"@type\":\"WebSite\",\"@id\":\"https:\\\/\\\/hotelmarinetta.it\\\/de\\\/#website\",\"url\":\"https:\\\/\\\/hotelmarinetta.it\\\/de\\\/\",\"name\":\"Park Hotel Marinetta\",\"description\":\"Resort sul Mare in Toscana\",\"publisher\":{\"@id\":\"https:\\\/\\\/hotelmarinetta.it\\\/de\\\/#organization\"},\"potentialAction\":[{\"@type\":\"SearchAction\",\"target\":{\"@type\":\"EntryPoint\",\"urlTemplate\":\"https:\\\/\\\/hotelmarinetta.it\\\/de\\\/?s={search_term_string}\"},\"query-input\":{\"@type\":\"PropertyValueSpecification\",\"valueRequired\":true,\"valueName\":\"search_term_string\"}}],\"inLanguage\":\"de\"},{\"@type\":\"Organization\",\"@id\":\"https:\\\/\\\/hotelmarinetta.it\\\/de\\\/#organization\",\"name\":\"Park Hotel Marinetta\",\"url\":\"https:\\\/\\\/hotelmarinetta.it\\\/de\\\/\",\"logo\":{\"@type\":\"ImageObject\",\"inLanguage\":\"de\",\"@id\":\"https:\\\/\\\/hotelmarinetta.it\\\/de\\\/#\\\/schema\\\/logo\\\/image\\\/\",\"url\":\"https:\\\/\\\/hotelmarinetta.it\\\/wp-content\\\/uploads\\\/2025\\\/05\\\/Logo-PHM-01.png\",\"contentUrl\":\"https:\\\/\\\/hotelmarinetta.it\\\/wp-content\\\/uploads\\\/2025\\\/05\\\/Logo-PHM-01.png\",\"width\":294,\"height\":89,\"caption\":\"Park Hotel Marinetta\"},\"image\":{\"@id\":\"https:\\\/\\\/hotelmarinetta.it\\\/de\\\/#\\\/schema\\\/logo\\\/image\\\/\"},\"sameAs\":[\"https:\\\/\\\/www.facebook.com\\\/parkhotelmarinetta\",\"https:\\\/\\\/www.instagram.com\\\/parkhotelmarinetta\\\/\"]},{\"@type\":\"Person\",\"@id\":\"https:\\\/\\\/hotelmarinetta.it\\\/de\\\/#\\\/schema\\\/person\\\/584739d367c8d0bcc9663ceab4b7a84a\",\"name\":\"fritumuv@gmail.com\",\"image\":{\"@type\":\"ImageObject\",\"inLanguage\":\"de\",\"@id\":\"https:\\\/\\\/secure.gravatar.com\\\/avatar\\\/528338bab8ff2f7ed85f42685fa7ed3aa659b49ba1c5d15c360680240df86410?s=96&d=mm&r=g\",\"url\":\"https:\\\/\\\/secure.gravatar.com\\\/avatar\\\/528338bab8ff2f7ed85f42685fa7ed3aa659b49ba1c5d15c360680240df86410?s=96&d=mm&r=g\",\"contentUrl\":\"https:\\\/\\\/secure.gravatar.com\\\/avatar\\\/528338bab8ff2f7ed85f42685fa7ed3aa659b49ba1c5d15c360680240df86410?s=96&d=mm&r=g\",\"caption\":\"fritumuv@gmail.com\"}}]}<\/script>\n<!-- \/ Yoast SEO plugin. -->","yoast_head_json":{"title":"Mittelalterliche D\u00f6rfer in der Toskana | Hotel Marinetta","description":"Besuchen Sie mit dem Hotel Marinetta die sch\u00f6nsten mittelalterlichen D\u00f6rfer der Toskana, erleben Sie Geschichte zwischen Gassen und Aussichten, buchen Sie Ihr Erlebnis jetzt.","robots":{"index":"index","follow":"follow","max-snippet":"max-snippet:-1","max-image-preview":"max-image-preview:large","max-video-preview":"max-video-preview:-1"},"canonical":"https:\/\/hotelmarinetta.it\/de\/blog\/mittelalterliche-dorfer-toskana\/","og_locale":"de_DE","og_type":"article","og_title":"Mittelalterliche D\u00f6rfer in der Toskana | Hotel Marinetta","og_description":"Besuchen Sie mit dem Hotel Marinetta die sch\u00f6nsten mittelalterlichen D\u00f6rfer der Toskana, erleben Sie Geschichte zwischen Gassen und Aussichten, buchen Sie Ihr Erlebnis jetzt.","og_url":"https:\/\/hotelmarinetta.it\/de\/blog\/mittelalterliche-dorfer-toskana\/","og_site_name":"Park Hotel Marinetta","article_publisher":"https:\/\/www.facebook.com\/parkhotelmarinetta","article_published_time":"2025-07-04T07:31:41+00:00","article_modified_time":"2025-07-08T15:06:50+00:00","og_image":[{"width":1024,"height":683,"url":"https:\/\/hotelmarinetta.it\/wp-content\/uploads\/2025\/07\/Costa-Etruschi-Borghi.jpg","type":"image\/jpeg"}],"author":"fritumuv@gmail.com","twitter_card":"summary_large_image","twitter_misc":{"Verfasst von":"fritumuv@gmail.com","Gesch\u00e4tzte Lesezeit":"8\u00a0Minuten"},"schema":{"@context":"https:\/\/schema.org","@graph":[{"@type":"Article","@id":"https:\/\/hotelmarinetta.it\/de\/blog\/mittelalterliche-dorfer-toskana\/#article","isPartOf":{"@id":"https:\/\/hotelmarinetta.it\/de\/blog\/mittelalterliche-dorfer-toskana\/"},"author":{"name":"fritumuv@gmail.com","@id":"https:\/\/hotelmarinetta.it\/de\/#\/schema\/person\/584739d367c8d0bcc9663ceab4b7a84a"},"headline":"Mittelalterliche D\u00f6rfer in der Toskana","datePublished":"2025-07-04T07:31:41+00:00","dateModified":"2025-07-08T15:06:50+00:00","mainEntityOfPage":{"@id":"https:\/\/hotelmarinetta.it\/de\/blog\/mittelalterliche-dorfer-toskana\/"},"wordCount":1690,"publisher":{"@id":"https:\/\/hotelmarinetta.it\/de\/#organization"},"image":{"@id":"https:\/\/hotelmarinetta.it\/de\/blog\/mittelalterliche-dorfer-toskana\/#primaryimage"},"thumbnailUrl":"https:\/\/hotelmarinetta.it\/wp-content\/uploads\/2025\/07\/Costa-Etruschi-Borghi.jpg","articleSection":["Blog"],"inLanguage":"de"},{"@type":"WebPage","@id":"https:\/\/hotelmarinetta.it\/de\/blog\/mittelalterliche-dorfer-toskana\/","url":"https:\/\/hotelmarinetta.it\/de\/blog\/mittelalterliche-dorfer-toskana\/","name":"Mittelalterliche D\u00f6rfer in der Toskana | Hotel Marinetta","isPartOf":{"@id":"https:\/\/hotelmarinetta.it\/de\/#website"},"primaryImageOfPage":{"@id":"https:\/\/hotelmarinetta.it\/de\/blog\/mittelalterliche-dorfer-toskana\/#primaryimage"},"image":{"@id":"https:\/\/hotelmarinetta.it\/de\/blog\/mittelalterliche-dorfer-toskana\/#primaryimage"},"thumbnailUrl":"https:\/\/hotelmarinetta.it\/wp-content\/uploads\/2025\/07\/Costa-Etruschi-Borghi.jpg","datePublished":"2025-07-04T07:31:41+00:00","dateModified":"2025-07-08T15:06:50+00:00","description":"Besuchen Sie mit dem Hotel Marinetta die sch\u00f6nsten mittelalterlichen D\u00f6rfer der Toskana, erleben Sie Geschichte zwischen Gassen und Aussichten, buchen Sie Ihr Erlebnis jetzt.","breadcrumb":{"@id":"https:\/\/hotelmarinetta.it\/de\/blog\/mittelalterliche-dorfer-toskana\/#breadcrumb"},"inLanguage":"de","potentialAction":[{"@type":"ReadAction","target":["https:\/\/hotelmarinetta.it\/de\/blog\/mittelalterliche-dorfer-toskana\/"]}]},{"@type":"ImageObject","inLanguage":"de","@id":"https:\/\/hotelmarinetta.it\/de\/blog\/mittelalterliche-dorfer-toskana\/#primaryimage","url":"https:\/\/hotelmarinetta.it\/wp-content\/uploads\/2025\/07\/Costa-Etruschi-Borghi.jpg","contentUrl":"https:\/\/hotelmarinetta.it\/wp-content\/uploads\/2025\/07\/Costa-Etruschi-Borghi.jpg","width":1024,"height":683,"caption":"Borghi"},{"@type":"BreadcrumbList","@id":"https:\/\/hotelmarinetta.it\/de\/blog\/mittelalterliche-dorfer-toskana\/#breadcrumb","itemListElement":[{"@type":"ListItem","position":1,"name":"Home","item":"https:\/\/hotelmarinetta.it\/de\/"},{"@type":"ListItem","position":2,"name":"Blog","item":"https:\/\/hotelmarinetta.it\/de\/blog\/"},{"@type":"ListItem","position":3,"name":"Mittelalterliche D\u00f6rfer in der Toskana"}]},{"@type":"WebSite","@id":"https:\/\/hotelmarinetta.it\/de\/#website","url":"https:\/\/hotelmarinetta.it\/de\/","name":"Park Hotel Marinetta","description":"Resort sul Mare in Toscana","publisher":{"@id":"https:\/\/hotelmarinetta.it\/de\/#organization"},"potentialAction":[{"@type":"SearchAction","target":{"@type":"EntryPoint","urlTemplate":"https:\/\/hotelmarinetta.it\/de\/?s={search_term_string}"},"query-input":{"@type":"PropertyValueSpecification","valueRequired":true,"valueName":"search_term_string"}}],"inLanguage":"de"},{"@type":"Organization","@id":"https:\/\/hotelmarinetta.it\/de\/#organization","name":"Park Hotel Marinetta","url":"https:\/\/hotelmarinetta.it\/de\/","logo":{"@type":"ImageObject","inLanguage":"de","@id":"https:\/\/hotelmarinetta.it\/de\/#\/schema\/logo\/image\/","url":"https:\/\/hotelmarinetta.it\/wp-content\/uploads\/2025\/05\/Logo-PHM-01.png","contentUrl":"https:\/\/hotelmarinetta.it\/wp-content\/uploads\/2025\/05\/Logo-PHM-01.png","width":294,"height":89,"caption":"Park Hotel Marinetta"},"image":{"@id":"https:\/\/hotelmarinetta.it\/de\/#\/schema\/logo\/image\/"},"sameAs":["https:\/\/www.facebook.com\/parkhotelmarinetta","https:\/\/www.instagram.com\/parkhotelmarinetta\/"]},{"@type":"Person","@id":"https:\/\/hotelmarinetta.it\/de\/#\/schema\/person\/584739d367c8d0bcc9663ceab4b7a84a","name":"fritumuv@gmail.com","image":{"@type":"ImageObject","inLanguage":"de","@id":"https:\/\/secure.gravatar.com\/avatar\/528338bab8ff2f7ed85f42685fa7ed3aa659b49ba1c5d15c360680240df86410?s=96&d=mm&r=g","url":"https:\/\/secure.gravatar.com\/avatar\/528338bab8ff2f7ed85f42685fa7ed3aa659b49ba1c5d15c360680240df86410?s=96&d=mm&r=g","contentUrl":"https:\/\/secure.gravatar.com\/avatar\/528338bab8ff2f7ed85f42685fa7ed3aa659b49ba1c5d15c360680240df86410?s=96&d=mm&r=g","caption":"fritumuv@gmail.com"}}]}},"_links":{"self":[{"href":"https:\/\/hotelmarinetta.it\/de\/wp-json\/wp\/v2\/posts\/6394","targetHints":{"allow":["GET"]}}],"collection":[{"href":"https:\/\/hotelmarinetta.it\/de\/wp-json\/wp\/v2\/posts"}],"about":[{"href":"https:\/\/hotelmarinetta.it\/de\/wp-json\/wp\/v2\/types\/post"}],"author":[{"embeddable":true,"href":"https:\/\/hotelmarinetta.it\/de\/wp-json\/wp\/v2\/users\/1"}],"replies":[{"embeddable":true,"href":"https:\/\/hotelmarinetta.it\/de\/wp-json\/wp\/v2\/comments?post=6394"}],"version-history":[{"count":1,"href":"https:\/\/hotelmarinetta.it\/de\/wp-json\/wp\/v2\/posts\/6394\/revisions"}],"predecessor-version":[{"id":6395,"href":"https:\/\/hotelmarinetta.it\/de\/wp-json\/wp\/v2\/posts\/6394\/revisions\/6395"}],"wp:featuredmedia":[{"embeddable":true,"href":"https:\/\/hotelmarinetta.it\/de\/wp-json\/wp\/v2\/media\/6079"}],"wp:attachment":[{"href":"https:\/\/hotelmarinetta.it\/de\/wp-json\/wp\/v2\/media?parent=6394"}],"wp:term":[{"taxonomy":"category","embeddable":true,"href":"https:\/\/hotelmarinetta.it\/de\/wp-json\/wp\/v2\/categories?post=6394"},{"taxonomy":"post_tag","embeddable":true,"href":"https:\/\/hotelmarinetta.it\/de\/wp-json\/wp\/v2\/tags?post=6394"}],"curies":[{"name":"wp","href":"https:\/\/api.w.org\/{rel}","templated":true}]}}