{"id":6047,"date":"2025-05-29T14:25:42","date_gmt":"2025-05-29T12:25:42","guid":{"rendered":"https:\/\/hotelmarinetta.it\/nicht-kategorisiert\/lavendelfelder-toskana\/"},"modified":"2025-07-03T12:02:03","modified_gmt":"2025-07-03T10:02:03","slug":"lavendelfelder-toskana","status":"publish","type":"post","link":"https:\/\/hotelmarinetta.it\/de\/blog\/lavendelfelder-toskana\/","title":{"rendered":"Lavendelfelder in der Toskana"},"content":{"rendered":"\t\t<div data-elementor-type=\"wp-post\" data-elementor-id=\"6047\" class=\"elementor elementor-6047 elementor-3052\" data-elementor-post-type=\"post\">\n\t\t\t\t<div class=\"elementor-element elementor-element-bda4490 e-con-full e-flex e-con e-parent\" data-id=\"bda4490\" data-element_type=\"container\" data-e-type=\"container\" data-settings=\"{&quot;background_background&quot;:&quot;classic&quot;}\">\n\t\t<div class=\"elementor-element elementor-element-72895f1 e-con-full e-flex e-con e-child\" data-id=\"72895f1\" data-element_type=\"container\" data-e-type=\"container\" data-settings=\"{&quot;background_background&quot;:&quot;classic&quot;}\">\n\t\t\t\t<\/div>\n\t\t<div class=\"elementor-element elementor-element-0ac362d e-con-full e-flex e-con e-child\" data-id=\"0ac362d\" data-element_type=\"container\" data-e-type=\"container\">\n\t\t<div class=\"elementor-element elementor-element-69c2c64 e-con-full e-flex e-con e-child\" data-id=\"69c2c64\" data-element_type=\"container\" data-e-type=\"container\" data-settings=\"{&quot;background_background&quot;:&quot;classic&quot;}\">\n\t\t\t\t<div class=\"elementor-element elementor-element-0140737 elementor-widget elementor-widget-post-info\" data-id=\"0140737\" data-element_type=\"widget\" data-e-type=\"widget\" data-widget_type=\"post-info.default\">\n\t\t\t\t<div class=\"elementor-widget-container\">\n\t\t\t\t\t\t\t<ul class=\"elementor-inline-items elementor-icon-list-items elementor-post-info\">\n\t\t\t\t\t\t\t\t<li class=\"elementor-icon-list-item elementor-repeater-item-5ae60b7 elementor-inline-item\" itemprop=\"about\">\n\t\t\t\t\t\t\t\t\t\t\t\t\t<span class=\"elementor-icon-list-text elementor-post-info__item elementor-post-info__item--type-terms\">\n\t\t\t\t\t\t\t\t\t\t<span class=\"elementor-post-info__terms-list\">\n\t\t\t\t<span class=\"elementor-post-info__terms-list-item\">Blog<\/span>\t\t\t\t<\/span>\n\t\t\t\t\t<\/span>\n\t\t\t\t\t\t\t\t<\/li>\n\t\t\t\t<\/ul>\n\t\t\t\t\t\t<\/div>\n\t\t\t\t<\/div>\n\t\t\t\t<\/div>\n\t\t\t\t<div class=\"elementor-element elementor-element-25835a0 elementor-widget elementor-widget-heading\" data-id=\"25835a0\" data-element_type=\"widget\" data-e-type=\"widget\" data-widget_type=\"heading.default\">\n\t\t\t\t<div class=\"elementor-widget-container\">\n\t\t\t\t\t<h1 class=\"elementor-heading-title elementor-size-default\">Lavendelfelder in der Toskana<\/h1>\t\t\t\t<\/div>\n\t\t\t\t<\/div>\n\t\t\t\t<div class=\"elementor-element elementor-element-a6c65d9 elementor-widget elementor-widget-heading\" data-id=\"a6c65d9\" data-element_type=\"widget\" data-e-type=\"widget\" data-widget_type=\"heading.default\">\n\t\t\t\t<div class=\"elementor-widget-container\">\n\t\t\t\t\t<h2 class=\"elementor-heading-title elementor-size-default\">Erleben Sie die bl\u00fchenden Lavendelfelder der Toskana mit Farben und D\u00fcften, die den Sommer einleiten, jetzt entdecken.<\/h2>\t\t\t\t<\/div>\n\t\t\t\t<\/div>\n\t\t\t\t<\/div>\n\t\t\t\t<\/div>\n\t\t<div class=\"elementor-element elementor-element-36a403f e-flex e-con-boxed e-con e-parent\" data-id=\"36a403f\" data-element_type=\"container\" data-e-type=\"container\">\n\t\t\t\t\t<div class=\"e-con-inner\">\n\t\t<div class=\"elementor-element elementor-element-33c9c99 e-con-full e-flex e-con e-child\" data-id=\"33c9c99\" data-element_type=\"container\" data-e-type=\"container\">\n\t\t\t\t<div class=\"elementor-element elementor-element-a47878b elementor-widget elementor-widget-text-editor\" data-id=\"a47878b\" data-element_type=\"widget\" data-e-type=\"widget\" data-widget_type=\"text-editor.default\">\n\t\t\t\t<div class=\"elementor-widget-container\">\n\t\t\t\t\t\t\t\t\t<p>Im Sommer werden die Tage l\u00e4nger, die Aperitifs wechseln von den Bars in der Stadt zu den Strandmatten am Meer, die Luft f\u00fcllt sich mit dem Gezwitscher der V\u00f6gel und die Sonne k\u00fcsst die leicht gebr\u00e4unte Haut. Die St\u00e4dte f\u00fcllen sich mit Leben, Farben, Gel\u00e4chter\u2026 und die Toskana steht darin mit Sicherheit in nichts nach.<\/p>\n<p>Die Region bietet alles, was man sich von einem Urlaub mit der Familie oder Freunden w\u00fcnschen kann. Neben den ber\u00fchmteren Touristikzielen wie Elba wegen des Meeres oder Bolgheri, um einen gutes Glas Wein zu trinken, wollen wir von der unbekannteren Seite dieser Region sprechen: den Lavendelfeldern.<\/p>\n\t\t\t\t\t\t\t\t<\/div>\n\t\t\t\t<\/div>\n\t\t\t\t<div class=\"elementor-element elementor-element-08b83b4 elementor-widget elementor-widget-heading\" data-id=\"08b83b4\" data-element_type=\"widget\" data-e-type=\"widget\" data-widget_type=\"heading.default\">\n\t\t\t\t<div class=\"elementor-widget-container\">\n\t\t\t\t\t<h2 class=\"elementor-heading-title elementor-size-default\">Die Lavendelfelder in der Toskana k\u00f6nnen Sie finden in:<\/h2>\t\t\t\t<\/div>\n\t\t\t\t<\/div>\n\t\t\t\t<div class=\"elementor-element elementor-element-2fc8f8e elementor-widget-divider--view-line elementor-widget elementor-widget-divider\" data-id=\"2fc8f8e\" data-element_type=\"widget\" data-e-type=\"widget\" data-widget_type=\"divider.default\">\n\t\t\t\t<div class=\"elementor-widget-container\">\n\t\t\t\t\t\t\t<div class=\"elementor-divider\">\n\t\t\t<span class=\"elementor-divider-separator\">\n\t\t\t\t\t\t<\/span>\n\t\t<\/div>\n\t\t\t\t\t\t<\/div>\n\t\t\t\t<\/div>\n\t\t\t\t<div class=\"elementor-element elementor-element-dbc40e9 elementor-widget elementor-widget-text-editor\" data-id=\"dbc40e9\" data-element_type=\"widget\" data-e-type=\"widget\" data-widget_type=\"text-editor.default\">\n\t\t\t\t<div class=\"elementor-widget-container\">\n\t\t\t\t\t\t\t\t\t<ul>\n<li>Santa Luce (Provinz Pisa)<\/li>\n<li>Massarosa (Provinz Lucca)<\/li>\n<li>In Maremma (Provinz Grosseto)<\/li>\n<li>Chianti (Provinz Siena)<\/li>\n<li>Castelfranco di Sopra (Provinz Arezzo)<\/li>\n<li>Cecina (Provinz Livorno)<\/li>\n<\/ul>\n<p>&nbsp;<\/p>\n<p>Die beste Zeit f\u00fcr die Lavendelbl\u00fcte ist Mitte Juni bis in die ersten zwei Wochen im Juli. Wenn man diese Felder besucht, macht man eine wahre Reise der Sinne: Intensive Farben und D\u00fcfte, die dich umfangen und berauschen.<\/p>\n\t\t\t\t\t\t\t\t<\/div>\n\t\t\t\t<\/div>\n\t\t\t\t<\/div>\n\t\t\t\t<div class=\"elementor-element elementor-element-521c170 elementor-widget-divider--view-line elementor-widget elementor-widget-divider\" data-id=\"521c170\" data-element_type=\"widget\" data-e-type=\"widget\" data-widget_type=\"divider.default\">\n\t\t\t\t<div class=\"elementor-widget-container\">\n\t\t\t\t\t\t\t<div class=\"elementor-divider\">\n\t\t\t<span class=\"elementor-divider-separator\">\n\t\t\t\t\t\t<\/span>\n\t\t<\/div>\n\t\t\t\t\t\t<\/div>\n\t\t\t\t<\/div>\n\t\t\t\t\t<\/div>\n\t\t\t\t<\/div>\n\t\t<div class=\"elementor-element elementor-element-efe08e5 e-flex e-con-boxed e-con e-parent\" data-id=\"efe08e5\" data-element_type=\"container\" data-e-type=\"container\" data-settings=\"{&quot;background_background&quot;:&quot;classic&quot;}\">\n\t\t\t\t\t<div class=\"e-con-inner\">\n\t\t<div class=\"elementor-element elementor-element-6219165 e-con-full e-flex e-con e-child\" data-id=\"6219165\" data-element_type=\"container\" data-e-type=\"container\" data-settings=\"{&quot;background_background&quot;:&quot;classic&quot;}\">\n\t\t\t\t<\/div>\n\t\t<div class=\"elementor-element elementor-element-f9f65fc e-con-full e-flex e-con e-child\" data-id=\"f9f65fc\" data-element_type=\"container\" data-e-type=\"container\">\n\t\t\t\t<div class=\"elementor-element elementor-element-64270ba elementor-widget elementor-widget-heading\" data-id=\"64270ba\" data-element_type=\"widget\" data-e-type=\"widget\" data-widget_type=\"heading.default\">\n\t\t\t\t<div class=\"elementor-widget-container\">\n\t\t\t\t\t<h2 class=\"elementor-heading-title elementor-size-default\">Die Lavendelfelder von Massarosa<\/h2>\t\t\t\t<\/div>\n\t\t\t\t<\/div>\n\t\t\t\t<div class=\"elementor-element elementor-element-2bea2ea elementor-widget elementor-widget-text-editor\" data-id=\"2bea2ea\" data-element_type=\"widget\" data-e-type=\"widget\" data-widget_type=\"text-editor.default\">\n\t\t\t\t<div class=\"elementor-widget-container\">\n\t\t\t\t\t\t\t\t\t<p>Die Lavendelfelder von Massarosa , ge\u00f6ffnet ab dem 11. Juni, sind Felder, die zu einem Landwirtschaftsbetrieb geh\u00f6ren, das hei\u00dft, man kann sie nur in den \u00d6ffnungszeiten besuchen: Von Montag bis Freitag von 9 bis 12:30 Uhr und von 16 bis 20 Uhr, am Samstag und Sonntag durchgehend ge\u00f6ffnet. Der Eintritt ist frei.<\/p>\n\t\t\t\t\t\t\t\t<\/div>\n\t\t\t\t<\/div>\n\t\t\t\t<\/div>\n\t\t\t\t\t<\/div>\n\t\t\t\t<\/div>\n\t\t<div class=\"elementor-element elementor-element-67ef1e1 e-flex e-con-boxed e-con e-parent\" data-id=\"67ef1e1\" data-element_type=\"container\" data-e-type=\"container\" data-settings=\"{&quot;background_background&quot;:&quot;classic&quot;}\">\n\t\t\t\t\t<div class=\"e-con-inner\">\n\t\t<div class=\"elementor-element elementor-element-4d78f94 e-con-full e-flex e-con e-child\" data-id=\"4d78f94\" data-element_type=\"container\" data-e-type=\"container\" data-settings=\"{&quot;background_background&quot;:&quot;classic&quot;}\">\n\t\t\t\t<\/div>\n\t\t<div class=\"elementor-element elementor-element-92a380c e-con-full e-flex e-con e-child\" data-id=\"92a380c\" data-element_type=\"container\" data-e-type=\"container\">\n\t\t\t\t<div class=\"elementor-element elementor-element-e3c4c29 elementor-widget elementor-widget-heading\" data-id=\"e3c4c29\" data-element_type=\"widget\" data-e-type=\"widget\" data-widget_type=\"heading.default\">\n\t\t\t\t<div class=\"elementor-widget-container\">\n\t\t\t\t\t<h2 class=\"elementor-heading-title elementor-size-default\">Die Lavendelfelder in der Maremma<\/h2>\t\t\t\t<\/div>\n\t\t\t\t<\/div>\n\t\t\t\t<div class=\"elementor-element elementor-element-341bc76 elementor-widget elementor-widget-text-editor\" data-id=\"341bc76\" data-element_type=\"widget\" data-e-type=\"widget\" data-widget_type=\"text-editor.default\">\n\t\t\t\t<div class=\"elementor-widget-container\">\n\t\t\t\t\t\t\t\t\t<p>In der Maremma gibt es mehrere Felder in verschiedenen Gebieten um Grosseto.<\/p>\n<ul>\n<li>Gavorrano: Hier finden Sie einen landwirtschaftlichen Betrieb, in dem Lavendel biologisch angebaut wird und verschiedene Produkte f\u00fcr den K\u00f6rper und das Haus aus Lavendel hergestellt und verkauft werden.<\/li>\n<li>Sorano: In Sorano finden Sie das Landgut Argo, auf dem man die Lavendelfelder besuchen und eine Agriturismus-Erfahrung rund um das Thema Lavendel machen kann.<\/li>\n<li>Marina di Grosseto: Hier baut der landwirtschaftliche Betrieb Officinali di Maremma biologisch Lavendel an.<\/li>\n<\/ul>\n\t\t\t\t\t\t\t\t<\/div>\n\t\t\t\t<\/div>\n\t\t\t\t<div class=\"elementor-element elementor-element-f8ce5d3 elementor-widget elementor-widget-heading\" data-id=\"f8ce5d3\" data-element_type=\"widget\" data-e-type=\"widget\" data-widget_type=\"heading.default\">\n\t\t\t\t<div class=\"elementor-widget-container\">\n\t\t\t\t\t<h2 class=\"elementor-heading-title elementor-size-default\">Die Lavendelfelder im Chianti-Gebiet<\/h2>\t\t\t\t<\/div>\n\t\t\t\t<\/div>\n\t\t\t\t<div class=\"elementor-element elementor-element-7af3aae elementor-widget elementor-widget-text-editor\" data-id=\"7af3aae\" data-element_type=\"widget\" data-e-type=\"widget\" data-widget_type=\"text-editor.default\">\n\t\t\t\t<div class=\"elementor-widget-container\">\n\t\t\t\t\t\t\t\t\t<p>Im Gebiet um Siena liegt das Landgut Cassalvento, auf dem seit den 60er Jahren Lavendel angebaut wird und \u00e4therische Lavendel\u00f6le mit dem Markenzeiche Lavanda del Chianti hergestellt werden.<\/p>\n\t\t\t\t\t\t\t\t<\/div>\n\t\t\t\t<\/div>\n\t\t\t\t<\/div>\n\t\t\t\t\t<\/div>\n\t\t\t\t<\/div>\n\t\t<div class=\"elementor-element elementor-element-0af3e58 e-flex e-con-boxed e-con e-parent\" data-id=\"0af3e58\" data-element_type=\"container\" data-e-type=\"container\" data-settings=\"{&quot;background_background&quot;:&quot;classic&quot;}\">\n\t\t\t\t\t<div class=\"e-con-inner\">\n\t\t<div class=\"elementor-element elementor-element-4e230a6 e-con-full e-flex e-con e-child\" data-id=\"4e230a6\" data-element_type=\"container\" data-e-type=\"container\" data-settings=\"{&quot;background_background&quot;:&quot;classic&quot;}\">\n\t\t\t\t<\/div>\n\t\t<div class=\"elementor-element elementor-element-fbfb0d5 e-con-full e-flex e-con e-child\" data-id=\"fbfb0d5\" data-element_type=\"container\" data-e-type=\"container\">\n\t\t\t\t<div class=\"elementor-element elementor-element-822a408 elementor-widget elementor-widget-heading\" data-id=\"822a408\" data-element_type=\"widget\" data-e-type=\"widget\" data-widget_type=\"heading.default\">\n\t\t\t\t<div class=\"elementor-widget-container\">\n\t\t\t\t\t<h2 class=\"elementor-heading-title elementor-size-default\">Die Lavendelfelder in der Provinz Livorno<\/h2>\t\t\t\t<\/div>\n\t\t\t\t<\/div>\n\t\t\t\t<div class=\"elementor-element elementor-element-181df6f elementor-widget elementor-widget-text-editor\" data-id=\"181df6f\" data-element_type=\"widget\" data-e-type=\"widget\" data-widget_type=\"text-editor.default\">\n\t\t\t\t<div class=\"elementor-widget-container\">\n\t\t\t\t\t\t\t\t\t<p>In der Provinz Livorno findet man den landwirtschaftlichen Betrieb und Agriturismus Valicandolina im Gebiet Bibbona. Eine seiner Besonderheiten ist das Angebot verschiedener Wellness-Erfahrungen w\u00e4hrend der Lavendelbl\u00fcte, wie Yoga bei Sonnenuntergang, Picknick im Lavandelfeld usw\u2026 an denen man nach telefonischer Reservierung teilnehmen kann.<\/p>\n\t\t\t\t\t\t\t\t<\/div>\n\t\t\t\t<\/div>\n\t\t\t\t<div class=\"elementor-element elementor-element-371c3ec elementor-widget elementor-widget-heading\" data-id=\"371c3ec\" data-element_type=\"widget\" data-e-type=\"widget\" data-widget_type=\"heading.default\">\n\t\t\t\t<div class=\"elementor-widget-container\">\n\t\t\t\t\t<h2 class=\"elementor-heading-title elementor-size-default\">Die Lavendelfelder von Castelfranco di Sopra<\/h2>\t\t\t\t<\/div>\n\t\t\t\t<\/div>\n\t\t\t\t<div class=\"elementor-element elementor-element-dc34d9b elementor-widget elementor-widget-text-editor\" data-id=\"dc34d9b\" data-element_type=\"widget\" data-e-type=\"widget\" data-widget_type=\"text-editor.default\">\n\t\t\t\t<div class=\"elementor-widget-container\">\n\t\t\t\t\t\t\t\t\t<p>Als letztes sind da die Lavendelfelder in Casetelfranco di Sopra in der Provinz Arezzo, die man unbedingt besuchen sollte. Der Bio-Agriturismus genau in der Mitte zwischen Florenz und Arezzo bietet Spazierg\u00e4nge in den Lavendelfeldern, \u00dcbernachtungen vor Ort und Erfahrungen auf dem Lehrbauernhof und vieles mehr.<\/p>\n\t\t\t\t\t\t\t\t<\/div>\n\t\t\t\t<\/div>\n\t\t\t\t<\/div>\n\t\t\t\t\t<\/div>\n\t\t\t\t<\/div>\n\t\t<div class=\"elementor-element elementor-element-2f96a66 e-flex e-con-boxed e-con e-parent\" data-id=\"2f96a66\" data-element_type=\"container\" data-e-type=\"container\">\n\t\t\t\t\t<div class=\"e-con-inner\">\n\t\t\t\t<div class=\"elementor-element elementor-element-4036687 elementor-widget elementor-widget-template\" data-id=\"4036687\" data-element_type=\"widget\" data-e-type=\"widget\" data-widget_type=\"template.default\">\n\t\t\t\t<div class=\"elementor-widget-container\">\n\t\t\t\t\t\t\t<div class=\"elementor-template\">\n\t\t\t\t\t<div data-elementor-type=\"container\" data-elementor-id=\"8043\" class=\"elementor elementor-8043 elementor-3036 elementor-3036\" data-elementor-post-type=\"elementor_library\">\n\t\t\t\t<div class=\"elementor-element elementor-element-2c920f57 e-flex e-con-boxed e-con e-parent\" data-id=\"2c920f57\" data-element_type=\"container\" data-e-type=\"container\" data-settings=\"{&quot;background_background&quot;:&quot;classic&quot;}\">\n\t\t\t\t\t<div class=\"e-con-inner\">\n\t\t\t\t<div class=\"elementor-element elementor-element-53510f33 elementor-widget elementor-widget-heading\" data-id=\"53510f33\" data-element_type=\"widget\" data-e-type=\"widget\" data-widget_type=\"heading.default\">\n\t\t\t\t<div class=\"elementor-widget-container\">\n\t\t\t\t\t<h2 class=\"elementor-heading-title elementor-size-default\">Das k\u00f6nnte Ihnen auch gefallen<\/h2>\t\t\t\t<\/div>\n\t\t\t\t<\/div>\n\t\t\t\t<div class=\"elementor-element elementor-element-cee16cc elementor-grid-4 elementor-grid-tablet-2 elementor-grid-mobile-1 elementor-posts--thumbnail-top elementor-widget elementor-widget-posts\" data-id=\"cee16cc\" data-element_type=\"widget\" data-e-type=\"widget\" data-settings=\"{&quot;classic_columns&quot;:&quot;4&quot;,&quot;classic_columns_tablet&quot;:&quot;2&quot;,&quot;classic_columns_mobile&quot;:&quot;1&quot;,&quot;classic_row_gap&quot;:{&quot;unit&quot;:&quot;px&quot;,&quot;size&quot;:35,&quot;sizes&quot;:[]},&quot;classic_row_gap_tablet&quot;:{&quot;unit&quot;:&quot;px&quot;,&quot;size&quot;:&quot;&quot;,&quot;sizes&quot;:[]},&quot;classic_row_gap_mobile&quot;:{&quot;unit&quot;:&quot;px&quot;,&quot;size&quot;:&quot;&quot;,&quot;sizes&quot;:[]}}\" data-widget_type=\"posts.classic\">\n\t\t\t\t<div class=\"elementor-widget-container\">\n\t\t\t\t\t\t\t<div class=\"elementor-posts-container elementor-posts elementor-posts--skin-classic elementor-grid\" role=\"list\">\n\t\t\t\t<article class=\"elementor-post elementor-grid-item post-6390 post type-post status-publish format-standard has-post-thumbnail hentry category-blog\" role=\"listitem\">\n\t\t\t\t<a class=\"elementor-post__thumbnail__link\" href=\"https:\/\/hotelmarinetta.it\/de\/blog\/beste-stadte-toskana\/\" tabindex=\"-1\" >\n\t\t\t<div class=\"elementor-post__thumbnail\"><img fetchpriority=\"high\" decoding=\"async\" data-src=\"https:\/\/hotelmarinetta.it\/wp-content\/uploads\/2025\/07\/Pisa-01-768x512.jpg\" width=\"768\" height=\"512\" src=\"data:image\/gif;base64,R0lGODlhAQABAIAAAAAAAP\/\/\/yH5BAEAAAAALAAAAAABAAEAAAIBRAA7\" class=\"attachment-medium_large size-medium_large wp-image-6329 lazyload\" alt=\"Pisa\" \/><noscript><img decoding=\"async\" width=\"768\" height=\"512\" src=\"https:\/\/hotelmarinetta.it\/wp-content\/uploads\/2025\/07\/Pisa-01-768x512.jpg\" class=\"attachment-medium_large size-medium_large wp-image-6329\" alt=\"Pisa\" srcset=\"https:\/\/hotelmarinetta.it\/wp-content\/uploads\/2025\/07\/Pisa-01-768x512.jpg 768w, https:\/\/hotelmarinetta.it\/wp-content\/uploads\/2025\/07\/Pisa-01-300x200.jpg 300w, https:\/\/hotelmarinetta.it\/wp-content\/uploads\/2025\/07\/Pisa-01-1024x683.jpg 1024w, https:\/\/hotelmarinetta.it\/wp-content\/uploads\/2025\/07\/Pisa-01.jpg 1440w\" sizes=\"(max-width: 768px) 100vw, 768px\" \/><\/noscript><\/div>\n\t\t<\/a>\n\t\t\t\t<div class=\"elementor-post__text\">\n\t\t\t\t<h3 class=\"elementor-post__title\">\n\t\t\t<a href=\"https:\/\/hotelmarinetta.it\/de\/blog\/beste-stadte-toskana\/\" >\n\t\t\t\tDie besten St\u00e4dte in der Toskana\t\t\t<\/a>\n\t\t<\/h3>\n\t\t\t\t<div class=\"elementor-post__excerpt\">\n\t\t\t<p>Entdecken Sie mit dem Hotel Marinetta die sch\u00f6nsten St\u00e4dte der Toskana. Kunst, Kultur und Geschichte erwarten Sie.<\/p>\n\t\t<\/div>\n\t\t\t\t<\/div>\n\t\t\t\t<\/article>\n\t\t\t\t<article class=\"elementor-post elementor-grid-item post-6223 post type-post status-publish format-standard has-post-thumbnail hentry category-blog\" role=\"listitem\">\n\t\t\t\t<a class=\"elementor-post__thumbnail__link\" href=\"https:\/\/hotelmarinetta.it\/de\/blog\/die-macchia-della-magona\/\" tabindex=\"-1\" >\n\t\t\t<div class=\"elementor-post__thumbnail\"><img decoding=\"async\" data-src=\"https:\/\/hotelmarinetta.it\/wp-content\/uploads\/2025\/07\/Macchia-Magona-768x512.jpg\" width=\"768\" height=\"512\" src=\"data:image\/gif;base64,R0lGODlhAQABAIAAAAAAAP\/\/\/yH5BAEAAAAALAAAAAABAAEAAAIBRAA7\" class=\"attachment-medium_large size-medium_large wp-image-6216 lazyload\" alt=\"Macchia Magona\" \/><noscript><img loading=\"lazy\" decoding=\"async\" width=\"768\" height=\"512\" src=\"https:\/\/hotelmarinetta.it\/wp-content\/uploads\/2025\/07\/Macchia-Magona-768x512.jpg\" class=\"attachment-medium_large size-medium_large wp-image-6216\" alt=\"Macchia Magona\" srcset=\"https:\/\/hotelmarinetta.it\/wp-content\/uploads\/2025\/07\/Macchia-Magona-768x512.jpg 768w, https:\/\/hotelmarinetta.it\/wp-content\/uploads\/2025\/07\/Macchia-Magona-300x200.jpg 300w, https:\/\/hotelmarinetta.it\/wp-content\/uploads\/2025\/07\/Macchia-Magona-1024x683.jpg 1024w, https:\/\/hotelmarinetta.it\/wp-content\/uploads\/2025\/07\/Macchia-Magona.jpg 1152w\" sizes=\"(max-width: 768px) 100vw, 768px\" \/><\/noscript><\/div>\n\t\t<\/a>\n\t\t\t\t<div class=\"elementor-post__text\">\n\t\t\t\t<h3 class=\"elementor-post__title\">\n\t\t\t<a href=\"https:\/\/hotelmarinetta.it\/de\/blog\/die-macchia-della-magona\/\" >\n\t\t\t\tMacchia Della Magona: F\u00fchrer zum Reservat\t\t\t<\/a>\n\t\t<\/h3>\n\t\t\t\t<div class=\"elementor-post__excerpt\">\n\t\t\t<p>Erkunden Sie das Naturschutzgebiet Macchia della Magona mit einem F\u00fchrer des Hotels Marinetta; unber\u00fchrte Natur und Ausblicke erwarten Sie.<\/p>\n\t\t<\/div>\n\t\t\t\t<\/div>\n\t\t\t\t<\/article>\n\t\t\t\t<article class=\"elementor-post elementor-grid-item post-6394 post type-post status-publish format-standard has-post-thumbnail hentry category-blog\" role=\"listitem\">\n\t\t\t\t<a class=\"elementor-post__thumbnail__link\" href=\"https:\/\/hotelmarinetta.it\/de\/blog\/mittelalterliche-dorfer-toskana\/\" tabindex=\"-1\" >\n\t\t\t<div class=\"elementor-post__thumbnail\"><img loading=\"lazy\" decoding=\"async\" data-src=\"https:\/\/hotelmarinetta.it\/wp-content\/uploads\/2025\/07\/Costa-Etruschi-Borghi-768x512.jpg\" width=\"768\" height=\"512\" src=\"data:image\/gif;base64,R0lGODlhAQABAIAAAAAAAP\/\/\/yH5BAEAAAAALAAAAAABAAEAAAIBRAA7\" class=\"attachment-medium_large size-medium_large wp-image-6079 lazyload\" alt=\"Borghi\" \/><noscript><img loading=\"lazy\" decoding=\"async\" width=\"768\" height=\"512\" src=\"https:\/\/hotelmarinetta.it\/wp-content\/uploads\/2025\/07\/Costa-Etruschi-Borghi-768x512.jpg\" class=\"attachment-medium_large size-medium_large wp-image-6079\" alt=\"Borghi\" srcset=\"https:\/\/hotelmarinetta.it\/wp-content\/uploads\/2025\/07\/Costa-Etruschi-Borghi-768x512.jpg 768w, https:\/\/hotelmarinetta.it\/wp-content\/uploads\/2025\/07\/Costa-Etruschi-Borghi-300x200.jpg 300w, https:\/\/hotelmarinetta.it\/wp-content\/uploads\/2025\/07\/Costa-Etruschi-Borghi.jpg 1024w\" sizes=\"(max-width: 768px) 100vw, 768px\" \/><\/noscript><\/div>\n\t\t<\/a>\n\t\t\t\t<div class=\"elementor-post__text\">\n\t\t\t\t<h3 class=\"elementor-post__title\">\n\t\t\t<a href=\"https:\/\/hotelmarinetta.it\/de\/blog\/mittelalterliche-dorfer-toskana\/\" >\n\t\t\t\tMittelalterliche D\u00f6rfer in der Toskana\t\t\t<\/a>\n\t\t<\/h3>\n\t\t\t\t<div class=\"elementor-post__excerpt\">\n\t\t\t<p>Besuchen Sie mit dem Hotel Marinetta die sch\u00f6nsten mittelalterlichen D\u00f6rfer der Toskana, erleben Sie Geschichte zwischen Gassen und Aussichten, buchen Sie Ihr Erlebnis jetzt.<\/p>\n\t\t<\/div>\n\t\t\t\t<\/div>\n\t\t\t\t<\/article>\n\t\t\t\t<article class=\"elementor-post elementor-grid-item post-6091 post type-post status-publish format-standard has-post-thumbnail hentry category-blog\" role=\"listitem\">\n\t\t\t\t<a class=\"elementor-post__thumbnail__link\" href=\"https:\/\/hotelmarinetta.it\/de\/blog\/beste-etruskischen-kuste\/\" tabindex=\"-1\" >\n\t\t\t<div class=\"elementor-post__thumbnail\"><img loading=\"lazy\" decoding=\"async\" data-src=\"https:\/\/hotelmarinetta.it\/wp-content\/uploads\/2025\/07\/Hd-CostaEtruschi-768x432.jpg\" width=\"768\" height=\"432\" src=\"data:image\/gif;base64,R0lGODlhAQABAIAAAAAAAP\/\/\/yH5BAEAAAAALAAAAAABAAEAAAIBRAA7\" class=\"attachment-medium_large size-medium_large wp-image-6087 lazyload\" alt=\"Costa Etruschi\" \/><noscript><img loading=\"lazy\" decoding=\"async\" width=\"768\" height=\"432\" src=\"https:\/\/hotelmarinetta.it\/wp-content\/uploads\/2025\/07\/Hd-CostaEtruschi-768x432.jpg\" class=\"attachment-medium_large size-medium_large wp-image-6087\" alt=\"Costa Etruschi\" srcset=\"https:\/\/hotelmarinetta.it\/wp-content\/uploads\/2025\/07\/Hd-CostaEtruschi-768x432.jpg 768w, https:\/\/hotelmarinetta.it\/wp-content\/uploads\/2025\/07\/Hd-CostaEtruschi-300x169.jpg 300w, https:\/\/hotelmarinetta.it\/wp-content\/uploads\/2025\/07\/Hd-CostaEtruschi-1024x576.jpg 1024w, https:\/\/hotelmarinetta.it\/wp-content\/uploads\/2025\/07\/Hd-CostaEtruschi.jpg 1366w\" sizes=\"(max-width: 768px) 100vw, 768px\" \/><\/noscript><\/div>\n\t\t<\/a>\n\t\t\t\t<div class=\"elementor-post__text\">\n\t\t\t\t<h3 class=\"elementor-post__title\">\n\t\t\t<a href=\"https:\/\/hotelmarinetta.it\/de\/blog\/beste-etruskischen-kuste\/\" >\n\t\t\t\tDie beste Etruskische K\u00fcste Entdecken\t\t\t<\/a>\n\t\t<\/h3>\n\t\t\t\t<div class=\"elementor-post__excerpt\">\n\t\t\t<p>Entdecken Sie die sch\u00f6nste etruskische K\u00fcste mit atemberaubenden Ausblicken, Geschichte und Natur, jetzt entdecken.<\/p>\n\t\t<\/div>\n\t\t\t\t<\/div>\n\t\t\t\t<\/article>\n\t\t\t\t<article class=\"elementor-post elementor-grid-item post-6995 post type-post status-publish format-standard has-post-thumbnail hentry category-blog\" role=\"listitem\">\n\t\t\t\t<a class=\"elementor-post__thumbnail__link\" href=\"https:\/\/hotelmarinetta.it\/de\/blog\/sehenswurdigkeiten-lucca-und-lucca-comics\/\" tabindex=\"-1\" >\n\t\t\t<div class=\"elementor-post__thumbnail\"><img loading=\"lazy\" decoding=\"async\" data-src=\"https:\/\/hotelmarinetta.it\/wp-content\/uploads\/2025\/07\/Hd-Lucca-768x432.jpg\" width=\"768\" height=\"432\" src=\"data:image\/gif;base64,R0lGODlhAQABAIAAAAAAAP\/\/\/yH5BAEAAAAALAAAAAABAAEAAAIBRAA7\" class=\"attachment-medium_large size-medium_large wp-image-6030 lazyload\" alt=\"Lucca\" \/><noscript><img loading=\"lazy\" decoding=\"async\" width=\"768\" height=\"432\" src=\"https:\/\/hotelmarinetta.it\/wp-content\/uploads\/2025\/07\/Hd-Lucca-768x432.jpg\" class=\"attachment-medium_large size-medium_large wp-image-6030\" alt=\"Lucca\" srcset=\"https:\/\/hotelmarinetta.it\/wp-content\/uploads\/2025\/07\/Hd-Lucca-768x432.jpg 768w, https:\/\/hotelmarinetta.it\/wp-content\/uploads\/2025\/07\/Hd-Lucca-300x169.jpg 300w, https:\/\/hotelmarinetta.it\/wp-content\/uploads\/2025\/07\/Hd-Lucca-1024x576.jpg 1024w, https:\/\/hotelmarinetta.it\/wp-content\/uploads\/2025\/07\/Hd-Lucca.jpg 1366w\" sizes=\"(max-width: 768px) 100vw, 768px\" \/><\/noscript><\/div>\n\t\t<\/a>\n\t\t\t\t<div class=\"elementor-post__text\">\n\t\t\t\t<h3 class=\"elementor-post__title\">\n\t\t\t<a href=\"https:\/\/hotelmarinetta.it\/de\/blog\/sehenswurdigkeiten-lucca-und-lucca-comics\/\" >\n\t\t\t\tBesuch in Lucca: Was es zu sehen gibt\t\t\t<\/a>\n\t\t<\/h3>\n\t\t\t\t<div class=\"elementor-post__excerpt\">\n\t\t\t<p>Lassen Sie sich von Lucca mit seinen historischen Mauern, Pl\u00e4tzen und Gesch\u00e4ften verzaubern. Entdecken Sie den toskanischen Charme des Hotels Marinetta.<\/p>\n\t\t<\/div>\n\t\t\t\t<\/div>\n\t\t\t\t<\/article>\n\t\t\t\t<article class=\"elementor-post elementor-grid-item post-6016 post type-post status-publish format-standard has-post-thumbnail hentry category-blog\" role=\"listitem\">\n\t\t\t\t<a class=\"elementor-post__thumbnail__link\" href=\"https:\/\/hotelmarinetta.it\/de\/blog\/bolgheri-reisefuehrer-durch-land-weins\/\" tabindex=\"-1\" >\n\t\t\t<div class=\"elementor-post__thumbnail\"><img loading=\"lazy\" decoding=\"async\" data-src=\"https:\/\/hotelmarinetta.it\/wp-content\/uploads\/2025\/07\/Hd-Bolgheri-768x432.jpg\" width=\"768\" height=\"432\" src=\"data:image\/gif;base64,R0lGODlhAQABAIAAAAAAAP\/\/\/yH5BAEAAAAALAAAAAABAAEAAAIBRAA7\" class=\"attachment-medium_large size-medium_large wp-image-5992 lazyload\" alt=\"Bolgheri\" \/><noscript><img loading=\"lazy\" decoding=\"async\" width=\"768\" height=\"432\" src=\"https:\/\/hotelmarinetta.it\/wp-content\/uploads\/2025\/07\/Hd-Bolgheri-768x432.jpg\" class=\"attachment-medium_large size-medium_large wp-image-5992\" alt=\"Bolgheri\" srcset=\"https:\/\/hotelmarinetta.it\/wp-content\/uploads\/2025\/07\/Hd-Bolgheri-768x432.jpg 768w, https:\/\/hotelmarinetta.it\/wp-content\/uploads\/2025\/07\/Hd-Bolgheri-300x169.jpg 300w, https:\/\/hotelmarinetta.it\/wp-content\/uploads\/2025\/07\/Hd-Bolgheri-1024x576.jpg 1024w, https:\/\/hotelmarinetta.it\/wp-content\/uploads\/2025\/07\/Hd-Bolgheri.jpg 1366w\" sizes=\"(max-width: 768px) 100vw, 768px\" \/><\/noscript><\/div>\n\t\t<\/a>\n\t\t\t\t<div class=\"elementor-post__text\">\n\t\t\t\t<h3 class=\"elementor-post__title\">\n\t\t\t<a href=\"https:\/\/hotelmarinetta.it\/de\/blog\/bolgheri-reisefuehrer-durch-land-weins\/\" >\n\t\t\t\tBolgheri und Wein in der Toskana\t\t\t<\/a>\n\t\t<\/h3>\n\t\t\t\t<div class=\"elementor-post__excerpt\">\n\t\t\t<p>Bolgheri: Reisef\u00fchrer durch das Weinland. Erkunden Sie Bolgheri und seine Weinkultur mit unserem Reisef\u00fchrer, genie\u00dfen Sie die besten Weine der Region.<\/p>\n\t\t<\/div>\n\t\t\t\t<\/div>\n\t\t\t\t<\/article>\n\t\t\t\t<\/div>\n\t\t\n\t\t\t\t\t\t<\/div>\n\t\t\t\t<\/div>\n\t\t\t\t\t<\/div>\n\t\t\t\t<\/div>\n\t\t\t\t<\/div>\n\t\t\t\t<\/div>\n\t\t\t\t\t\t<\/div>\n\t\t\t\t<\/div>\n\t\t\t\t\t<\/div>\n\t\t\t\t<\/div>\n\t\t\t\t<\/div>\n\t\t","protected":false},"excerpt":{"rendered":"<p>Erleben Sie die bl\u00fchenden Lavendelfelder der Toskana mit Farben und D\u00fcften, die den Sommer einleiten, jetzt entdecken.<\/p>\n","protected":false},"author":1,"featured_media":4667,"comment_status":"closed","ping_status":"open","sticky":false,"template":"","format":"standard","meta":{"footnotes":""},"categories":[48],"tags":[],"class_list":["post-6047","post","type-post","status-publish","format-standard","has-post-thumbnail","hentry","category-blog"],"yoast_head":"<!-- This site is optimized with the Yoast SEO plugin v28.4 - https:\/\/yoast.com\/product\/yoast-seo-wordpress\/ -->\n<title>Lavendelfelder in der Toskana | Hotel Marinetta<\/title>\n<meta name=\"robots\" content=\"index, follow, max-snippet:-1, max-image-preview:large, max-video-preview:-1\" \/>\n<link rel=\"canonical\" href=\"https:\/\/hotelmarinetta.it\/de\/blog\/lavendelfelder-toskana\/\" \/>\n<meta property=\"og:locale\" content=\"de_DE\" \/>\n<meta property=\"og:type\" content=\"article\" \/>\n<meta property=\"og:title\" content=\"Lavendelfelder in der Toskana | Hotel Marinetta\" \/>\n<meta property=\"og:description\" content=\"Erleben Sie die bl\u00fchenden Lavendelfelder der Toskana mit Farben und D\u00fcften, die den Sommer einleiten, jetzt entdecken.\" \/>\n<meta property=\"og:url\" content=\"https:\/\/hotelmarinetta.it\/de\/blog\/lavendelfelder-toskana\/\" \/>\n<meta property=\"og:site_name\" content=\"Park Hotel Marinetta\" \/>\n<meta property=\"article:publisher\" content=\"https:\/\/www.facebook.com\/parkhotelmarinetta\" \/>\n<meta property=\"article:published_time\" content=\"2025-05-29T12:25:42+00:00\" \/>\n<meta property=\"article:modified_time\" content=\"2025-07-03T10:02:03+00:00\" \/>\n<meta property=\"og:image\" content=\"https:\/\/hotelmarinetta.it\/wp-content\/uploads\/2025\/05\/Hd-Lavanda.jpg\" \/>\n\t<meta property=\"og:image:width\" content=\"1366\" \/>\n\t<meta property=\"og:image:height\" content=\"768\" \/>\n\t<meta property=\"og:image:type\" content=\"image\/jpeg\" \/>\n<meta name=\"author\" content=\"fritumuv@gmail.com\" \/>\n<meta name=\"twitter:card\" content=\"summary_large_image\" \/>\n<meta name=\"twitter:label1\" content=\"Verfasst von\" \/>\n\t<meta name=\"twitter:data1\" content=\"fritumuv@gmail.com\" \/>\n\t<meta name=\"twitter:label2\" content=\"Gesch\u00e4tzte Lesezeit\" \/>\n\t<meta name=\"twitter:data2\" content=\"2\u00a0Minuten\" \/>\n<script type=\"application\/ld+json\" class=\"yoast-schema-graph\">{\"@context\":\"https:\\\/\\\/schema.org\",\"@graph\":[{\"@type\":\"Article\",\"@id\":\"https:\\\/\\\/hotelmarinetta.it\\\/de\\\/blog\\\/lavendelfelder-toskana\\\/#article\",\"isPartOf\":{\"@id\":\"https:\\\/\\\/hotelmarinetta.it\\\/de\\\/blog\\\/lavendelfelder-toskana\\\/\"},\"author\":{\"name\":\"fritumuv@gmail.com\",\"@id\":\"https:\\\/\\\/hotelmarinetta.it\\\/de\\\/#\\\/schema\\\/person\\\/584739d367c8d0bcc9663ceab4b7a84a\"},\"headline\":\"Lavendelfelder in der Toskana\",\"datePublished\":\"2025-05-29T12:25:42+00:00\",\"dateModified\":\"2025-07-03T10:02:03+00:00\",\"mainEntityOfPage\":{\"@id\":\"https:\\\/\\\/hotelmarinetta.it\\\/de\\\/blog\\\/lavendelfelder-toskana\\\/\"},\"wordCount\":463,\"publisher\":{\"@id\":\"https:\\\/\\\/hotelmarinetta.it\\\/de\\\/#organization\"},\"image\":{\"@id\":\"https:\\\/\\\/hotelmarinetta.it\\\/de\\\/blog\\\/lavendelfelder-toskana\\\/#primaryimage\"},\"thumbnailUrl\":\"https:\\\/\\\/hotelmarinetta.it\\\/wp-content\\\/uploads\\\/2025\\\/05\\\/Hd-Lavanda.jpg\",\"articleSection\":[\"Blog\"],\"inLanguage\":\"de\"},{\"@type\":\"WebPage\",\"@id\":\"https:\\\/\\\/hotelmarinetta.it\\\/de\\\/blog\\\/lavendelfelder-toskana\\\/\",\"url\":\"https:\\\/\\\/hotelmarinetta.it\\\/de\\\/blog\\\/lavendelfelder-toskana\\\/\",\"name\":\"Lavendelfelder in der Toskana | Hotel Marinetta\",\"isPartOf\":{\"@id\":\"https:\\\/\\\/hotelmarinetta.it\\\/de\\\/#website\"},\"primaryImageOfPage\":{\"@id\":\"https:\\\/\\\/hotelmarinetta.it\\\/de\\\/blog\\\/lavendelfelder-toskana\\\/#primaryimage\"},\"image\":{\"@id\":\"https:\\\/\\\/hotelmarinetta.it\\\/de\\\/blog\\\/lavendelfelder-toskana\\\/#primaryimage\"},\"thumbnailUrl\":\"https:\\\/\\\/hotelmarinetta.it\\\/wp-content\\\/uploads\\\/2025\\\/05\\\/Hd-Lavanda.jpg\",\"datePublished\":\"2025-05-29T12:25:42+00:00\",\"dateModified\":\"2025-07-03T10:02:03+00:00\",\"breadcrumb\":{\"@id\":\"https:\\\/\\\/hotelmarinetta.it\\\/de\\\/blog\\\/lavendelfelder-toskana\\\/#breadcrumb\"},\"inLanguage\":\"de\",\"potentialAction\":[{\"@type\":\"ReadAction\",\"target\":[\"https:\\\/\\\/hotelmarinetta.it\\\/de\\\/blog\\\/lavendelfelder-toskana\\\/\"]}]},{\"@type\":\"ImageObject\",\"inLanguage\":\"de\",\"@id\":\"https:\\\/\\\/hotelmarinetta.it\\\/de\\\/blog\\\/lavendelfelder-toskana\\\/#primaryimage\",\"url\":\"https:\\\/\\\/hotelmarinetta.it\\\/wp-content\\\/uploads\\\/2025\\\/05\\\/Hd-Lavanda.jpg\",\"contentUrl\":\"https:\\\/\\\/hotelmarinetta.it\\\/wp-content\\\/uploads\\\/2025\\\/05\\\/Hd-Lavanda.jpg\",\"width\":1366,\"height\":768,\"caption\":\"Campi di lavanda in Toscana\"},{\"@type\":\"BreadcrumbList\",\"@id\":\"https:\\\/\\\/hotelmarinetta.it\\\/de\\\/blog\\\/lavendelfelder-toskana\\\/#breadcrumb\",\"itemListElement\":[{\"@type\":\"ListItem\",\"position\":1,\"name\":\"Home\",\"item\":\"https:\\\/\\\/hotelmarinetta.it\\\/de\\\/\"},{\"@type\":\"ListItem\",\"position\":2,\"name\":\"Blog\",\"item\":\"https:\\\/\\\/hotelmarinetta.it\\\/de\\\/blog\\\/\"},{\"@type\":\"ListItem\",\"position\":3,\"name\":\"Lavendelfelder in der Toskana\"}]},{\"@type\":\"WebSite\",\"@id\":\"https:\\\/\\\/hotelmarinetta.it\\\/de\\\/#website\",\"url\":\"https:\\\/\\\/hotelmarinetta.it\\\/de\\\/\",\"name\":\"Park Hotel Marinetta\",\"description\":\"Resort sul Mare in Toscana\",\"publisher\":{\"@id\":\"https:\\\/\\\/hotelmarinetta.it\\\/de\\\/#organization\"},\"potentialAction\":[{\"@type\":\"SearchAction\",\"target\":{\"@type\":\"EntryPoint\",\"urlTemplate\":\"https:\\\/\\\/hotelmarinetta.it\\\/de\\\/?s={search_term_string}\"},\"query-input\":{\"@type\":\"PropertyValueSpecification\",\"valueRequired\":true,\"valueName\":\"search_term_string\"}}],\"inLanguage\":\"de\"},{\"@type\":\"Organization\",\"@id\":\"https:\\\/\\\/hotelmarinetta.it\\\/de\\\/#organization\",\"name\":\"Park Hotel Marinetta\",\"url\":\"https:\\\/\\\/hotelmarinetta.it\\\/de\\\/\",\"logo\":{\"@type\":\"ImageObject\",\"inLanguage\":\"de\",\"@id\":\"https:\\\/\\\/hotelmarinetta.it\\\/de\\\/#\\\/schema\\\/logo\\\/image\\\/\",\"url\":\"https:\\\/\\\/hotelmarinetta.it\\\/wp-content\\\/uploads\\\/2025\\\/05\\\/Logo-PHM-01.png\",\"contentUrl\":\"https:\\\/\\\/hotelmarinetta.it\\\/wp-content\\\/uploads\\\/2025\\\/05\\\/Logo-PHM-01.png\",\"width\":294,\"height\":89,\"caption\":\"Park Hotel Marinetta\"},\"image\":{\"@id\":\"https:\\\/\\\/hotelmarinetta.it\\\/de\\\/#\\\/schema\\\/logo\\\/image\\\/\"},\"sameAs\":[\"https:\\\/\\\/www.facebook.com\\\/parkhotelmarinetta\",\"https:\\\/\\\/www.instagram.com\\\/parkhotelmarinetta\\\/\"]},{\"@type\":\"Person\",\"@id\":\"https:\\\/\\\/hotelmarinetta.it\\\/de\\\/#\\\/schema\\\/person\\\/584739d367c8d0bcc9663ceab4b7a84a\",\"name\":\"fritumuv@gmail.com\",\"image\":{\"@type\":\"ImageObject\",\"inLanguage\":\"de\",\"@id\":\"https:\\\/\\\/secure.gravatar.com\\\/avatar\\\/528338bab8ff2f7ed85f42685fa7ed3aa659b49ba1c5d15c360680240df86410?s=96&d=mm&r=g\",\"url\":\"https:\\\/\\\/secure.gravatar.com\\\/avatar\\\/528338bab8ff2f7ed85f42685fa7ed3aa659b49ba1c5d15c360680240df86410?s=96&d=mm&r=g\",\"contentUrl\":\"https:\\\/\\\/secure.gravatar.com\\\/avatar\\\/528338bab8ff2f7ed85f42685fa7ed3aa659b49ba1c5d15c360680240df86410?s=96&d=mm&r=g\",\"caption\":\"fritumuv@gmail.com\"}}]}<\/script>\n<!-- \/ Yoast SEO plugin. -->","yoast_head_json":{"title":"Lavendelfelder in der Toskana | Hotel Marinetta","robots":{"index":"index","follow":"follow","max-snippet":"max-snippet:-1","max-image-preview":"max-image-preview:large","max-video-preview":"max-video-preview:-1"},"canonical":"https:\/\/hotelmarinetta.it\/de\/blog\/lavendelfelder-toskana\/","og_locale":"de_DE","og_type":"article","og_title":"Lavendelfelder in der Toskana | Hotel Marinetta","og_description":"Erleben Sie die bl\u00fchenden Lavendelfelder der Toskana mit Farben und D\u00fcften, die den Sommer einleiten, jetzt entdecken.","og_url":"https:\/\/hotelmarinetta.it\/de\/blog\/lavendelfelder-toskana\/","og_site_name":"Park Hotel Marinetta","article_publisher":"https:\/\/www.facebook.com\/parkhotelmarinetta","article_published_time":"2025-05-29T12:25:42+00:00","article_modified_time":"2025-07-03T10:02:03+00:00","og_image":[{"width":1366,"height":768,"url":"https:\/\/hotelmarinetta.it\/wp-content\/uploads\/2025\/05\/Hd-Lavanda.jpg","type":"image\/jpeg"}],"author":"fritumuv@gmail.com","twitter_card":"summary_large_image","twitter_misc":{"Verfasst von":"fritumuv@gmail.com","Gesch\u00e4tzte Lesezeit":"2\u00a0Minuten"},"schema":{"@context":"https:\/\/schema.org","@graph":[{"@type":"Article","@id":"https:\/\/hotelmarinetta.it\/de\/blog\/lavendelfelder-toskana\/#article","isPartOf":{"@id":"https:\/\/hotelmarinetta.it\/de\/blog\/lavendelfelder-toskana\/"},"author":{"name":"fritumuv@gmail.com","@id":"https:\/\/hotelmarinetta.it\/de\/#\/schema\/person\/584739d367c8d0bcc9663ceab4b7a84a"},"headline":"Lavendelfelder in der Toskana","datePublished":"2025-05-29T12:25:42+00:00","dateModified":"2025-07-03T10:02:03+00:00","mainEntityOfPage":{"@id":"https:\/\/hotelmarinetta.it\/de\/blog\/lavendelfelder-toskana\/"},"wordCount":463,"publisher":{"@id":"https:\/\/hotelmarinetta.it\/de\/#organization"},"image":{"@id":"https:\/\/hotelmarinetta.it\/de\/blog\/lavendelfelder-toskana\/#primaryimage"},"thumbnailUrl":"https:\/\/hotelmarinetta.it\/wp-content\/uploads\/2025\/05\/Hd-Lavanda.jpg","articleSection":["Blog"],"inLanguage":"de"},{"@type":"WebPage","@id":"https:\/\/hotelmarinetta.it\/de\/blog\/lavendelfelder-toskana\/","url":"https:\/\/hotelmarinetta.it\/de\/blog\/lavendelfelder-toskana\/","name":"Lavendelfelder in der Toskana | Hotel Marinetta","isPartOf":{"@id":"https:\/\/hotelmarinetta.it\/de\/#website"},"primaryImageOfPage":{"@id":"https:\/\/hotelmarinetta.it\/de\/blog\/lavendelfelder-toskana\/#primaryimage"},"image":{"@id":"https:\/\/hotelmarinetta.it\/de\/blog\/lavendelfelder-toskana\/#primaryimage"},"thumbnailUrl":"https:\/\/hotelmarinetta.it\/wp-content\/uploads\/2025\/05\/Hd-Lavanda.jpg","datePublished":"2025-05-29T12:25:42+00:00","dateModified":"2025-07-03T10:02:03+00:00","breadcrumb":{"@id":"https:\/\/hotelmarinetta.it\/de\/blog\/lavendelfelder-toskana\/#breadcrumb"},"inLanguage":"de","potentialAction":[{"@type":"ReadAction","target":["https:\/\/hotelmarinetta.it\/de\/blog\/lavendelfelder-toskana\/"]}]},{"@type":"ImageObject","inLanguage":"de","@id":"https:\/\/hotelmarinetta.it\/de\/blog\/lavendelfelder-toskana\/#primaryimage","url":"https:\/\/hotelmarinetta.it\/wp-content\/uploads\/2025\/05\/Hd-Lavanda.jpg","contentUrl":"https:\/\/hotelmarinetta.it\/wp-content\/uploads\/2025\/05\/Hd-Lavanda.jpg","width":1366,"height":768,"caption":"Campi di lavanda in Toscana"},{"@type":"BreadcrumbList","@id":"https:\/\/hotelmarinetta.it\/de\/blog\/lavendelfelder-toskana\/#breadcrumb","itemListElement":[{"@type":"ListItem","position":1,"name":"Home","item":"https:\/\/hotelmarinetta.it\/de\/"},{"@type":"ListItem","position":2,"name":"Blog","item":"https:\/\/hotelmarinetta.it\/de\/blog\/"},{"@type":"ListItem","position":3,"name":"Lavendelfelder in der Toskana"}]},{"@type":"WebSite","@id":"https:\/\/hotelmarinetta.it\/de\/#website","url":"https:\/\/hotelmarinetta.it\/de\/","name":"Park Hotel Marinetta","description":"Resort sul Mare in Toscana","publisher":{"@id":"https:\/\/hotelmarinetta.it\/de\/#organization"},"potentialAction":[{"@type":"SearchAction","target":{"@type":"EntryPoint","urlTemplate":"https:\/\/hotelmarinetta.it\/de\/?s={search_term_string}"},"query-input":{"@type":"PropertyValueSpecification","valueRequired":true,"valueName":"search_term_string"}}],"inLanguage":"de"},{"@type":"Organization","@id":"https:\/\/hotelmarinetta.it\/de\/#organization","name":"Park Hotel Marinetta","url":"https:\/\/hotelmarinetta.it\/de\/","logo":{"@type":"ImageObject","inLanguage":"de","@id":"https:\/\/hotelmarinetta.it\/de\/#\/schema\/logo\/image\/","url":"https:\/\/hotelmarinetta.it\/wp-content\/uploads\/2025\/05\/Logo-PHM-01.png","contentUrl":"https:\/\/hotelmarinetta.it\/wp-content\/uploads\/2025\/05\/Logo-PHM-01.png","width":294,"height":89,"caption":"Park Hotel Marinetta"},"image":{"@id":"https:\/\/hotelmarinetta.it\/de\/#\/schema\/logo\/image\/"},"sameAs":["https:\/\/www.facebook.com\/parkhotelmarinetta","https:\/\/www.instagram.com\/parkhotelmarinetta\/"]},{"@type":"Person","@id":"https:\/\/hotelmarinetta.it\/de\/#\/schema\/person\/584739d367c8d0bcc9663ceab4b7a84a","name":"fritumuv@gmail.com","image":{"@type":"ImageObject","inLanguage":"de","@id":"https:\/\/secure.gravatar.com\/avatar\/528338bab8ff2f7ed85f42685fa7ed3aa659b49ba1c5d15c360680240df86410?s=96&d=mm&r=g","url":"https:\/\/secure.gravatar.com\/avatar\/528338bab8ff2f7ed85f42685fa7ed3aa659b49ba1c5d15c360680240df86410?s=96&d=mm&r=g","contentUrl":"https:\/\/secure.gravatar.com\/avatar\/528338bab8ff2f7ed85f42685fa7ed3aa659b49ba1c5d15c360680240df86410?s=96&d=mm&r=g","caption":"fritumuv@gmail.com"}}]}},"_links":{"self":[{"href":"https:\/\/hotelmarinetta.it\/de\/wp-json\/wp\/v2\/posts\/6047","targetHints":{"allow":["GET"]}}],"collection":[{"href":"https:\/\/hotelmarinetta.it\/de\/wp-json\/wp\/v2\/posts"}],"about":[{"href":"https:\/\/hotelmarinetta.it\/de\/wp-json\/wp\/v2\/types\/post"}],"author":[{"embeddable":true,"href":"https:\/\/hotelmarinetta.it\/de\/wp-json\/wp\/v2\/users\/1"}],"replies":[{"embeddable":true,"href":"https:\/\/hotelmarinetta.it\/de\/wp-json\/wp\/v2\/comments?post=6047"}],"version-history":[{"count":1,"href":"https:\/\/hotelmarinetta.it\/de\/wp-json\/wp\/v2\/posts\/6047\/revisions"}],"predecessor-version":[{"id":6048,"href":"https:\/\/hotelmarinetta.it\/de\/wp-json\/wp\/v2\/posts\/6047\/revisions\/6048"}],"wp:featuredmedia":[{"embeddable":true,"href":"https:\/\/hotelmarinetta.it\/de\/wp-json\/wp\/v2\/media\/4667"}],"wp:attachment":[{"href":"https:\/\/hotelmarinetta.it\/de\/wp-json\/wp\/v2\/media?parent=6047"}],"wp:term":[{"taxonomy":"category","embeddable":true,"href":"https:\/\/hotelmarinetta.it\/de\/wp-json\/wp\/v2\/categories?post=6047"},{"taxonomy":"post_tag","embeddable":true,"href":"https:\/\/hotelmarinetta.it\/de\/wp-json\/wp\/v2\/tags?post=6047"}],"curies":[{"name":"wp","href":"https:\/\/api.w.org\/{rel}","templated":true}]}}